{"id":85714,"date":"2026-05-02T06:00:00","date_gmt":"2026-05-02T09:00:00","guid":{"rendered":"https:\/\/redept.com.br\/blogosfera\/apos-1o-encontro-na-colombia-coalizao-de-paises-pelo-fim-dos-combustiveis-fosseis-espera-a-adesao-de-china-e-africa\/"},"modified":"2026-05-02T06:00:00","modified_gmt":"2026-05-02T09:00:00","slug":"apos-1o-encontro-na-colombia-coalizao-de-paises-pelo-fim-dos-combustiveis-fosseis-espera-a-adesao-de-china-e-africa","status":"publish","type":"post","link":"https:\/\/redept.com.br\/blogosfera\/apos-1o-encontro-na-colombia-coalizao-de-paises-pelo-fim-dos-combustiveis-fosseis-espera-a-adesao-de-china-e-africa\/","title":{"rendered":"Ap\u00f3s 1\u00ba encontro na Col\u00f4mbia, coaliz\u00e3o de pa\u00edses pelo fim dos combust\u00edveis f\u00f3sseis espera a ades\u00e3o de China e \u00c1frica"},"content":{"rendered":"<p>Os pa\u00edses que participaram da 1\u00aa Confer\u00eancia sobre a Transi\u00e7\u00e3o para Longe dos Combust\u00edveis F\u00f3sseis, em Santa Marta, na Col\u00f4mbia, que terminou na quarta-feira (29), pretendem ampliar o n\u00famero de na\u00e7\u00f5es do bloco, entre eles, China e o Grupo Africano de Negociadores (AGN), composi\u00e7\u00e3o de 54 na\u00e7\u00f5es africanas que participam da UNFCCC (Conven\u00e7\u00e3o-Quadro das Na\u00e7\u00f5es [\u2026]<\/p>\n<p><a href=\"https:\/\/www.brasildefato.com.br\/2026\/05\/02\/apos-1o-encontro-na-colombia-coalizao-de-paises-pelo-fim-dos-combustiveis-fosseis-espera-a-adesao-de-china-e-africa\/\" rel=\"nofollow\">Fonte<\/a><\/p>\n<!-- Begin Yuzo --><div class='yuzo_related_post style-1'  data-version='5.12.89'><!-- without result --><div class='yuzo_clearfixed yuzo__title yuzo__title'><h3>Related Post<\/h3><\/div>\n\t\t\t\t\t\t  <div class=\"relatedthumb \" style=\"width:125px;float:left;overflow:hidden;\">  \n\t\t\t\t\t\t\t  \n\t\t\t\t\t\t\t  <a  href=\"https:\/\/redept.com.br\/blogosfera\/mst-celebra-80-anos-de-pedro-xapuri-militante-historico-da-luta-pela-terra-em-sp\/\"  >\n\t\t\t\t\t\t\t\t\t  <div class=\"yuzo-img-wrap \" style=\"width: 125px;height:90px;\">\n\t\t\t\t\t\t\t\t\t\t\n\t\t\t\t\t\t\t\t\t\t<div class=\"yuzo-img\" style=\"background:url('https:\/\/redept.com.br\/blogosfera\/wp-content\/uploads\/2025\/05\/1C6F5767-1024x683-1-150x150.jpeg') 50% 50% no-repeat;width: 125px;height:90px;margin-bottom: 5px;background-size: cover; \"><\/div>\n\t\t\t\t\t\t\t\t\t  <\/div>\n\t\t\t\t\t\t\t\t\t  \n\t\t\t\t\t\t\t\t   <span class=\"yuzo__text--title\" style=\"font-size:13px;\">MST celebra 80 anos de Pedro Xapuri, militante his...<\/span>\n\t\t\t\t\t\t\t  \n\t\t\t\t\t\t\t  \n\t\t\t\t\t\t\t  <\/a>\n\n\t\t\t\t\t\t  <\/div>\n\t\t\t\t\t\t  <div class=\"relatedthumb \" style=\"width:125px;float:left;overflow:hidden;\">  \n\t\t\t\t\t\t\t  \n\t\t\t\t\t\t\t  <a  href=\"https:\/\/redept.com.br\/blogosfera\/confianca-do-consumidor-registra-segunda-alta-consecutiva-diz-fgv\/\"  >\n\t\t\t\t\t\t\t\t\t  <div class=\"yuzo-img-wrap \" style=\"width: 125px;height:90px;\">\n\t\t\t\t\t\t\t\t\t\t\n\t\t\t\t\t\t\t\t\t\t<div class=\"yuzo-img\" style=\"background:url('https:\/\/redept.org\/blogosfera\/wp-content\/plugins\/yuzo-related-post\/assets\/images\/default.png') 50% 50% no-repeat;width: 125px;height:90px;margin-bottom: 5px;background-size: cover; \"><\/div>\n\t\t\t\t\t\t\t\t\t  <\/div>\n\t\t\t\t\t\t\t\t\t  \n\t\t\t\t\t\t\t\t   <span class=\"yuzo__text--title\" style=\"font-size:13px;\">Confian\u00e7a do Consumidor registra segunda alta cons...<\/span>\n\t\t\t\t\t\t\t  \n\t\t\t\t\t\t\t  \n\t\t\t\t\t\t\t  <\/a>\n\n\t\t\t\t\t\t  <\/div>\n\t\t\t\t\t\t  <div class=\"relatedthumb \" style=\"width:125px;float:left;overflow:hidden;\">  \n\t\t\t\t\t\t\t  \n\t\t\t\t\t\t\t  <a  href=\"https:\/\/redept.com.br\/blogosfera\/turismo-em-alta-brasil-e-o-5o-destino-mais-procurado\/\"  >\n\t\t\t\t\t\t\t\t\t  <div class=\"yuzo-img-wrap \" style=\"width: 125px;height:90px;\">\n\t\t\t\t\t\t\t\t\t\t\n\t\t\t\t\t\t\t\t\t\t<div class=\"yuzo-img\" style=\"background:url('https:\/\/redept.org\/blogosfera\/wp-content\/plugins\/yuzo-related-post\/assets\/images\/default.png') 50% 50% no-repeat;width: 125px;height:90px;margin-bottom: 5px;background-size: cover; \"><\/div>\n\t\t\t\t\t\t\t\t\t  <\/div>\n\t\t\t\t\t\t\t\t\t  \n\t\t\t\t\t\t\t\t   <span class=\"yuzo__text--title\" style=\"font-size:13px;\">Turismo em alta: Brasil \u00e9 o 5\u00ba destino mais procur...<\/span>\n\t\t\t\t\t\t\t  \n\t\t\t\t\t\t\t  \n\t\t\t\t\t\t\t  <\/a>\n\n\t\t\t\t\t\t  <\/div>\n\t\t\t\t\t\t  <div class=\"relatedthumb \" style=\"width:125px;float:left;overflow:hidden;\">  \n\t\t\t\t\t\t\t  \n\t\t\t\t\t\t\t  <a  href=\"https:\/\/redept.com.br\/blogosfera\/governo-suspende-portaria-do-trabalho-em-feriados-e-abre-nova-rodada-de-negociacoes\/\"  >\n\t\t\t\t\t\t\t\t\t  <div class=\"yuzo-img-wrap \" style=\"width: 125px;height:90px;\">\n\t\t\t\t\t\t\t\t\t\t\n\t\t\t\t\t\t\t\t\t\t<div class=\"yuzo-img\" style=\"background:url('https:\/\/redept.com.br\/blogosfera\/wp-content\/uploads\/2026\/02\/guiomar-vidor-150x150.png') 50% 50% no-repeat;width: 125px;height:90px;margin-bottom: 5px;background-size: cover; \"><\/div>\n\t\t\t\t\t\t\t\t\t  <\/div>\n\t\t\t\t\t\t\t\t\t  \n\t\t\t\t\t\t\t\t   <span class=\"yuzo__text--title\" style=\"font-size:13px;\">Governo suspende portaria do trabalho em feriados ...<\/span>\n\t\t\t\t\t\t\t  \n\t\t\t\t\t\t\t  \n\t\t\t\t\t\t\t  <\/a>\n\n\t\t\t\t\t\t  <\/div>\n<\/div> <script>\n\t\t\t\t\t\t  jQuery(document).ready(function( $ ){\n\t\t\t\t\t\t\t\/\/jQuery('.yuzo_related_post').equalizer({ overflow : 'relatedthumb' });\n\t\t\t\t\t\t\tjQuery('.yuzo_related_post .yuzo_wraps').equalizer({ columns : '> div' });\n\t\t\t\t\t\t   })\n\t\t\t\t\t\t  <\/script> <!-- End Yuzo :) -->","protected":false},"excerpt":{"rendered":"<p>Os pa\u00edses que participaram da 1\u00aa Confer\u00eancia sobre a Transi\u00e7\u00e3o para Longe dos Combust\u00edveis F\u00f3sseis, em Santa Marta, na Col\u00f4mbia, que terminou na quarta-feira (29), pretendem ampliar o n\u00famero de na\u00e7\u00f5es do bloco, entre eles, China e o Grupo Africano de Negociadores (AGN), composi\u00e7\u00e3o de 54 na\u00e7\u00f5es africanas que participam da UNFCCC (Conven\u00e7\u00e3o-Quadro das Na\u00e7\u00f5es [&hellip;]<\/p>\n","protected":false},"author":2,"featured_media":0,"comment_status":"open","ping_status":"closed","sticky":false,"template":"","format":"standard","meta":{"fifu_image_url":"","fifu_image_alt":"","footnotes":""},"categories":[53793,2975,1047,34950,894,749,292,53794,4013,1787,2519,29550,154,1426,5808,40681,50377,53795,7595,50,232,1002,14082,53796,53797,53798,2827,53799,53800,29090,53801,553,2599,53802,4136],"tags":[],"class_list":["post-85714","post","type-post","status-publish","format-standard","hentry","category-1a-conferencia-transicao-combustiveis-fosseis","category-2975","category-africa","category-arquitetura-financeira","category-belem","category-carvao","category-china","category-claudio-angelo","category-coalizao","category-colombia","category-cop30","category-cop31","category-crise-climatica","category-crise-energetica","category-energia-renovavel","category-escassez-de-energia","category-fim-dos-combustiveis-fosseis","category-grupo-africano-de-negociadores","category-holanda","category-internacional","category-irlanda","category-mudanca-climatica","category-observatorio-do-clima","category-painel-cientifico","category-pais-insular","category-paises-africanos","category-petroleo","category-produtores-e-consumidores","category-roteiro-transicao","category-santa-marta","category-submersao","category-transicao-energetica","category-turquia","category-tuvalu","category-unfccc"],"_links":{"self":[{"href":"https:\/\/redept.com.br\/blogosfera\/wp-json\/wp\/v2\/posts\/85714","targetHints":{"allow":["GET"]}}],"collection":[{"href":"https:\/\/redept.com.br\/blogosfera\/wp-json\/wp\/v2\/posts"}],"about":[{"href":"https:\/\/redept.com.br\/blogosfera\/wp-json\/wp\/v2\/types\/post"}],"author":[{"embeddable":true,"href":"https:\/\/redept.com.br\/blogosfera\/wp-json\/wp\/v2\/users\/2"}],"replies":[{"embeddable":true,"href":"https:\/\/redept.com.br\/blogosfera\/wp-json\/wp\/v2\/comments?post=85714"}],"version-history":[{"count":0,"href":"https:\/\/redept.com.br\/blogosfera\/wp-json\/wp\/v2\/posts\/85714\/revisions"}],"wp:attachment":[{"href":"https:\/\/redept.com.br\/blogosfera\/wp-json\/wp\/v2\/media?parent=85714"}],"wp:term":[{"taxonomy":"category","embeddable":true,"href":"https:\/\/redept.com.br\/blogosfera\/wp-json\/wp\/v2\/categories?post=85714"},{"taxonomy":"post_tag","embeddable":true,"href":"https:\/\/redept.com.br\/blogosfera\/wp-json\/wp\/v2\/tags?post=85714"}],"curies":[{"name":"wp","href":"https:\/\/api.w.org\/{rel}","templated":true}]}}