{"id":85768,"date":"2026-05-02T16:15:52","date_gmt":"2026-05-02T19:15:52","guid":{"rendered":"https:\/\/redept.com.br\/blogosfera\/alemanha-diz-que-ira-humilhou-eua-e-trump-reage-anunciando-a-retirada-de-5-mil-soldados-estadunidenses-do-pais\/"},"modified":"2026-05-02T16:15:52","modified_gmt":"2026-05-02T19:15:52","slug":"alemanha-diz-que-ira-humilhou-eua-e-trump-reage-anunciando-a-retirada-de-5-mil-soldados-estadunidenses-do-pais","status":"publish","type":"post","link":"https:\/\/redept.com.br\/blogosfera\/alemanha-diz-que-ira-humilhou-eua-e-trump-reage-anunciando-a-retirada-de-5-mil-soldados-estadunidenses-do-pais\/","title":{"rendered":"Alemanha diz que Ir\u00e3 \u2018humilhou\u2019 EUA e Trump reage anunciando a retirada de 5 mil soldados estadunidenses do pa\u00eds"},"content":{"rendered":"<p>A Alemanha e a Otan defenderam, neste s\u00e1bado (2), o refor\u00e7o da autonomia de defesa da Europa depois que os Estados Unidos anunciaram a pr\u00f3xima retirada de cinco mil soldados posicionados no pa\u00eds germ\u00e2nico. A decis\u00e3o do presidente estadunidense, Donald Trump, ocorre ap\u00f3s o governo alem\u00e3o ter declarado que o Ir\u00e3 \u201chumilhou\u201d os EUA na [\u2026]<\/p>\n<p><a href=\"https:\/\/www.brasildefato.com.br\/2026\/05\/02\/alemanha-diz-que-ira-humilhou-eua-e-trump-reage-anunciando-a-retirada-de-5-mil-soldados-estadunidense-do-pais\/\" rel=\"nofollow\">Fonte<\/a><\/p>\n<!-- Begin Yuzo --><div class='yuzo_related_post style-1'  data-version='5.12.89'><!-- without result --><div class='yuzo_clearfixed yuzo__title yuzo__title'><h3>Related Post<\/h3><\/div>\n\t\t\t\t\t\t  <div class=\"relatedthumb \" style=\"width:125px;float:left;overflow:hidden;\">  \n\t\t\t\t\t\t\t  \n\t\t\t\t\t\t\t  <a  href=\"https:\/\/redept.com.br\/blogosfera\/neste-domingo-8-milhares-vao-as-ruas-em-todo-o-pais-pelos-direitos-e-pela-vida-das-mulheres\/\"  >\n\t\t\t\t\t\t\t\t\t  <div class=\"yuzo-img-wrap \" style=\"width: 125px;height:90px;\">\n\t\t\t\t\t\t\t\t\t\t\n\t\t\t\t\t\t\t\t\t\t<div class=\"yuzo-img\" style=\"background:url('https:\/\/redept.org\/blogosfera\/wp-content\/plugins\/yuzo-related-post\/assets\/images\/default.png') 50% 50% no-repeat;width: 125px;height:90px;margin-bottom: 5px;background-size: cover; \"><\/div>\n\t\t\t\t\t\t\t\t\t  <\/div>\n\t\t\t\t\t\t\t\t\t  \n\t\t\t\t\t\t\t\t   <span class=\"yuzo__text--title\" style=\"font-size:13px;\">Neste domingo (8), milhares v\u00e3o \u00e0s ruas, em todo o...<\/span>\n\t\t\t\t\t\t\t  \n\t\t\t\t\t\t\t  \n\t\t\t\t\t\t\t  <\/a>\n\n\t\t\t\t\t\t  <\/div>\n\t\t\t\t\t\t  <div class=\"relatedthumb \" style=\"width:125px;float:left;overflow:hidden;\">  \n\t\t\t\t\t\t\t  \n\t\t\t\t\t\t\t  <a  href=\"https:\/\/redept.com.br\/blogosfera\/julgamento-do-marco-civil-da-internet-e-decisivo-para-liberdade-de-expressao-avalia-advogada\/\"  >\n\t\t\t\t\t\t\t\t\t  <div class=\"yuzo-img-wrap \" style=\"width: 125px;height:90px;\">\n\t\t\t\t\t\t\t\t\t\t\n\t\t\t\t\t\t\t\t\t\t<div class=\"yuzo-img\" style=\"background:url('https:\/\/redept.org\/blogosfera\/wp-content\/plugins\/yuzo-related-post\/assets\/images\/default.png') 50% 50% no-repeat;width: 125px;height:90px;margin-bottom: 5px;background-size: cover; \"><\/div>\n\t\t\t\t\t\t\t\t\t  <\/div>\n\t\t\t\t\t\t\t\t\t  \n\t\t\t\t\t\t\t\t   <span class=\"yuzo__text--title\" style=\"font-size:13px;\">Julgamento do Marco Civil da Internet \u00e9 decisivo p...<\/span>\n\t\t\t\t\t\t\t  \n\t\t\t\t\t\t\t  \n\t\t\t\t\t\t\t  <\/a>\n\n\t\t\t\t\t\t  <\/div>\n\t\t\t\t\t\t  <div class=\"relatedthumb \" style=\"width:125px;float:left;overflow:hidden;\">  \n\t\t\t\t\t\t\t  \n\t\t\t\t\t\t\t  <a  href=\"https:\/\/redept.com.br\/blogosfera\/madagascar-recebe-apoio-da-africa-do-sul-para-ingressar-no-brics-como-pais-parceiro\/\"  >\n\t\t\t\t\t\t\t\t\t  <div class=\"yuzo-img-wrap \" style=\"width: 125px;height:90px;\">\n\t\t\t\t\t\t\t\t\t\t\n\t\t\t\t\t\t\t\t\t\t<div class=\"yuzo-img\" style=\"background:url('https:\/\/redept.org\/blogosfera\/wp-content\/plugins\/yuzo-related-post\/assets\/images\/default.png') 50% 50% no-repeat;width: 125px;height:90px;margin-bottom: 5px;background-size: cover; \"><\/div>\n\t\t\t\t\t\t\t\t\t  <\/div>\n\t\t\t\t\t\t\t\t\t  \n\t\t\t\t\t\t\t\t   <span class=\"yuzo__text--title\" style=\"font-size:13px;\">Madagascar recebe apoio da \u00c1frica do Sul para ingr...<\/span>\n\t\t\t\t\t\t\t  \n\t\t\t\t\t\t\t  \n\t\t\t\t\t\t\t  <\/a>\n\n\t\t\t\t\t\t  <\/div>\n\t\t\t\t\t\t  <div class=\"relatedthumb \" style=\"width:125px;float:left;overflow:hidden;\">  \n\t\t\t\t\t\t\t  \n\t\t\t\t\t\t\t  <a  href=\"https:\/\/redept.com.br\/blogosfera\/dom-e-bruno-3-anos-apos-crime-vale-do-javari-continua-sob-ameaca\/\"  >\n\t\t\t\t\t\t\t\t\t  <div class=\"yuzo-img-wrap \" style=\"width: 125px;height:90px;\">\n\t\t\t\t\t\t\t\t\t\t\n\t\t\t\t\t\t\t\t\t\t<div class=\"yuzo-img\" style=\"background:url('https:\/\/redept.com.br\/blogosfera\/wp-content\/uploads\/2025\/06\/bdf-20250605-203446-6766c2-150x150.webp') 50% 50% no-repeat;width: 125px;height:90px;margin-bottom: 5px;background-size: cover; \"><\/div>\n\t\t\t\t\t\t\t\t\t  <\/div>\n\t\t\t\t\t\t\t\t\t  \n\t\t\t\t\t\t\t\t   <span class=\"yuzo__text--title\" style=\"font-size:13px;\">Dom e Bruno: 3 anos ap\u00f3s crime, Vale do Javari con...<\/span>\n\t\t\t\t\t\t\t  \n\t\t\t\t\t\t\t  \n\t\t\t\t\t\t\t  <\/a>\n\n\t\t\t\t\t\t  <\/div>\n<\/div> <script>\n\t\t\t\t\t\t  jQuery(document).ready(function( $ ){\n\t\t\t\t\t\t\t\/\/jQuery('.yuzo_related_post').equalizer({ overflow : 'relatedthumb' });\n\t\t\t\t\t\t\tjQuery('.yuzo_related_post .yuzo_wraps').equalizer({ columns : '> div' });\n\t\t\t\t\t\t   })\n\t\t\t\t\t\t  <\/script> <!-- End Yuzo :) -->","protected":false},"excerpt":{"rendered":"<p>A Alemanha e a Otan defenderam, neste s\u00e1bado (2), o refor\u00e7o da autonomia de defesa da Europa depois que os Estados Unidos anunciaram a pr\u00f3xima retirada de cinco mil soldados posicionados no pa\u00eds germ\u00e2nico. A decis\u00e3o do presidente estadunidense, Donald Trump, ocorre ap\u00f3s o governo alem\u00e3o ter declarado que o Ir\u00e3 \u201chumilhou\u201d os EUA na [&hellip;]<\/p>\n","protected":false},"author":2,"featured_media":0,"comment_status":"open","ping_status":"closed","sticky":false,"template":"","format":"standard","meta":{"fifu_image_url":"","fifu_image_alt":"","footnotes":""},"categories":[463,2356,3506,53887,8712,6280,53888,9943,38761,1026,1023,394,40181,40,53889,2984,53890,23,41360,50,41,238,2148,4492,44937,53891,35877,53892,43,72,13988],"tags":[],"class_list":["post-85768","post","type-post","status-publish","format-standard","hentry","category-alemanha","category-aliados","category-armas-nucleares","category-autonomia-de-defesa","category-bases-militares","category-berlim","category-boris-pistorius","category-crise-diplomatica","category-defesa-europeia","category-diplomacia","category-donald-trump","category-estados-unidos","category-estrategia-militar","category-europa","category-exercito-alemao","category-friedrich-merz","category-gastos-em-defesa","category-guerra","category-humilhacao","category-internacional","category-ira","category-oriente-medio","category-otan","category-pentagono","category-potencias-mundiais","category-ramstein","category-relacoes-transatlanticas","category-retirada-de-tropas","category-russia","category-seguranca","category-washington"],"_links":{"self":[{"href":"https:\/\/redept.com.br\/blogosfera\/wp-json\/wp\/v2\/posts\/85768","targetHints":{"allow":["GET"]}}],"collection":[{"href":"https:\/\/redept.com.br\/blogosfera\/wp-json\/wp\/v2\/posts"}],"about":[{"href":"https:\/\/redept.com.br\/blogosfera\/wp-json\/wp\/v2\/types\/post"}],"author":[{"embeddable":true,"href":"https:\/\/redept.com.br\/blogosfera\/wp-json\/wp\/v2\/users\/2"}],"replies":[{"embeddable":true,"href":"https:\/\/redept.com.br\/blogosfera\/wp-json\/wp\/v2\/comments?post=85768"}],"version-history":[{"count":0,"href":"https:\/\/redept.com.br\/blogosfera\/wp-json\/wp\/v2\/posts\/85768\/revisions"}],"wp:attachment":[{"href":"https:\/\/redept.com.br\/blogosfera\/wp-json\/wp\/v2\/media?parent=85768"}],"wp:term":[{"taxonomy":"category","embeddable":true,"href":"https:\/\/redept.com.br\/blogosfera\/wp-json\/wp\/v2\/categories?post=85768"},{"taxonomy":"post_tag","embeddable":true,"href":"https:\/\/redept.com.br\/blogosfera\/wp-json\/wp\/v2\/tags?post=85768"}],"curies":[{"name":"wp","href":"https:\/\/api.w.org\/{rel}","templated":true}]}}