{"id":85818,"date":"2026-05-03T07:14:12","date_gmt":"2026-05-03T10:14:12","guid":{"rendered":"https:\/\/redept.com.br\/blogosfera\/pago-luz-e-agua-ha-mais-de-um-ano-e-eles-vem-e-derrubam-a-casa-da-gente\/"},"modified":"2026-05-03T07:14:12","modified_gmt":"2026-05-03T10:14:12","slug":"pago-luz-e-agua-ha-mais-de-um-ano-e-eles-vem-e-derrubam-a-casa-da-gente","status":"publish","type":"post","link":"https:\/\/redept.com.br\/blogosfera\/pago-luz-e-agua-ha-mais-de-um-ano-e-eles-vem-e-derrubam-a-casa-da-gente\/","title":{"rendered":"\u201cPago luz e \u00e1gua h\u00e1 mais de um ano, e eles v\u00eam e derrubam a casa da gente\u201d"},"content":{"rendered":"<p><img fetchpriority=\"high\" width=\"1920\" height=\"1280\"src=\"https:\/\/redept.com.br\/blogosfera\/wp-content\/uploads\/2026\/05\/P8-_-Joinville.jpg\" alt=\"JOINVILLE. PROTESTO. Fam\u00edlias lutam contra despejo em Santa Catarina. Foto: JAV\/SC\" link_thumbnail=\"\" decoding=\"async\" srcset=\"https:\/\/redept.com.br\/blogosfera\/wp-content\/uploads\/2026\/05\/P8-_-Joinville.jpg 1920w, https:\/\/averdade.org.br\/wp-content\/uploads\/2026\/05\/P8-_-Joinville-350x233.jpg 350w, https:\/\/averdade.org.br\/wp-content\/uploads\/2026\/05\/P8-_-Joinville-1024x683.jpg 1024w, https:\/\/averdade.org.br\/wp-content\/uploads\/2026\/05\/P8-_-Joinville-250x167.jpg 250w, https:\/\/averdade.org.br\/wp-content\/uploads\/2026\/05\/P8-_-Joinville-768x512.jpg 768w, https:\/\/averdade.org.br\/wp-content\/uploads\/2026\/05\/P8-_-Joinville-1536x1024.jpg 1536w, https:\/\/averdade.org.br\/wp-content\/uploads\/2026\/05\/P8-_-Joinville-150x100.jpg 150w, https:\/\/averdade.org.br\/wp-content\/uploads\/2026\/05\/P8-_-Joinville-300x200.jpg 300w, https:\/\/averdade.org.br\/wp-content\/uploads\/2026\/05\/P8-_-Joinville-696x464.jpg 696w, https:\/\/averdade.org.br\/wp-content\/uploads\/2026\/05\/P8-_-Joinville-1068x712.jpg 1068w\" sizes=\"(max-width: 1920px) 100vw, 1920px\"><\/p>\n<p><strong>O Movimento de Luta nos Bairros (MLB) tem enfrentado a viol\u00eancia do Estado e das construtoras em Joinville (SC), onde fam\u00edlias pobres do bairro Ulysses Guimar\u00e3es sofrem remo\u00e7\u00f5es e demoli\u00e7\u00f5es de suas casas. <\/strong><\/p>\n<p><b>Kau\u00ea de Oliveira (SC) e\u00a0<\/b><b>Selma Almeida (SP)<\/b><\/p>\n<hr>\n<p><span><strong>LUTA POPULAR \u2013 <\/strong>O Movimento de Luta nos Bairros (MLB), desde sua cria\u00e7\u00e3o, luta contra as remo\u00e7\u00f5es de fam\u00edlias de suas casas. Por causa do pre\u00e7o da terra, a maioria esmagadora da popula\u00e7\u00e3o, que vive com at\u00e9 um sal\u00e1rio m\u00ednimo, \u00e9 obrigada a ocupar terrenos para construir suas casas simples e humildes.<\/span><\/p>\n<p><span>A verdade \u00e9 que o Estado, que deveria cuidar e resolver esse problema, \u00e9 tamb\u00e9m o causador dele. E a quest\u00e3o se agrava, pois a \u00fanica forma que o Estado encontra para \u201cresolver\u201d o problema da habita\u00e7\u00e3o \u00e9 atrav\u00e9s de muita viol\u00eancia e arbitrariedade, usando seu bra\u00e7o armado, que \u00e9 a pol\u00edcia, para despejar o povo pobre em nome do lucro das construtoras e especuladores imobili\u00e1rios.<\/span><\/p>\n<p><span>Em nosso pa\u00eds, s\u00e3o centenas de milhares de fam\u00edlias que enfrentam a dura e injusta realidade dos despejos. Como em S\u00e3o Paulo, na luta j\u00e1 conhecida e tida como exemplo de resist\u00eancia dos moradores do Jardim Pantanal <\/span><i><span>(edi\u00e7\u00e3o n\u00ba 307 de A Verdade)<\/span><\/i><span>. Mas tamb\u00e9m em Joinville (SC), uma das cidades mais oper\u00e1rias e industrializadas do pa\u00eds, onde as fam\u00edlias do bairro Ulysses Guimar\u00e3es t\u00eam se confrontado com essa realidade de modo mais violento desde o ano passado.\u00a0<\/span><\/p>\n<h4><b>Solidariedade coletiva<\/b><\/h4>\n<p><span>Com a\u00e7\u00e3o intensificada pelo menos desde julho de 2025, policiais fortemente armados est\u00e3o presentes diariamente na comunidade Juqui\u00e1, do bairro Ulysses Guimar\u00e3es, vigiando e fotografando casas, inclusive com uso de drones, e intimidando os moradores como se fossem criminosos.<\/span><\/p>\n<p><span>Uma opera\u00e7\u00e3o coordenada pelo ent\u00e3o prefeito Adriano Bornschein (Novo) demoliu 11 casas de uma s\u00f3 vez. Imediatamente, a comunidade se uniu e organizou uma grande manifesta\u00e7\u00e3o na mesma noite, bloqueando ruas importantes da cidade.<\/span><\/p>\n<p><span>Diferente das mentiras que a Prefeitura e os policiais dizem e a grande m\u00eddia do estado divulga, a demoli\u00e7\u00e3o aconteceu em casas habitadas, de moradores que chegaram do seu trabalho e viram cada tijolo conquistado com seu suor, no ch\u00e3o.<\/span><\/p>\n<p><span>Emanuel, imigrante haitiano e trabalhador, relatou: \u201cTenho os comprovantes da Celesc, pago luz e \u00e1gua h\u00e1 mais de um ano, e eles v\u00eam e derrubam a casa da gente\u201d. Naquele dia, assim como Emanuel, outras fam\u00edlias ficaram sem moradia, mas contaram com a solidariedade da comunidade para ter onde se abrigarem.\u00a0<\/span><\/p>\n<p><span>Mesmo com promessas feitas pela Prefeitura, depois das manifesta\u00e7\u00f5es populares, de n\u00e3o demolir mais casas habitadas, em dezembro, novas demoli\u00e7\u00f5es aconteceram, dessa vez, com uma igreja e uma casa em constru\u00e7\u00e3o na comunidade, o que reacendeu a revolta dos moradores.<\/span><\/p>\n<p><span>Novas mobiliza\u00e7\u00f5es e bloqueios de vias foram feitos e viaturas da pol\u00edcia chegaram rapidamente, com uso de helic\u00f3ptero e equipe t\u00e1tica. Policiais provocaram manifestantes com uso de spray de pimenta e dando ordem de desobstru\u00e7\u00e3o. Mesmo mulheres, idosos e crian\u00e7as foram alvo de g\u00e1s lacrimog\u00eaneo e tiros de balas de borracha. Uma moradora, protegendo seu neto de quatro anos de um dos disparos, acabou sendo atingida no pesco\u00e7o. Um dos moradores organizado no MLB tamb\u00e9m foi atingido por dois tiros de bala de borracha. Ao dispersar as pessoas, a pol\u00edcia perseguiu e abordou manifestantes da UP e MLB, e efetuou a pris\u00e3o e espancamento de outro morador, que possui limita\u00e7\u00e3o de fala.\u00a0<\/span><\/p>\n<p><span>Essa ainda hoje \u00e9 a realidade das fam\u00edlias do Juqui\u00e1. Em v\u00e9speras da P\u00e1scoa, a Prefeitura realizou novas demoli\u00e7\u00f5es. Resultado da revolta da popula\u00e7\u00e3o de Joinville, o povo organizou uma manifesta\u00e7\u00e3o no evento em que o ent\u00e3o prefeito Bornschein renunciaria seu cargo para candidatar-se a vice-governador do estado, assumindo em seu lugar a ent\u00e3o vice-prefeita Rejane Gambin, tamb\u00e9m do Novo, representantes dos herdeiros e ricos da cidade.<\/span><\/p>\n<p><span>A nova prefeita tomou posse ressaltando, de forma hip\u00f3crita e oportunista, \u201cseguir a moralidade crist\u00e3\u201d. T\u00e3o crist\u00e3 \u00e9 sua moralidade que n\u00e3o bastasse colocar a pol\u00edcia para agredir injustamente os mais pobres, o fez durante os per\u00edodos de Natal e P\u00e1scoa, per\u00edodos de celebra\u00e7\u00e3o do nascimento e ressurrei\u00e7\u00e3o de Cristo.<\/span><\/p>\n<p><span>A viol\u00eancia do estado que essas fam\u00edlias sofrem passam praticamente impunes e a m\u00eddia burguesa atribui \u00e0s fam\u00edlias a culpa pelos despejos e remo\u00e7\u00f5es, mascarando os interesses daqueles que lucram com o mercado imobili\u00e1rio.<\/span><\/p>\n<p><span>O MLB tem organizado o povo para enfrentar essa luta desigual contra o Estado porque entende que, s\u00f3 assim, pode realmente acabar com a falta de moradia digna no pa\u00eds.<\/span><\/p>\n<p><em>Mat\u00e9ria publicada na edi\u00e7\u00e3o impressa n\u00ba332 do jornal A Verdade<\/em><\/p>\n<!-- Begin Yuzo --><div class='yuzo_related_post style-1'  data-version='5.12.89'><!-- without result --><div class='yuzo_clearfixed yuzo__title yuzo__title'><h3>Related Post<\/h3><\/div>\n\t\t\t\t\t\t  <div class=\"relatedthumb \" style=\"width:125px;float:left;overflow:hidden;\">  \n\t\t\t\t\t\t\t  \n\t\t\t\t\t\t\t  <a  href=\"https:\/\/redept.com.br\/blogosfera\/cuba-restaura-seu-sistema-de-eletricidade-em-meio-a-uma-grave-crise-energetica\/\"  >\n\t\t\t\t\t\t\t\t\t  <div class=\"yuzo-img-wrap \" style=\"width: 125px;height:90px;\">\n\t\t\t\t\t\t\t\t\t\t\n\t\t\t\t\t\t\t\t\t\t<div class=\"yuzo-img\" style=\"background:url('https:\/\/redept.org\/blogosfera\/wp-content\/plugins\/yuzo-related-post\/assets\/images\/default.png') 50% 50% no-repeat;width: 125px;height:90px;margin-bottom: 5px;background-size: cover; \"><\/div>\n\t\t\t\t\t\t\t\t\t  <\/div>\n\t\t\t\t\t\t\t\t\t  \n\t\t\t\t\t\t\t\t   <span class=\"yuzo__text--title\" style=\"font-size:13px;\">Cuba restaura seu sistema de eletricidade em meio ...<\/span>\n\t\t\t\t\t\t\t  \n\t\t\t\t\t\t\t  \n\t\t\t\t\t\t\t  <\/a>\n\n\t\t\t\t\t\t  <\/div>\n\t\t\t\t\t\t  <div class=\"relatedthumb \" style=\"width:125px;float:left;overflow:hidden;\">  \n\t\t\t\t\t\t\t  \n\t\t\t\t\t\t\t  <a  href=\"https:\/\/redept.com.br\/blogosfera\/mst-e-academicos-do-tatuape-pela-reforma-agraria-popular-em-sp\/\"  >\n\t\t\t\t\t\t\t\t\t  <div class=\"yuzo-img-wrap \" style=\"width: 125px;height:90px;\">\n\t\t\t\t\t\t\t\t\t\t\n\t\t\t\t\t\t\t\t\t\t<div class=\"yuzo-img\" style=\"background:url('https:\/\/redept.org\/blogosfera\/wp-content\/plugins\/yuzo-related-post\/assets\/images\/default.png') 50% 50% no-repeat;width: 125px;height:90px;margin-bottom: 5px;background-size: cover; \"><\/div>\n\t\t\t\t\t\t\t\t\t  <\/div>\n\t\t\t\t\t\t\t\t\t  \n\t\t\t\t\t\t\t\t   <span class=\"yuzo__text--title\" style=\"font-size:13px;\">MST e Acad\u00eamicos do Tatuap\u00e9 pela Reforma Agr\u00e1ria P...<\/span>\n\t\t\t\t\t\t\t  \n\t\t\t\t\t\t\t  \n\t\t\t\t\t\t\t  <\/a>\n\n\t\t\t\t\t\t  <\/div>\n\t\t\t\t\t\t  <div class=\"relatedthumb \" style=\"width:125px;float:left;overflow:hidden;\">  \n\t\t\t\t\t\t\t  \n\t\t\t\t\t\t\t  <a  href=\"https:\/\/redept.com.br\/blogosfera\/cinema-anticolonial-de-sarah-maldoror-chega-ao-ccbb-em-mostra\/\"  >\n\t\t\t\t\t\t\t\t\t  <div class=\"yuzo-img-wrap \" style=\"width: 125px;height:90px;\">\n\t\t\t\t\t\t\t\t\t\t\n\t\t\t\t\t\t\t\t\t\t<div class=\"yuzo-img\" style=\"background:url('https:\/\/redept.org\/blogosfera\/wp-content\/plugins\/yuzo-related-post\/assets\/images\/default.png') 50% 50% no-repeat;width: 125px;height:90px;margin-bottom: 5px;background-size: cover; \"><\/div>\n\t\t\t\t\t\t\t\t\t  <\/div>\n\t\t\t\t\t\t\t\t\t  \n\t\t\t\t\t\t\t\t   <span class=\"yuzo__text--title\" style=\"font-size:13px;\">\u2018Cinema anticolonial de Sarah Maldoror\u2019 chega ao C...<\/span>\n\t\t\t\t\t\t\t  \n\t\t\t\t\t\t\t  \n\t\t\t\t\t\t\t  <\/a>\n\n\t\t\t\t\t\t  <\/div>\n\t\t\t\t\t\t  <div class=\"relatedthumb \" style=\"width:125px;float:left;overflow:hidden;\">  \n\t\t\t\t\t\t\t  \n\t\t\t\t\t\t\t  <a  href=\"https:\/\/redept.com.br\/blogosfera\/governo-publica-reajuste-salarial-e-reestruturacao-de-carreiras-de-servidores-federais\/\"  >\n\t\t\t\t\t\t\t\t\t  <div class=\"yuzo-img-wrap \" style=\"width: 125px;height:90px;\">\n\t\t\t\t\t\t\t\t\t\t\n\t\t\t\t\t\t\t\t\t\t<div class=\"yuzo-img\" style=\"background:url('https:\/\/redept.com.br\/blogosfera\/wp-content\/uploads\/2025\/01\/Captura-de-Tela-2025-01-03-as-16.49.59-150x150.png') 50% 50% no-repeat;width: 125px;height:90px;margin-bottom: 5px;background-size: cover; \"><\/div>\n\t\t\t\t\t\t\t\t\t  <\/div>\n\t\t\t\t\t\t\t\t\t  \n\t\t\t\t\t\t\t\t   <span class=\"yuzo__text--title\" style=\"font-size:13px;\">Governo publica reajuste salarial e reestrutura\u00e7\u00e3o...<\/span>\n\t\t\t\t\t\t\t  \n\t\t\t\t\t\t\t  \n\t\t\t\t\t\t\t  <\/a>\n\n\t\t\t\t\t\t  <\/div>\n<\/div> <script>\n\t\t\t\t\t\t  jQuery(document).ready(function( $ ){\n\t\t\t\t\t\t\t\/\/jQuery('.yuzo_related_post').equalizer({ overflow : 'relatedthumb' });\n\t\t\t\t\t\t\tjQuery('.yuzo_related_post .yuzo_wraps').equalizer({ columns : '> div' });\n\t\t\t\t\t\t   })\n\t\t\t\t\t\t  <\/script> <!-- End Yuzo :) -->","protected":false},"excerpt":{"rendered":"<p><img decoding=\"async\" width=\"1920\" height=\"1280\" src=\"https:\/\/averdade.org.br\/wp-content\/uploads\/2026\/05\/P8-_-Joinville.jpg\" alt=\"JOINVILLE. PROTESTO. Fam\u00edlias lutam contra despejo em Santa Catarina. Foto: JAV\/SC\">O Movimento de Luta nos Bairros (MLB) tem enfrentado a viol\u00eancia do Estado e das construtoras em Joinville (SC), onde fam\u00edlias pobres do bairro Ulysses Guimar\u00e3es sofrem remo\u00e7\u00f5es e demoli\u00e7\u00f5es de suas casas. Kau\u00ea de Oliveira (SC) e\u00a0Selma Almeida (SP) LUTA POPULAR \u2013 O Movimento de Luta nos Bairros (MLB), desde sua cria\u00e7\u00e3o, luta contra [\u2026]<\/p>\n","protected":false},"author":2,"featured_media":85819,"comment_status":"open","ping_status":"closed","sticky":false,"template":"","format":"standard","meta":{"fifu_image_url":"","fifu_image_alt":"","footnotes":""},"categories":[45,53682,86,60,405,66],"tags":[],"class_list":["post-85818","post","type-post","status-publish","format-standard","has-post-thumbnail","hentry","category-brasil","category-jav-332","category-jornal-impresso","category-luta-popular","category-mlb","category-santa-catarina"],"_links":{"self":[{"href":"https:\/\/redept.com.br\/blogosfera\/wp-json\/wp\/v2\/posts\/85818","targetHints":{"allow":["GET"]}}],"collection":[{"href":"https:\/\/redept.com.br\/blogosfera\/wp-json\/wp\/v2\/posts"}],"about":[{"href":"https:\/\/redept.com.br\/blogosfera\/wp-json\/wp\/v2\/types\/post"}],"author":[{"embeddable":true,"href":"https:\/\/redept.com.br\/blogosfera\/wp-json\/wp\/v2\/users\/2"}],"replies":[{"embeddable":true,"href":"https:\/\/redept.com.br\/blogosfera\/wp-json\/wp\/v2\/comments?post=85818"}],"version-history":[{"count":0,"href":"https:\/\/redept.com.br\/blogosfera\/wp-json\/wp\/v2\/posts\/85818\/revisions"}],"wp:featuredmedia":[{"embeddable":true,"href":"https:\/\/redept.com.br\/blogosfera\/wp-json\/wp\/v2\/media\/85819"}],"wp:attachment":[{"href":"https:\/\/redept.com.br\/blogosfera\/wp-json\/wp\/v2\/media?parent=85818"}],"wp:term":[{"taxonomy":"category","embeddable":true,"href":"https:\/\/redept.com.br\/blogosfera\/wp-json\/wp\/v2\/categories?post=85818"},{"taxonomy":"post_tag","embeddable":true,"href":"https:\/\/redept.com.br\/blogosfera\/wp-json\/wp\/v2\/tags?post=85818"}],"curies":[{"name":"wp","href":"https:\/\/api.w.org\/{rel}","templated":true}]}}