{"id":85828,"date":"2026-05-03T08:19:01","date_gmt":"2026-05-03T11:19:01","guid":{"rendered":"https:\/\/redept.com.br\/blogosfera\/mulheres-em-tempos-de-repressao\/"},"modified":"2026-05-03T08:19:01","modified_gmt":"2026-05-03T11:19:01","slug":"mulheres-em-tempos-de-repressao","status":"publish","type":"post","link":"https:\/\/redept.com.br\/blogosfera\/mulheres-em-tempos-de-repressao\/","title":{"rendered":"Mulheres em tempos de repress\u00e3o"},"content":{"rendered":"<p><img fetchpriority=\"high\" width=\"1200\" height=\"720\"src=\"https:\/\/redept.com.br\/blogosfera\/wp-content\/uploads\/2026\/05\/Mulheres-Contra-Ditadura-Memorias-da-Ditadura-CC.webp\" alt=\"Mulheres protagonizaram lutas contra a ditadura militar. Foto: Reprodu\u00e7\u00e3o.\" link_thumbnail=\"\" decoding=\"async\" srcset=\"https:\/\/redept.com.br\/blogosfera\/wp-content\/uploads\/2026\/05\/Mulheres-Contra-Ditadura-Memorias-da-Ditadura-CC.webp 1200w, https:\/\/averdade.org.br\/wp-content\/uploads\/2026\/05\/Mulheres-Contra-Ditadura-Memorias-da-Ditadura-CC-350x210.webp 350w, https:\/\/averdade.org.br\/wp-content\/uploads\/2026\/05\/Mulheres-Contra-Ditadura-Memorias-da-Ditadura-CC-1024x614.webp 1024w, https:\/\/averdade.org.br\/wp-content\/uploads\/2026\/05\/Mulheres-Contra-Ditadura-Memorias-da-Ditadura-CC-250x150.webp 250w, https:\/\/averdade.org.br\/wp-content\/uploads\/2026\/05\/Mulheres-Contra-Ditadura-Memorias-da-Ditadura-CC-768x461.webp 768w, https:\/\/averdade.org.br\/wp-content\/uploads\/2026\/05\/Mulheres-Contra-Ditadura-Memorias-da-Ditadura-CC-150x90.webp 150w, https:\/\/averdade.org.br\/wp-content\/uploads\/2026\/05\/Mulheres-Contra-Ditadura-Memorias-da-Ditadura-CC-300x180.webp 300w, https:\/\/averdade.org.br\/wp-content\/uploads\/2026\/05\/Mulheres-Contra-Ditadura-Memorias-da-Ditadura-CC-696x418.webp 696w, https:\/\/averdade.org.br\/wp-content\/uploads\/2026\/05\/Mulheres-Contra-Ditadura-Memorias-da-Ditadura-CC-1068x641.webp 1068w\" sizes=\"(max-width: 1200px) 100vw, 1200px\"><\/p>\n<p><strong>Durante a ditadura militar, marcada por persegui\u00e7\u00f5es, censura e torturas, as mulheres estiveram na linha de frente da resist\u00eancia, organizando greves e movimentos pela anistia. <\/strong><\/p>\n<p><b>Larissa Mayumi (SP) e <\/b><b>Evelyn Dion\u00edzio (PE)<\/b><\/p>\n<hr>\n<p><span><strong>MULHERES \u2013 <\/strong>Historicamente, a luta das mulheres \u00e9 apagada e silenciada. Isso faz parte de um sistema que quer v\u00ea-las como mercadoria perante \u00e0 pol\u00edtica econ\u00f4mica capitalista. As mulheres servem como m\u00e3o de obra barata, cuidadoras, para manuten\u00e7\u00e3o da fam\u00edlia, etc. Por\u00e9m, as suas lutas devem ser evidenciadas e contadas, pois, onde existe opress\u00e3o, existir\u00e1 luta para sua derrubada.<\/span><\/p>\n<p><span>Em 1964, aconteceu o golpe que instaurou a ditadura militar no Brasil durante 21 anos. Estes anos foram marcados por persegui\u00e7\u00f5es, torturas, assassinatos e oculta\u00e7\u00f5es de cad\u00e1veres por parte do Estado brasileiro, tomado por militares fascistas. Para as mulheres, as torturas inclu\u00edam estupro, tortura de filhos, mesmo crian\u00e7as e at\u00e9 beb\u00eas.<\/span><\/p>\n<p><span>A ditadura ainda proibiu manifesta\u00e7\u00f5es, censurou jornais e ve\u00edculos de informa\u00e7\u00e3o, interveio em sindicatos e proibiu qualquer tipo de organiza\u00e7\u00e3o pol\u00edtica de oposi\u00e7\u00e3o \u00e0 ditadura. Por\u00e9m, mesmo nos anos mais duros, os brasileiros se mobilizaram para defender seus direitos e o fim da ditadura. As mulheres tamb\u00e9m tiveram participa\u00e7\u00e3o nas v\u00e1rias a\u00e7\u00f5es deste per\u00edodo, seja com organiza\u00e7\u00f5es pr\u00f3prias seja liderando greves, participando de a\u00e7\u00f5es de resist\u00eancia armadas.<\/span><\/p>\n<p><span>Em junho de 1968, aconteceu a famosa passeata dos 100 mil, no Rio de Janeiro, em rep\u00fadio \u00e0 pris\u00e3o de l\u00edderes estudantis e ao assassinato de Edson Lu\u00eds (estudante secundarista assassinado por lutar contra o aumento do pre\u00e7o do restaurante estudantil, em mar\u00e7o). A partir dessa passeata, v\u00e1rias a\u00e7\u00f5es aconteceram no pa\u00eds inteiro, e v\u00e1rias mulheres decidiram se unir para defender seus filhos, fundando a Uni\u00e3o Brasileira de M\u00e3es, com sede no Convento dos Dominicanos do Leme (RJ).<\/span><\/p>\n<p><span>As mulheres passaram a criar comiss\u00f5es de familiares de presos e desaparecidos, unindo mulheres que sa\u00edam das pris\u00f5es pol\u00edticas. Isso passou a ser o in\u00edcio do que se tornaria o Movimento Feminino pela Anistia, que se estendeu pelo pa\u00eds todo e foi ampliado pela forma\u00e7\u00e3o do Comit\u00ea Brasileiro pela Anistia, com comit\u00eas espalhados por v\u00e1rios estados.<\/span><\/p>\n<h4><b>Mulheres oper\u00e1rias<\/b><\/h4>\n<p><span>Na metade do s\u00e9culo 20, a propor\u00e7\u00e3o de mulheres trabalhando aumentou: em 1950, eram apenas 13,5%. Em 1970, seis anos ap\u00f3s o golpe, passou a ser quase 21% e, em 1985, chegando a 37%. Ainda que a propor\u00e7\u00e3o de mulheres fosse muito menor do que a dos homens, o crescimento do proletariado feminino foi maior.<\/span><\/p>\n<p><span>Esse per\u00edodo foi marcado por greves oper\u00e1rias contra o arrocho salarial e por melhores condi\u00e7\u00f5es de trabalho, uma vez que o Brasil era um dos pa\u00edses com maior n\u00famero de acidentes no trabalho. Al\u00e9m disso, as greves tinham como principal pauta a luta contra a interven\u00e7\u00e3o da ditadura nos sindicatos.<\/span><\/p>\n<p><span>As maiores greves contaram com a participa\u00e7\u00e3o e lideran\u00e7a de mulheres. Em Contagem, iniciou-se na Sider\u00fargica Belgo-Mineira, em abril de 1968, e, depois, estendeu-se para Mannesmann, Mafersa, RCA Victor, Acesita e v\u00e1rias outras, chegando a mobilizar 15 mil oper\u00e1rios. Uma mulher foi lideran\u00e7a: Concei\u00e7\u00e3o Imaculada de Oliveira, diretora do Sindicato dos Metal\u00fargicos de Contagem, militante da Corrente, organiza\u00e7\u00e3o dissidente do PCB.<\/span><\/p>\n<p><span>Professoras que trabalhavam com turmas de alfabetiza\u00e7\u00e3o de escolas p\u00fablicas noturnas, que davam aulas aos oper\u00e1rios, incentivaram que seus alunos entrassem em greve. \u201cFoi um trabalho maravilhoso, atingia quase todas as f\u00e1bricas da cidade\u201d, disse a professora Delsy Gon\u00e7alves de Paula. Ela tamb\u00e9m ajudou a organizar o 1\u00ba de Maio do ano seguinte, o que a levou \u00e0 sua pris\u00e3o.<\/span><\/p>\n<p><span>Em Osasco (SP), grande parte dos sindicatos sob interven\u00e7\u00e3o passaram a apoiar a ditadura, por\u00e9m n\u00e3o suas bases. Grupos de esquerda passaram a se movimentar nas f\u00e1bricas em S\u00e3o Paulo, Rio de Janeiro, Pernambuco, Bahia e v\u00e1rios outros estados. As mulheres dos bairros oper\u00e1rios ajudaram a divulgar as a\u00e7\u00f5es dos trabalhadores em greve. Tr\u00eas oper\u00e1rias que participaram da greve em Osasco foram presas pelo Dops, uma delas, Ana Maria Gomes, com apenas 20 anos na \u00e9poca.<\/span><\/p>\n<p><span>Esses s\u00e3o alguns dos exemplos que mostram que as mulheres, por mais que tentem esconder, sempre estiveram na linha de frente das lutas de liberta\u00e7\u00e3o do nosso povo. Defenderam a revolu\u00e7\u00e3o socialista e a luta contra o fascismo com suas pr\u00f3prias vidas. Soledad Barret, Helenira Rezende, Maria Lucia Petit, In\u00eas Etienne Romeu, Cleone Santos e tantas outras dedicaram suas vidas para que o povo brasileiro fosse livre do fascismo e da explora\u00e7\u00e3o.<\/span><\/p>\n<p><em>Mat\u00e9ria publicada na edi\u00e7\u00e3o impressa n\u00ba332 do jornal A Verdade<\/em><\/p>\n<!-- Begin Yuzo --><div class='yuzo_related_post style-1'  data-version='5.12.89'><!-- without result --><div class='yuzo_clearfixed yuzo__title yuzo__title'><h3>Related Post<\/h3><\/div>\n\t\t\t\t\t\t  <div class=\"relatedthumb \" style=\"width:125px;float:left;overflow:hidden;\">  \n\t\t\t\t\t\t\t  \n\t\t\t\t\t\t\t  <a  href=\"https:\/\/redept.com.br\/blogosfera\/comissao-aprova-proposta-de-contarato-que-endurece-penas-para-menores\/\"  >\n\t\t\t\t\t\t\t\t\t  <div class=\"yuzo-img-wrap \" style=\"width: 125px;height:90px;\">\n\t\t\t\t\t\t\t\t\t\t\n\t\t\t\t\t\t\t\t\t\t<div class=\"yuzo-img\" style=\"background:url('https:\/\/redept.org\/blogosfera\/wp-content\/plugins\/yuzo-related-post\/assets\/images\/default.png') 50% 50% no-repeat;width: 125px;height:90px;margin-bottom: 5px;background-size: cover; \"><\/div>\n\t\t\t\t\t\t\t\t\t  <\/div>\n\t\t\t\t\t\t\t\t\t  \n\t\t\t\t\t\t\t\t   <span class=\"yuzo__text--title\" style=\"font-size:13px;\">Comiss\u00e3o aprova proposta de Contarato que endurece...<\/span>\n\t\t\t\t\t\t\t  \n\t\t\t\t\t\t\t  \n\t\t\t\t\t\t\t  <\/a>\n\n\t\t\t\t\t\t  <\/div>\n\t\t\t\t\t\t  <div class=\"relatedthumb \" style=\"width:125px;float:left;overflow:hidden;\">  \n\t\t\t\t\t\t\t  \n\t\t\t\t\t\t\t  <a  href=\"https:\/\/redept.com.br\/blogosfera\/prefeito-de-nova-york-assina-ordem-que-impede-ice-de-entrar-em-predios-publicos-sem-mandado\/\"  >\n\t\t\t\t\t\t\t\t\t  <div class=\"yuzo-img-wrap \" style=\"width: 125px;height:90px;\">\n\t\t\t\t\t\t\t\t\t\t\n\t\t\t\t\t\t\t\t\t\t<div class=\"yuzo-img\" style=\"background:url('https:\/\/redept.org\/blogosfera\/wp-content\/plugins\/yuzo-related-post\/assets\/images\/default.png') 50% 50% no-repeat;width: 125px;height:90px;margin-bottom: 5px;background-size: cover; \"><\/div>\n\t\t\t\t\t\t\t\t\t  <\/div>\n\t\t\t\t\t\t\t\t\t  \n\t\t\t\t\t\t\t\t   <span class=\"yuzo__text--title\" style=\"font-size:13px;\">Prefeito de Nova York assina ordem que impede ICE ...<\/span>\n\t\t\t\t\t\t\t  \n\t\t\t\t\t\t\t  \n\t\t\t\t\t\t\t  <\/a>\n\n\t\t\t\t\t\t  <\/div>\n\t\t\t\t\t\t  <div class=\"relatedthumb \" style=\"width:125px;float:left;overflow:hidden;\">  \n\t\t\t\t\t\t\t  \n\t\t\t\t\t\t\t  <a  href=\"https:\/\/redept.com.br\/blogosfera\/estudantes-de-comunicacao-da-ufrgs-fazem-cerimonia-para-homenagear-a-memoria-de-vladimir-herzog\/\"  >\n\t\t\t\t\t\t\t\t\t  <div class=\"yuzo-img-wrap \" style=\"width: 125px;height:90px;\">\n\t\t\t\t\t\t\t\t\t\t\n\t\t\t\t\t\t\t\t\t\t<div class=\"yuzo-img\" style=\"background:url('https:\/\/redept.com.br\/blogosfera\/wp-content\/uploads\/2025\/04\/WhatsApp-Image-2025-04-08-at-170018-150x150.jpeg') 50% 50% no-repeat;width: 125px;height:90px;margin-bottom: 5px;background-size: cover; \"><\/div>\n\t\t\t\t\t\t\t\t\t  <\/div>\n\t\t\t\t\t\t\t\t\t  \n\t\t\t\t\t\t\t\t   <span class=\"yuzo__text--title\" style=\"font-size:13px;\">Estudantes de comunica\u00e7\u00e3o da Ufrgs fazem cerim\u00f4nia...<\/span>\n\t\t\t\t\t\t\t  \n\t\t\t\t\t\t\t  \n\t\t\t\t\t\t\t  <\/a>\n\n\t\t\t\t\t\t  <\/div>\n\t\t\t\t\t\t  <div class=\"relatedthumb \" style=\"width:125px;float:left;overflow:hidden;\">  \n\t\t\t\t\t\t\t  \n\t\t\t\t\t\t\t  <a  href=\"https:\/\/redept.com.br\/blogosfera\/video-maduro-escracha-trump-agravando-a-situacao-entre-paises\/\"  >\n\t\t\t\t\t\t\t\t\t  <div class=\"yuzo-img-wrap \" style=\"width: 125px;height:90px;\">\n\t\t\t\t\t\t\t\t\t\t\n\t\t\t\t\t\t\t\t\t\t<div class=\"yuzo-img\" style=\"background:url('https:\/\/redept.org\/blogosfera\/wp-content\/plugins\/yuzo-related-post\/assets\/images\/default.png') 50% 50% no-repeat;width: 125px;height:90px;margin-bottom: 5px;background-size: cover; \"><\/div>\n\t\t\t\t\t\t\t\t\t  <\/div>\n\t\t\t\t\t\t\t\t\t  \n\t\t\t\t\t\t\t\t   <span class=\"yuzo__text--title\" style=\"font-size:13px;\">V\u00eddeo: Maduro escracha Trump agravando a situa\u00e7\u00e3o ...<\/span>\n\t\t\t\t\t\t\t  \n\t\t\t\t\t\t\t  \n\t\t\t\t\t\t\t  <\/a>\n\n\t\t\t\t\t\t  <\/div>\n<\/div> <script>\n\t\t\t\t\t\t  jQuery(document).ready(function( $ ){\n\t\t\t\t\t\t\t\/\/jQuery('.yuzo_related_post').equalizer({ overflow : 'relatedthumb' });\n\t\t\t\t\t\t\tjQuery('.yuzo_related_post .yuzo_wraps').equalizer({ columns : '> div' });\n\t\t\t\t\t\t   })\n\t\t\t\t\t\t  <\/script> <!-- End Yuzo :) -->","protected":false},"excerpt":{"rendered":"<p><img decoding=\"async\" width=\"1200\" height=\"720\" src=\"https:\/\/averdade.org.br\/wp-content\/uploads\/2026\/05\/Mulheres-Contra-Ditadura-Memorias-da-Ditadura-CC.webp\" alt=\"Mulheres protagonizaram lutas contra a ditadura militar. Foto: Reprodu\u00e7\u00e3o.\">Durante a ditadura militar, marcada por persegui\u00e7\u00f5es, censura e torturas, as mulheres estiveram na linha de frente da resist\u00eancia, organizando greves e movimentos pela anistia. Larissa Mayumi (SP) e Evelyn Dion\u00edzio (PE) MULHERES \u2013 Historicamente, a luta das mulheres \u00e9 apagada e silenciada. Isso faz parte de um sistema que quer v\u00ea-las como mercadoria perante [\u2026]<\/p>\n","protected":false},"author":2,"featured_media":85829,"comment_status":"open","ping_status":"closed","sticky":false,"template":"","format":"standard","meta":{"fifu_image_url":"","fifu_image_alt":"","footnotes":""},"categories":[45,544,758,53682,86,82],"tags":[],"class_list":["post-85828","post","type-post","status-publish","format-standard","has-post-thumbnail","hentry","category-brasil","category-ditadura-militar","category-edicao-impressa","category-jav-332","category-jornal-impresso","category-mulheres"],"_links":{"self":[{"href":"https:\/\/redept.com.br\/blogosfera\/wp-json\/wp\/v2\/posts\/85828","targetHints":{"allow":["GET"]}}],"collection":[{"href":"https:\/\/redept.com.br\/blogosfera\/wp-json\/wp\/v2\/posts"}],"about":[{"href":"https:\/\/redept.com.br\/blogosfera\/wp-json\/wp\/v2\/types\/post"}],"author":[{"embeddable":true,"href":"https:\/\/redept.com.br\/blogosfera\/wp-json\/wp\/v2\/users\/2"}],"replies":[{"embeddable":true,"href":"https:\/\/redept.com.br\/blogosfera\/wp-json\/wp\/v2\/comments?post=85828"}],"version-history":[{"count":0,"href":"https:\/\/redept.com.br\/blogosfera\/wp-json\/wp\/v2\/posts\/85828\/revisions"}],"wp:featuredmedia":[{"embeddable":true,"href":"https:\/\/redept.com.br\/blogosfera\/wp-json\/wp\/v2\/media\/85829"}],"wp:attachment":[{"href":"https:\/\/redept.com.br\/blogosfera\/wp-json\/wp\/v2\/media?parent=85828"}],"wp:term":[{"taxonomy":"category","embeddable":true,"href":"https:\/\/redept.com.br\/blogosfera\/wp-json\/wp\/v2\/categories?post=85828"},{"taxonomy":"post_tag","embeddable":true,"href":"https:\/\/redept.com.br\/blogosfera\/wp-json\/wp\/v2\/tags?post=85828"}],"curies":[{"name":"wp","href":"https:\/\/api.w.org\/{rel}","templated":true}]}}