{"id":85833,"date":"2026-05-03T10:33:16","date_gmt":"2026-05-03T13:33:16","guid":{"rendered":"https:\/\/redept.com.br\/blogosfera\/65-anos-da-batalha-de-playa-giron-a-primeira-grande-derrota-do-imperialismo-na-america-latina\/"},"modified":"2026-05-03T10:33:16","modified_gmt":"2026-05-03T13:33:16","slug":"65-anos-da-batalha-de-playa-giron-a-primeira-grande-derrota-do-imperialismo-na-america-latina","status":"publish","type":"post","link":"https:\/\/redept.com.br\/blogosfera\/65-anos-da-batalha-de-playa-giron-a-primeira-grande-derrota-do-imperialismo-na-america-latina\/","title":{"rendered":"65 anos da batalha de Playa Gir\u00f3n: a primeira grande derrota do imperialismo na Am\u00e9rica Latina"},"content":{"rendered":"<p><img fetchpriority=\"high\" width=\"1264\" height=\"841\"src=\"https:\/\/redept.com.br\/blogosfera\/wp-content\/uploads\/2026\/05\/Giron_02-cor.jpg\" alt=\"P\u00c1TRIA OU MORTE! Povo cubano pegou em armas para impedir invas\u00e3o imperialista. Foto: GRANMA\" link_thumbnail=\"\" decoding=\"async\" srcset=\"https:\/\/redept.com.br\/blogosfera\/wp-content\/uploads\/2026\/05\/Giron_02-cor.jpg 1264w, https:\/\/averdade.org.br\/wp-content\/uploads\/2026\/05\/Giron_02-cor-350x233.jpg 350w, https:\/\/averdade.org.br\/wp-content\/uploads\/2026\/05\/Giron_02-cor-1024x681.jpg 1024w, https:\/\/averdade.org.br\/wp-content\/uploads\/2026\/05\/Giron_02-cor-250x166.jpg 250w, https:\/\/averdade.org.br\/wp-content\/uploads\/2026\/05\/Giron_02-cor-768x511.jpg 768w, https:\/\/averdade.org.br\/wp-content\/uploads\/2026\/05\/Giron_02-cor-150x100.jpg 150w, https:\/\/averdade.org.br\/wp-content\/uploads\/2026\/05\/Giron_02-cor-300x200.jpg 300w, https:\/\/averdade.org.br\/wp-content\/uploads\/2026\/05\/Giron_02-cor-696x463.jpg 696w, https:\/\/averdade.org.br\/wp-content\/uploads\/2026\/05\/Giron_02-cor-1068x711.jpg 1068w\" sizes=\"(max-width: 1264px) 100vw, 1264px\"><\/p>\n<p><strong>H\u00e1 exatamente 65 anos, as areias de Playa Gir\u00f3n, em Cuba, tornaram-se cen\u00e1rio de uma das mais gloriosas p\u00e1ginas da hist\u00f3ria de resist\u00eancia dos povos oprimidos contra o imperialismo, quando 1.500 mercen\u00e1rios cubanos, treinados e financiados pelos Estados Unidos, foram derrotados e feitos prisioneiros ap\u00f3s uma tentativa fracassada de invas\u00e3o armada cujo objetivo era derrubar o governo revolucion\u00e1rio liderado por Fidel Castro.<\/strong><\/p>\n<p><b>Heron Barroso | Reda\u00e7\u00e3o<\/b><\/p>\n<hr>\n<p><span>Desde 1\u00ba de janeiro de 1959, quando os guerrilheiros do Movimento 26 de Julho, dirigidos por Fidel Castro, Ernesto Che Guevara, Raul Castro e Camilo Cienfuegos, puseram fim \u00e0 ditadura de Fulgencio Batista e abriram caminho para profundas transforma\u00e7\u00f5es sociais na pequena ilha caribenha, o povo cubano vem protagonizando atos de hero\u00edsmo que orgulham e inspiram os povos oprimidos de todo o mundo.\u00a0<\/span><\/p>\n<p><span>Um, em especial, entrou para a hist\u00f3ria como a primeira derrota militar do imperialismo estadunidense na Am\u00e9rica Latina: a Batalha de Playa Gir\u00f3n.\u00a0<\/span><\/p>\n<p><span>Era abril de 1961, o \u201cAno da Educa\u00e7\u00e3o\u201d. No campo, a reforma agr\u00e1ria nacionalizava as terras que estavam em m\u00e3os estrangeiras, entregando-as aos camponeses pobres. Bancos, refinarias e monop\u00f3lios dos EUA tornavam-se propriedade social para que o povo pudesse controlar a economia do pa\u00eds. Os cubanos estavam construindo com as pr\u00f3prias m\u00e3os uma vida nova.<\/span><\/p>\n<p><span>Os Estados Unidos, como era de se esperar, n\u00e3o aceitavam que Cuba levasse adiante uma revolu\u00e7\u00e3o a apenas 145 km de dist\u00e2ncia do pa\u00eds mais poderoso do mundo. Era um \u201cmau exemplo\u201d para o restante do mundo. Nas palavras do pr\u00f3prio Fidel, \u201co que os imperialistas n\u00e3o podem perdoar \u00e9 que estamos aqui; o que eles n\u00e3o podem nos perdoar \u00e9 a dignidade, a integridade, a coragem, a firmeza ideol\u00f3gica, o esp\u00edrito de sacrif\u00edcio e o esp\u00edrito revolucion\u00e1rio do povo de Cuba\u201d.<\/span><\/p>\n<p><span>Foi ent\u00e3o que a Casa Branca decidiu invadir Cuba.\u00a0<\/span><\/p>\n<h4><b>O in\u00edcio da invas\u00e3o\u00a0<\/b><\/h4>\n<p><span>O plano da invas\u00e3o come\u00e7ou um ano antes, durante a gest\u00e3o do presidente Dwight Eisenhower, e posto em pr\u00e1tica por John F. Kennedy, que assumiu a presid\u00eancia dos EUA no come\u00e7o de 1961. A ideia era recrutar e treinar cubanos exilados, muitos deles antigos colaboradores da ditadura Batista, organizados na chamada \u201cBrigada 2506\u201d.\u00a0<\/span><\/p>\n<p><span>A opera\u00e7\u00e3o militar come\u00e7ou na madrugada de 15 de abril de 1961. Oito aeronaves da CIA com bandeiras de Cuba em suas fuselagens bombardearam as bases a\u00e9reas de Ciudad Libertad, San Antonio de los Ba\u00f1os e Santiago de Cuba, matando sete militares cubanos.\u00a0\u00a0<\/span><\/p>\n<p><span>No dia seguinte, Fidel convoca o povo para um gigantesco ato em homenagem aos mortos nos ataques, que foi transmitido para todo o pa\u00eds por r\u00e1dio e TV, e declara o car\u00e1ter socialista da Revolu\u00e7\u00e3o \u2013 <\/span><i><span>\u201ca revolu\u00e7\u00e3o socialista e democr\u00e1tica dos humildes, com os humildes e para os humildes\u201d<\/span><\/i><span>.\u00a0<\/span><\/p>\n<p><span>No dia 17 de abril, mais de 1.500 mercen\u00e1rios sa\u00edram em navios piratas da Guatemala e da Nicar\u00e1gua e desembarcaram em Playa Gir\u00f3n e Playa Larga, na Ba\u00eda dos Porcos. O objetivo imediato era ocupar a regi\u00e3o e resistir por tempo suficiente para estabelecer um \u201cgoverno de oposi\u00e7\u00e3o\u201d que logo seria reconhecido e apoiado pelos Estados Unidos.<\/span><\/p>\n<p><span>Por\u00e9m, a grande simpatia e apoio que a Revolu\u00e7\u00e3o Cubana possu\u00eda entre os povos do mundo deixou Kennedy na defensiva. Preocupado com a repercuss\u00e3o p\u00fablica internacional de um envolvimento direto seu com a invas\u00e3o, o presidente estadunidense mudou os planos iniciais e proibiu o emprego aberto da For\u00e7a A\u00e9rea e da Marinha dos EUA na opera\u00e7\u00e3o.\u00a0<\/span><\/p>\n<h4><b>A derrota da invas\u00e3o<\/b><\/h4>\n<p><span>Diante da agress\u00e3o, o povo cubano, organizado em mil\u00edcias oper\u00e1rias, camponesas e estudantis, juntamente com o Ex\u00e9rcito Rebelde, mobilizou-se rapidamente para defender a Revolu\u00e7\u00e3o. Antes do anoitecer do dia 17, os navios da Brigada 2506, sem o esperado apoio a\u00e9reo dos EUA, foram completamente destru\u00eddos.<\/span><\/p>\n<p><span>No dia 18 de abril, comandadas pessoalmente por Fidel, as for\u00e7as revolucion\u00e1rias cercaram as tropas invasoras. Mais de mil mercen\u00e1rios foram feitos prisioneiros, cinco tanques de guerra foram confiscados, al\u00e9m de uma grande quantidade de armamentos. Dois navios e tr\u00eas embarca\u00e7\u00f5es foram afundados e 12 bombardeiros B-26 abatidos. Os detidos foram julgados e condenados \u00e0 pris\u00e3o. Alguns ex-oficiais da pol\u00edcia de Batista foram julgados e condenados \u00e0 morte por crimes cometidos durante a ditadura.<\/span><\/p>\n<p><span>Do lado cubano, 176 heroicos combatentes perderam a vida e mais de 300 ficaram feridos.<\/span><\/p>\n<p><span>Em dezembro de 1962, depois de negocia\u00e7\u00f5es entre Cuba e os EUA, os prisioneiros foram trocados por US$ 53 milh\u00f5es em alimentos, medicamentos e tratores, e expulsos da ilha para nunca mais voltar.<\/span><\/p>\n<p><span>A derrota dos \u201cgusanos\u201d (vermes), como s\u00e3o chamados os opositores anticastristas, s\u00f3 aconteceu gra\u00e7as \u00e0 vontade inquebrant\u00e1vel de um povo que havia decidido, de uma vez por todas, ser dono do seu pr\u00f3prio destino. E essa \u00e9 a primeira grande li\u00e7\u00e3o de Playa Gir\u00f3n.<\/span><\/p>\n<h4><b>\u00c9 poss\u00edvel vencer o imperialismo<\/b><\/h4>\n<p><span>Desde ent\u00e3o, o dia 19 de abril \u00e9 comemorado em Cuba como a data da \u201cprimeira grande derrota do imperialismo na Am\u00e9rica Latina\u201d. Segundo Fidel, \u201ca partir de Gir\u00f3n, todos os povos da Am\u00e9rica foram um pouco mais livres\u201d.<\/span><\/p>\n<p><span>A derrota dos invasores elevou a moral e aprofundou a unidade entre o povo cubano e a Revolu\u00e7\u00e3o e provou que \u00e9 poss\u00edvel vencer o imperialismo. Tudo depende da for\u00e7a das ideias e da decis\u00e3o de lutar por uma causa justa, ainda que o pre\u00e7o seja a pr\u00f3pria vida. Essa \u00e9 a segunda grande li\u00e7\u00e3o de Playa Gir\u00f3n.<\/span><\/p>\n<p><span>Na cerim\u00f4nia que comemorou o vig\u00e9simo quinto anivers\u00e1rio da vit\u00f3ria, em 1986, Fidel afirmou que \u201ca import\u00e2ncia de Gir\u00f3n n\u00e3o reside na magnitude da batalha, dos combatentes ou dos feitos heroicos que ali ocorreram; o grande significado hist\u00f3rico de Gir\u00f3n n\u00e3o \u00e9 o que aconteceu, mas o que n\u00e3o aconteceu gra\u00e7as a Gir\u00f3n (\u2026). Tenho absoluta certeza de que foi um grande golpe de sorte o fracasso da invas\u00e3o. Muita sorte para n\u00f3s, e at\u00e9 para os Estados Unidos, porque o Vietn\u00e3 teria acontecido em Cuba, n\u00e3o no Vietn\u00e3\u201d.<\/span><\/p>\n<h4><b>Bloqueio econ\u00f4mico para sufocar a Revolu\u00e7\u00e3o<\/b><\/h4>\n<p><span>A surra que levaram em Playa Gir\u00f3n fez com que os Estados Unidos adotassem novas estrat\u00e9gias para derrotar a Revolu\u00e7\u00e3o Cubana. Sem nunca abrir m\u00e3o da viol\u00eancia e do terrorismo, a Casa Branca imp\u00f5e h\u00e1 64 anos o mais longo bloqueio econ\u00f4mico contra um pa\u00eds j\u00e1 realizado em toda a hist\u00f3ria da humanidade, um verdadeiro \u201cgenoc\u00eddio prolongado\u201d.<\/span><\/p>\n<p><span>Soma-se a este criminoso bloqueio, as determina\u00e7\u00f5es neocoloniais da Lei Helms-Burton e a inclus\u00e3o arbitr\u00e1ria de Cuba na lista de estados patrocinadores do terrorismo. O objetivo permanece o mesmo de 1961: gerar revolta, fome e caos para for\u00e7ar a rendi\u00e7\u00e3o da Revolu\u00e7\u00e3o.<\/span><\/p>\n<p><span>Ao longo dos anos, sucessivas administra\u00e7\u00f5es estadunidenses t\u00eam buscado sufocar o processo revolucion\u00e1rio cubano. A lista \u00e9 longa: Eisenhower, Kennedy, Johnson, Nixon, Ford, Carter, Reagan, Bush pai, Clinton, Bush filho, Obama, Trump, Biden e Trump novamente. Treze presidentes dos EUA buscaram a mudan\u00e7a de regime em Cuba pela for\u00e7a, sem sucesso.\u00a0<\/span><\/p>\n<p><span>O atual ocupante da Casa Branca, o ditador Donald Trump, chegou ao ponto de declarar Cuba \u201cuma amea\u00e7a incomum e extraordin\u00e1ria \u00e0 seguran\u00e7a nacional e \u00e0 pol\u00edtica externa\u201d dos EUA!<\/span><\/p>\n<p><span>Em janeiro, ap\u00f3s o sequestro do presidente da Venezuela Nicol\u00e1s Maduro por tropas estadunidenses, Trump cortou o fornecimento de petr\u00f3leo e seus derivados ao povo cubano. Desde ent\u00e3o, nenhum carregamento chegou \u00e0 ilha. Essa medida s\u00f3 foi poss\u00edvel gra\u00e7as \u00e0 trai\u00e7\u00e3o do atual governo venezuelano, encabe\u00e7ado por Delcy Rodr\u00edguez, que se curvou vergonhosamente aos interesses dos EUA e entregou o controle do petr\u00f3leo do pa\u00eds aos monop\u00f3lios estadunidenses, com a desculpa de \u201cn\u00e3o transformar a Venezuela numa nova Gaza\u201d. Que vergonha, senhora Delcy!<\/span><\/p>\n<h4><b>O pre\u00e7o da liberdade<\/b><\/h4>\n<p><span>Jos\u00e9 Mart\u00ed, ap\u00f3stolo da luta pela independ\u00eancia de Cuba do colonialismo espanhol, disse certa vez que \u201ca liberdade custa muito caro e temos ou de nos resignarmos a viver sem ela ou nos decidirmos a pagar o seu pre\u00e7o\u201d.<\/span><\/p>\n<p><span>O povo cubano, assim como o de Gaza, sabe muito bem disso, e prefere pagar o pre\u00e7o da liberdade com o pr\u00f3prio sangue do que se ajoelhar. Cuba jamais negociou sua soberania para cessar as agress\u00f5es imperialistas. Essa \u00e9 a terceira grande li\u00e7\u00e3o de Playa Gir\u00f3n.\u00a0<\/span><\/p>\n<p><span>Celebrar os 65 anos desta vit\u00f3ria \u00e9 tamb\u00e9m reafirmar que o socialismo \u00e9 a \u00fanica alternativa poss\u00edvel \u00e0 barb\u00e1rie capitalista.\u00a0<\/span><\/p>\n<p><span>Playa Gir\u00f3n n\u00e3o acabou em 1961; \u00e9 uma luta permanente. Cada vez que uma escola se abre em Cuba, cada vez que uma brigada m\u00e9dica parte para o estrangeiro, cada vez que o povo cubano resiste \u00e0s priva\u00e7\u00f5es impostas pelo bloqueio sem baixar suas bandeiras, Gir\u00f3n est\u00e1 sendo vencida novamente, todos os dias, at\u00e9 a vit\u00f3ria final.<\/span><\/p>\n<p><em>Mat\u00e9ria publicada na edi\u00e7\u00e3o impressa n\u00ba332 do jornal A Verdade<\/em><\/p>\n<!-- Begin Yuzo --><div class='yuzo_related_post style-1'  data-version='5.12.89'><!-- without result --><div class='yuzo_clearfixed yuzo__title yuzo__title'><h3>Related Post<\/h3><\/div>\n\t\t\t\t\t\t  <div class=\"relatedthumb \" style=\"width:125px;float:left;overflow:hidden;\">  \n\t\t\t\t\t\t\t  \n\t\t\t\t\t\t\t  <a  href=\"https:\/\/redept.com.br\/blogosfera\/fator-trump-e-tragedia-em-vancouver-impactam-eleicao-no-canada\/\"  >\n\t\t\t\t\t\t\t\t\t  <div class=\"yuzo-img-wrap \" style=\"width: 125px;height:90px;\">\n\t\t\t\t\t\t\t\t\t\t\n\t\t\t\t\t\t\t\t\t\t<div class=\"yuzo-img\" style=\"background:url('https:\/\/redept.com.br\/blogosfera\/wp-content\/uploads\/2025\/04\/ele1-1536x1025-1-150x150.jpg') 50% 50% no-repeat;width: 125px;height:90px;margin-bottom: 5px;background-size: cover; \"><\/div>\n\t\t\t\t\t\t\t\t\t  <\/div>\n\t\t\t\t\t\t\t\t\t  \n\t\t\t\t\t\t\t\t   <span class=\"yuzo__text--title\" style=\"font-size:13px;\">Fator Trump e trag\u00e9dia em Vancouver impactam elei\u00e7...<\/span>\n\t\t\t\t\t\t\t  \n\t\t\t\t\t\t\t  \n\t\t\t\t\t\t\t  <\/a>\n\n\t\t\t\t\t\t  <\/div>\n\t\t\t\t\t\t  <div class=\"relatedthumb \" style=\"width:125px;float:left;overflow:hidden;\">  \n\t\t\t\t\t\t\t  \n\t\t\t\t\t\t\t  <a  href=\"https:\/\/redept.com.br\/blogosfera\/desembargador-nao-ve-risco-de-dano-grave-em-post-de-flavio-bolsonaro-associando-pt-trafico-e-suspende-remocao\/\"  >\n\t\t\t\t\t\t\t\t\t  <div class=\"yuzo-img-wrap \" style=\"width: 125px;height:90px;\">\n\t\t\t\t\t\t\t\t\t\t\n\t\t\t\t\t\t\t\t\t\t<div class=\"yuzo-img\" style=\"background:url('https:\/\/redept.org\/blogosfera\/wp-content\/plugins\/yuzo-related-post\/assets\/images\/default.png') 50% 50% no-repeat;width: 125px;height:90px;margin-bottom: 5px;background-size: cover; \"><\/div>\n\t\t\t\t\t\t\t\t\t  <\/div>\n\t\t\t\t\t\t\t\t\t  \n\t\t\t\t\t\t\t\t   <span class=\"yuzo__text--title\" style=\"font-size:13px;\">Desembargador n\u00e3o v\u00ea \u201crisco de dano grave\u201d em post...<\/span>\n\t\t\t\t\t\t\t  \n\t\t\t\t\t\t\t  \n\t\t\t\t\t\t\t  <\/a>\n\n\t\t\t\t\t\t  <\/div>\n\t\t\t\t\t\t  <div class=\"relatedthumb \" style=\"width:125px;float:left;overflow:hidden;\">  \n\t\t\t\t\t\t\t  \n\t\t\t\t\t\t\t  <a  href=\"https:\/\/redept.com.br\/blogosfera\/resultado-da-mega-sena-2909-premio-de-r-13-milhoes\/\"  >\n\t\t\t\t\t\t\t\t\t  <div class=\"yuzo-img-wrap \" style=\"width: 125px;height:90px;\">\n\t\t\t\t\t\t\t\t\t\t\n\t\t\t\t\t\t\t\t\t\t<div class=\"yuzo-img\" style=\"background:url('https:\/\/redept.com.br\/blogosfera\/wp-content\/uploads\/2025\/09\/Mega-Sena-novamente-sem-ganhador-premio-sobe-para-R-55-milhoes--150x150.jpg') 50% 50% no-repeat;width: 125px;height:90px;margin-bottom: 5px;background-size: cover; \"><\/div>\n\t\t\t\t\t\t\t\t\t  <\/div>\n\t\t\t\t\t\t\t\t\t  \n\t\t\t\t\t\t\t\t   <span class=\"yuzo__text--title\" style=\"font-size:13px;\">Resultado da Mega Sena 2909, pr\u00eamio de R$ 13 milh\u00f5...<\/span>\n\t\t\t\t\t\t\t  \n\t\t\t\t\t\t\t  \n\t\t\t\t\t\t\t  <\/a>\n\n\t\t\t\t\t\t  <\/div>\n\t\t\t\t\t\t  <div class=\"relatedthumb \" style=\"width:125px;float:left;overflow:hidden;\">  \n\t\t\t\t\t\t\t  \n\t\t\t\t\t\t\t  <a  href=\"https:\/\/redept.com.br\/blogosfera\/governo-federal-regulamenta-politica-nacional-de-cuidados\/\"  >\n\t\t\t\t\t\t\t\t\t  <div class=\"yuzo-img-wrap \" style=\"width: 125px;height:90px;\">\n\t\t\t\t\t\t\t\t\t\t\n\t\t\t\t\t\t\t\t\t\t<div class=\"yuzo-img\" style=\"background:url('https:\/\/redept.org\/blogosfera\/wp-content\/plugins\/yuzo-related-post\/assets\/images\/default.png') 50% 50% no-repeat;width: 125px;height:90px;margin-bottom: 5px;background-size: cover; \"><\/div>\n\t\t\t\t\t\t\t\t\t  <\/div>\n\t\t\t\t\t\t\t\t\t  \n\t\t\t\t\t\t\t\t   <span class=\"yuzo__text--title\" style=\"font-size:13px;\">Governo Federal regulamenta Pol\u00edtica Nacional de C...<\/span>\n\t\t\t\t\t\t\t  \n\t\t\t\t\t\t\t  \n\t\t\t\t\t\t\t  <\/a>\n\n\t\t\t\t\t\t  <\/div>\n<\/div> <script>\n\t\t\t\t\t\t  jQuery(document).ready(function( $ ){\n\t\t\t\t\t\t\t\/\/jQuery('.yuzo_related_post').equalizer({ overflow : 'relatedthumb' });\n\t\t\t\t\t\t\tjQuery('.yuzo_related_post .yuzo_wraps').equalizer({ columns : '> div' });\n\t\t\t\t\t\t   })\n\t\t\t\t\t\t  <\/script> <!-- End Yuzo :) -->","protected":false},"excerpt":{"rendered":"<p><img decoding=\"async\" width=\"1264\" height=\"841\" src=\"https:\/\/averdade.org.br\/wp-content\/uploads\/2026\/05\/Giron_02-cor.jpg\" alt=\"P\u00c1TRIA OU MORTE! Povo cubano pegou em armas para impedir invas\u00e3o imperialista. Foto: GRANMA\">H\u00e1 exatamente 65 anos, as areias de Playa Gir\u00f3n, em Cuba, tornaram-se cen\u00e1rio de uma das mais gloriosas p\u00e1ginas da hist\u00f3ria de resist\u00eancia dos povos oprimidos contra o imperialismo, quando 1.500 mercen\u00e1rios cubanos, treinados e financiados pelos Estados Unidos, foram derrotados e feitos prisioneiros ap\u00f3s uma tentativa fracassada de invas\u00e3o armada cujo objetivo era derrubar [\u2026]<\/p>\n","protected":false},"author":2,"featured_media":85834,"comment_status":"open","ping_status":"closed","sticky":false,"template":"","format":"standard","meta":{"fifu_image_url":"","fifu_image_alt":"","footnotes":""},"categories":[1185,758,461,1115,50,53682,86,42585],"tags":[],"class_list":["post-85833","post","type-post","status-publish","format-standard","has-post-thumbnail","hentry","category-cuba","category-edicao-impressa","category-historia","category-imperialismo","category-internacional","category-jav-332","category-jornal-impresso","category-luta-dos-povos"],"_links":{"self":[{"href":"https:\/\/redept.com.br\/blogosfera\/wp-json\/wp\/v2\/posts\/85833","targetHints":{"allow":["GET"]}}],"collection":[{"href":"https:\/\/redept.com.br\/blogosfera\/wp-json\/wp\/v2\/posts"}],"about":[{"href":"https:\/\/redept.com.br\/blogosfera\/wp-json\/wp\/v2\/types\/post"}],"author":[{"embeddable":true,"href":"https:\/\/redept.com.br\/blogosfera\/wp-json\/wp\/v2\/users\/2"}],"replies":[{"embeddable":true,"href":"https:\/\/redept.com.br\/blogosfera\/wp-json\/wp\/v2\/comments?post=85833"}],"version-history":[{"count":0,"href":"https:\/\/redept.com.br\/blogosfera\/wp-json\/wp\/v2\/posts\/85833\/revisions"}],"wp:featuredmedia":[{"embeddable":true,"href":"https:\/\/redept.com.br\/blogosfera\/wp-json\/wp\/v2\/media\/85834"}],"wp:attachment":[{"href":"https:\/\/redept.com.br\/blogosfera\/wp-json\/wp\/v2\/media?parent=85833"}],"wp:term":[{"taxonomy":"category","embeddable":true,"href":"https:\/\/redept.com.br\/blogosfera\/wp-json\/wp\/v2\/categories?post=85833"},{"taxonomy":"post_tag","embeddable":true,"href":"https:\/\/redept.com.br\/blogosfera\/wp-json\/wp\/v2\/tags?post=85833"}],"curies":[{"name":"wp","href":"https:\/\/api.w.org\/{rel}","templated":true}]}}