{"id":8632,"date":"2024-12-17T12:42:56","date_gmt":"2024-12-17T15:42:56","guid":{"rendered":"https:\/\/redept.org\/blogosfera\/estudantes-reconstroem-o-dce-da-unama\/"},"modified":"2024-12-17T12:42:56","modified_gmt":"2024-12-17T15:42:56","slug":"estudantes-reconstroem-o-dce-da-unama","status":"publish","type":"post","link":"https:\/\/redept.com.br\/blogosfera\/estudantes-reconstroem-o-dce-da-unama\/","title":{"rendered":"Estudantes reconstroem o DCE da UNAMA"},"content":{"rendered":"<p><strong>Ap\u00f3s 5 anos de abandono da entidade, mobiliza\u00e7\u00e3o encabe\u00e7ada pelo Movimento Correnteza reconstruiu o DCE da Universidade da Amaz\u00f4nia (UNAMA). A vitoriosa chapa \u201cPra Fazer Acontecer\u201d, que vendeu 111 jornais na elei\u00e7\u00e3o, promete enfrentar a precariza\u00e7\u00e3o do ensino pelo Grupo Ser, monop\u00f3lio privado que gere a UNAMA<\/strong><\/p>\n<p><strong>Nicole Be<\/strong><strong>l e \u00cdcaro Santos | Bel\u00e9m (PA)<\/strong><\/p>\n<hr>\n<p>Neste fim de ano, a vit\u00f3ria da chapa \u201cPra Fazer Acontecer\u201d, com a participa\u00e7\u00e3o do Movimento Correnteza, marcou a reconstru\u00e7\u00e3o do Diret\u00f3rio Central dos Estudantes da Universidade da Amaz\u00f4nia (DCE UNAMA).<\/p>\n<p>H\u00e1 quase 5 anos, o DCE da UNAMA estava abandonado, deixando os estudantes da institui\u00e7\u00e3o sem qualquer forma de representa\u00e7\u00e3o, sentindo na pele a precariza\u00e7\u00e3o do ensino pelas m\u00e3os do grupo Ser. Essa grande empresa monopolista do setor do ensino superior privado \u00e9 a atual mantenedora da UNAMA e tem sob seu poder um grande n\u00famero de universidades particulares em todo pa\u00eds.<\/p>\n<p>Para enfrentar esse cen\u00e1rio, o Movimento Correnteza organizou n\u00facleos de atua\u00e7\u00e3o na universidade, convocou reuni\u00f5es e plen\u00e1rias para ouvir com detalhe as demandas de cada curso. Ap\u00f3s a organiza\u00e7\u00e3o inicial, foram travadas lutas reivindicat\u00f3rias de extrema import\u00e2ncia, representando o interesse dos estudantes, demonstrando a luta como alternativa e pavimentando os primeiros passos para a refunda\u00e7\u00e3o da entidade.<\/p>\n<h4><strong>Precariza\u00e7\u00e3o do ensino<\/strong><\/h4>\n<p>Com base nos n\u00facleos e plen\u00e1rias, os estudantes denunciaram que apesar de pagarem por cursos presenciais, em muitos cursos h\u00e1 a presen\u00e7a das disciplinas<em> online <\/em>(DOL),\u00a0 al\u00e9m do abuso de taxas cobradas nas primeiras mensalidades de diversos calouros. As DOL s\u00e3o a express\u00e3o pr\u00e1tica da implementa\u00e7\u00e3o da <a href=\"https:\/\/abmes.org.br\/arquivos\/legislacoes\/Portaria-mec-2117-2019-12-06.pdf\">Portaria N\u00b0 2.117\/19<\/a> do MEC, aprovada no governo do fascista Jair Bolsonaro, que permite at\u00e9 40% de Ensino \u00e0 Dist\u00e2ncia (EaD) nos cursos de gradua\u00e7\u00e3o das universidades privadas e p\u00fablicas sem que eles deixem de ser considerados \u201cpresenciais\u201d.<\/p>\n<p>Para elevar cada vez mais seu lucro, as institui\u00e7\u00f5es privadas em todo Brasil est\u00e3o se aproveitando desta portaria para impor a modalidade EaD no m\u00e1ximo de cursos poss\u00edveis em pouqu\u00edssimo tempo. O Movimento Correnteza denuncia que essa manobra precariza a qualidade do ensino, explora os professores, e na pr\u00e1tica, torna os cursos h\u00edbridos, enquanto os estudantes seguem pagando por cursos presenciais.<\/p>\n<h4><strong>Jornal organiza luta estudantil<\/strong><\/h4>\n<p>Diante de tanto desrespeito, os estudantes decidiram pela reconstru\u00e7\u00e3o do DCE, que havia sido abandonado pela \u00faltima gest\u00e3o. Em 2023, atas do DCE foram fraudadas pelas for\u00e7as majorit\u00e1rias da Uni\u00e3o Nacional dos Estudantes (UNE) para a obten\u00e7\u00e3o de vantagens no congresso da entidade, \u00e0 revelia dos estudantes que cada vez mais percebiam a mercantiliza\u00e7\u00e3o, a piora do ensino e a falta de um instrumento para conduzir suas lutas. Por isso, no segundo semestre, o Movimento Correnteza realizou diversas passagens em sala e panfletagens convidando os alunos a se organizarem e participarem da assembleia de refunda\u00e7\u00e3o do DCE, que deu in\u00edcio ao processo.<\/p>\n<p>\u00c9 necess\u00e1rio destacar o papel que o jornal <em>A Verdade<\/em> cumpriu para a difus\u00e3o de importantes debates pol\u00edticos, como o papel central da organiza\u00e7\u00e3o coletiva. Ele tamb\u00e9m sempre se manteve no centro da luta dos estudantes, j\u00e1 que todas as panfletagens foram acompanhadas de brigadas dos jornal, que totalizaram 111 exemplares vendidos durante o per\u00edodo eleitoral. Al\u00e9m disso, nas reuni\u00f5es de n\u00facleo do Movimento Correnteza, s\u00e3o estudadas as as mat\u00e9rias que denunciam a realidade cada vez pior dos estudantes, apontando a luta coletiva como sa\u00edda e solu\u00e7\u00e3o desses problemas.<\/p>\n<p>O Movimento Correnteza, junto com estudantes independentes, inscreveu nas elei\u00e7\u00f5es do DCE UNAMA a chapa \u201cPra Fazer Acontecer\u201d, que construiu v\u00e1rios dias de mobiliza\u00e7\u00f5es onde diversos problemas da universidade foram denunciados, como a infraestrutura prec\u00e1ria, a burocracia acad\u00eamica e as mensalidades abusivas. Ao fim, a elei\u00e7\u00e3o se concluiu com 786 votos para a chapa, vindos de estudantes que acreditaram na organiza\u00e7\u00e3o do movimento estudantil e estavam ansiosos por colocar a UNAMA de volta para a luta.<\/p>\n<!-- Begin Yuzo --><div class='yuzo_related_post style-1'  data-version='5.12.89'><!-- without result --><div class='yuzo_clearfixed yuzo__title yuzo__title'><h3>Related Post<\/h3><\/div>\n\t\t\t\t\t\t  <div class=\"relatedthumb \" style=\"width:125px;float:left;overflow:hidden;\">  \n\t\t\t\t\t\t\t  \n\t\t\t\t\t\t\t  <a  href=\"https:\/\/redept.com.br\/blogosfera\/a-guerra-contra-o-ira-e-a-escolha-de-trump-para-o-colapso-da-liquidez-global\/\"  >\n\t\t\t\t\t\t\t\t\t  <div class=\"yuzo-img-wrap \" style=\"width: 125px;height:90px;\">\n\t\t\t\t\t\t\t\t\t\t\n\t\t\t\t\t\t\t\t\t\t<div class=\"yuzo-img\" style=\"background:url('https:\/\/redept.com.br\/blogosfera\/wp-content\/uploads\/2026\/03\/petroleiro-em-chamas-estreito-de-ormuz-foto-ISNA-150x150.webp') 50% 50% no-repeat;width: 125px;height:90px;margin-bottom: 5px;background-size: cover; \"><\/div>\n\t\t\t\t\t\t\t\t\t  <\/div>\n\t\t\t\t\t\t\t\t\t  \n\t\t\t\t\t\t\t\t   <span class=\"yuzo__text--title\" style=\"font-size:13px;\">A guerra contra o Ir\u00e3 \u00e9 a escolha de Trump para o ...<\/span>\n\t\t\t\t\t\t\t  \n\t\t\t\t\t\t\t  \n\t\t\t\t\t\t\t  <\/a>\n\n\t\t\t\t\t\t  <\/div>\n\t\t\t\t\t\t  <div class=\"relatedthumb \" style=\"width:125px;float:left;overflow:hidden;\">  \n\t\t\t\t\t\t\t  \n\t\t\t\t\t\t\t  <a  href=\"https:\/\/redept.com.br\/blogosfera\/de-candidato-a-condenado-os-detalhes-incomodos-da-trajetoria-de-jair-bolsonaro\/\"  >\n\t\t\t\t\t\t\t\t\t  <div class=\"yuzo-img-wrap \" style=\"width: 125px;height:90px;\">\n\t\t\t\t\t\t\t\t\t\t\n\t\t\t\t\t\t\t\t\t\t<div class=\"yuzo-img\" style=\"background:url('https:\/\/redept.org\/blogosfera\/wp-content\/plugins\/yuzo-related-post\/assets\/images\/default.png') 50% 50% no-repeat;width: 125px;height:90px;margin-bottom: 5px;background-size: cover; \"><\/div>\n\t\t\t\t\t\t\t\t\t  <\/div>\n\t\t\t\t\t\t\t\t\t  \n\t\t\t\t\t\t\t\t   <span class=\"yuzo__text--title\" style=\"font-size:13px;\">De candidato a condenado: os detalhes inc\u00f4modos da...<\/span>\n\t\t\t\t\t\t\t  \n\t\t\t\t\t\t\t  \n\t\t\t\t\t\t\t  <\/a>\n\n\t\t\t\t\t\t  <\/div>\n\t\t\t\t\t\t  <div class=\"relatedthumb \" style=\"width:125px;float:left;overflow:hidden;\">  \n\t\t\t\t\t\t\t  \n\t\t\t\t\t\t\t  <a  href=\"https:\/\/redept.com.br\/blogosfera\/putin-liga-para-lula-para-conversar-sobre-dialogo-da-russia-com-os-eua-e-guerra-na-ucrania\/\"  >\n\t\t\t\t\t\t\t\t\t  <div class=\"yuzo-img-wrap \" style=\"width: 125px;height:90px;\">\n\t\t\t\t\t\t\t\t\t\t\n\t\t\t\t\t\t\t\t\t\t<div class=\"yuzo-img\" style=\"background:url('https:\/\/redept.org\/blogosfera\/wp-content\/plugins\/yuzo-related-post\/assets\/images\/default.png') 50% 50% no-repeat;width: 125px;height:90px;margin-bottom: 5px;background-size: cover; \"><\/div>\n\t\t\t\t\t\t\t\t\t  <\/div>\n\t\t\t\t\t\t\t\t\t  \n\t\t\t\t\t\t\t\t   <span class=\"yuzo__text--title\" style=\"font-size:13px;\">Putin liga para Lula para conversar sobre di\u00e1logo ...<\/span>\n\t\t\t\t\t\t\t  \n\t\t\t\t\t\t\t  \n\t\t\t\t\t\t\t  <\/a>\n\n\t\t\t\t\t\t  <\/div>\n\t\t\t\t\t\t  <div class=\"relatedthumb \" style=\"width:125px;float:left;overflow:hidden;\">  \n\t\t\t\t\t\t\t  \n\t\t\t\t\t\t\t  <a  href=\"https:\/\/redept.com.br\/blogosfera\/russia-e-belarus-farao-exercicios-militares-com-planejamento-de-uso-de-armas-nucleares-e-misseis-oreshnik\/\"  >\n\t\t\t\t\t\t\t\t\t  <div class=\"yuzo-img-wrap \" style=\"width: 125px;height:90px;\">\n\t\t\t\t\t\t\t\t\t\t\n\t\t\t\t\t\t\t\t\t\t<div class=\"yuzo-img\" style=\"background:url('https:\/\/redept.org\/blogosfera\/wp-content\/plugins\/yuzo-related-post\/assets\/images\/default.png') 50% 50% no-repeat;width: 125px;height:90px;margin-bottom: 5px;background-size: cover; \"><\/div>\n\t\t\t\t\t\t\t\t\t  <\/div>\n\t\t\t\t\t\t\t\t\t  \n\t\t\t\t\t\t\t\t   <span class=\"yuzo__text--title\" style=\"font-size:13px;\">R\u00fassia e Belarus far\u00e3o exerc\u00edcios militares com \u2018p...<\/span>\n\t\t\t\t\t\t\t  \n\t\t\t\t\t\t\t  \n\t\t\t\t\t\t\t  <\/a>\n\n\t\t\t\t\t\t  <\/div>\n<\/div> <script>\n\t\t\t\t\t\t  jQuery(document).ready(function( $ ){\n\t\t\t\t\t\t\t\/\/jQuery('.yuzo_related_post').equalizer({ overflow : 'relatedthumb' });\n\t\t\t\t\t\t\tjQuery('.yuzo_related_post .yuzo_wraps').equalizer({ columns : '> div' });\n\t\t\t\t\t\t   })\n\t\t\t\t\t\t  <\/script> <!-- End Yuzo :) -->","protected":false},"excerpt":{"rendered":"<p>Ap\u00f3s 5 anos de abandono da entidade, mobiliza\u00e7\u00e3o encabe\u00e7ada pelo Movimento Correnteza reconstruiu o DCE da Universidade da Amaz\u00f4nia (UNAMA). A vitoriosa chapa \u201cPra Fazer Acontecer\u201d, que vendeu 111 jornais na elei\u00e7\u00e3o, promete enfrentar a precariza\u00e7\u00e3o do ensino pelo Grupo Ser, monop\u00f3lio privado que gere a UNAMA Nicole Bel e \u00cdcaro Santos | Bel\u00e9m (PA) [&hellip;]<\/p>\n","protected":false},"author":2,"featured_media":0,"comment_status":"open","ping_status":"closed","sticky":false,"template":"","format":"standard","meta":{"fifu_image_url":"","fifu_image_alt":"","footnotes":""},"categories":[894,67,1203,362,722,2782],"tags":[],"class_list":["post-8632","post","type-post","status-publish","format-standard","hentry","category-belem","category-juventude","category-movimento-correnteza","category-movimento-estudantil","category-para","category-unama"],"_links":{"self":[{"href":"https:\/\/redept.com.br\/blogosfera\/wp-json\/wp\/v2\/posts\/8632","targetHints":{"allow":["GET"]}}],"collection":[{"href":"https:\/\/redept.com.br\/blogosfera\/wp-json\/wp\/v2\/posts"}],"about":[{"href":"https:\/\/redept.com.br\/blogosfera\/wp-json\/wp\/v2\/types\/post"}],"author":[{"embeddable":true,"href":"https:\/\/redept.com.br\/blogosfera\/wp-json\/wp\/v2\/users\/2"}],"replies":[{"embeddable":true,"href":"https:\/\/redept.com.br\/blogosfera\/wp-json\/wp\/v2\/comments?post=8632"}],"version-history":[{"count":0,"href":"https:\/\/redept.com.br\/blogosfera\/wp-json\/wp\/v2\/posts\/8632\/revisions"}],"wp:attachment":[{"href":"https:\/\/redept.com.br\/blogosfera\/wp-json\/wp\/v2\/media?parent=8632"}],"wp:term":[{"taxonomy":"category","embeddable":true,"href":"https:\/\/redept.com.br\/blogosfera\/wp-json\/wp\/v2\/categories?post=8632"},{"taxonomy":"post_tag","embeddable":true,"href":"https:\/\/redept.com.br\/blogosfera\/wp-json\/wp\/v2\/tags?post=8632"}],"curies":[{"name":"wp","href":"https:\/\/api.w.org\/{rel}","templated":true}]}}