{"id":86343,"date":"2026-05-07T17:47:12","date_gmt":"2026-05-07T20:47:12","guid":{"rendered":"https:\/\/redept.com.br\/blogosfera\/mendonca-pressiona-defesa-de-vorcaro-para-melar-delacao-que-cita-inelegivel-e-expoe-omissao-de-campos-neto-no-master-diz-jornalista\/"},"modified":"2026-05-07T17:47:12","modified_gmt":"2026-05-07T20:47:12","slug":"mendonca-pressiona-defesa-de-vorcaro-para-melar-delacao-que-cita-inelegivel-e-expoe-omissao-de-campos-neto-no-master-diz-jornalista","status":"publish","type":"post","link":"https:\/\/redept.com.br\/blogosfera\/mendonca-pressiona-defesa-de-vorcaro-para-melar-delacao-que-cita-inelegivel-e-expoe-omissao-de-campos-neto-no-master-diz-jornalista\/","title":{"rendered":"Mendon\u00e7a pressiona defesa de Vorcaro para \u201cmelar\u201d dela\u00e7\u00e3o que cita \u201cineleg\u00edvel\u201d e exp\u00f5e omiss\u00e3o de Campos Neto no Master, diz jornalista"},"content":{"rendered":"<p>Banqueiro entrega proposta de colabora\u00e7\u00e3o com ind\u00edcios contra ex-presidente do BC e doa\u00e7\u00e3o de R$ 5 milh\u00f5es a Bolsonaro; Eduardo Guimar\u00e3es alerta que relator do STF busca acordo que poupe a extrema direita<\/p>\n<p>O post Mendon\u00e7a pressiona defesa de Vorcaro para \u201cmelar\u201d dela\u00e7\u00e3o que cita \u201cineleg\u00edvel\u201d e exp\u00f5e omiss\u00e3o de Campos Neto no Master, diz jornalista apareceu primeiro em Urbs Magna.<\/p>\n<!-- Begin Yuzo --><div class='yuzo_related_post style-1'  data-version='5.12.89'><!-- without result --><div class='yuzo_clearfixed yuzo__title yuzo__title'><h3>Related Post<\/h3><\/div>\n\t\t\t\t\t\t  <div class=\"relatedthumb \" style=\"width:125px;float:left;overflow:hidden;\">  \n\t\t\t\t\t\t\t  \n\t\t\t\t\t\t\t  <a  href=\"https:\/\/redept.com.br\/blogosfera\/de-olho-nos-ruralistas-e-fase-lancam-estudo-sobre-lobbies-na-cop30\/\"  >\n\t\t\t\t\t\t\t\t\t  <div class=\"yuzo-img-wrap \" style=\"width: 125px;height:90px;\">\n\t\t\t\t\t\t\t\t\t\t\n\t\t\t\t\t\t\t\t\t\t<div class=\"yuzo-img\" style=\"background:url('https:\/\/redept.com.br\/blogosfera\/wp-content\/uploads\/2025\/11\/COP-30-150x150.webp') 50% 50% no-repeat;width: 125px;height:90px;margin-bottom: 5px;background-size: cover; \"><\/div>\n\t\t\t\t\t\t\t\t\t  <\/div>\n\t\t\t\t\t\t\t\t\t  \n\t\t\t\t\t\t\t\t   <span class=\"yuzo__text--title\" style=\"font-size:13px;\">De Olho nos Ruralistas e FASE lan\u00e7am estudo sobre ...<\/span>\n\t\t\t\t\t\t\t  \n\t\t\t\t\t\t\t  \n\t\t\t\t\t\t\t  <\/a>\n\n\t\t\t\t\t\t  <\/div>\n\t\t\t\t\t\t  <div class=\"relatedthumb \" style=\"width:125px;float:left;overflow:hidden;\">  \n\t\t\t\t\t\t\t  \n\t\t\t\t\t\t\t  <a  href=\"https:\/\/redept.com.br\/blogosfera\/feijoada-de-ogum-conecta-ancestralidade-e-agroecologia-em-espaco-do-mst-no-centro-de-sp\/\"  >\n\t\t\t\t\t\t\t\t\t  <div class=\"yuzo-img-wrap \" style=\"width: 125px;height:90px;\">\n\t\t\t\t\t\t\t\t\t\t\n\t\t\t\t\t\t\t\t\t\t<div class=\"yuzo-img\" style=\"background:url('https:\/\/redept.org\/blogosfera\/wp-content\/plugins\/yuzo-related-post\/assets\/images\/default.png') 50% 50% no-repeat;width: 125px;height:90px;margin-bottom: 5px;background-size: cover; \"><\/div>\n\t\t\t\t\t\t\t\t\t  <\/div>\n\t\t\t\t\t\t\t\t\t  \n\t\t\t\t\t\t\t\t   <span class=\"yuzo__text--title\" style=\"font-size:13px;\">Feijoada de Ogum conecta ancestralidade e agroecol...<\/span>\n\t\t\t\t\t\t\t  \n\t\t\t\t\t\t\t  \n\t\t\t\t\t\t\t  <\/a>\n\n\t\t\t\t\t\t  <\/div>\n\t\t\t\t\t\t  <div class=\"relatedthumb \" style=\"width:125px;float:left;overflow:hidden;\">  \n\t\t\t\t\t\t\t  \n\t\t\t\t\t\t\t  <a  href=\"https:\/\/redept.com.br\/blogosfera\/como-a-reforma-agraria-pode-combater-a-crise-climatica\/\"  >\n\t\t\t\t\t\t\t\t\t  <div class=\"yuzo-img-wrap \" style=\"width: 125px;height:90px;\">\n\t\t\t\t\t\t\t\t\t\t\n\t\t\t\t\t\t\t\t\t\t<div class=\"yuzo-img\" style=\"background:url('https:\/\/redept.com.br\/blogosfera\/wp-content\/uploads\/2025\/05\/Lancamento-do-Plano-Nacional-na-Bahia-Foto_-Coletivo-de-Comunicacao-do-MST-na-Bahia-768x512-1-150x150.jpeg') 50% 50% no-repeat;width: 125px;height:90px;margin-bottom: 5px;background-size: cover; \"><\/div>\n\t\t\t\t\t\t\t\t\t  <\/div>\n\t\t\t\t\t\t\t\t\t  \n\t\t\t\t\t\t\t\t   <span class=\"yuzo__text--title\" style=\"font-size:13px;\">Como a Reforma Agr\u00e1ria pode combater a crise clim\u00e1...<\/span>\n\t\t\t\t\t\t\t  \n\t\t\t\t\t\t\t  \n\t\t\t\t\t\t\t  <\/a>\n\n\t\t\t\t\t\t  <\/div>\n\t\t\t\t\t\t  <div class=\"relatedthumb \" style=\"width:125px;float:left;overflow:hidden;\">  \n\t\t\t\t\t\t\t  \n\t\t\t\t\t\t\t  <a  href=\"https:\/\/redept.com.br\/blogosfera\/oposicao-aciona-a-justica-para-barrar-eleicao-de-douglas-ruas-para-a-presidencia-da-alerj\/\"  >\n\t\t\t\t\t\t\t\t\t  <div class=\"yuzo-img-wrap \" style=\"width: 125px;height:90px;\">\n\t\t\t\t\t\t\t\t\t\t\n\t\t\t\t\t\t\t\t\t\t<div class=\"yuzo-img\" style=\"background:url('https:\/\/redept.org\/blogosfera\/wp-content\/plugins\/yuzo-related-post\/assets\/images\/default.png') 50% 50% no-repeat;width: 125px;height:90px;margin-bottom: 5px;background-size: cover; \"><\/div>\n\t\t\t\t\t\t\t\t\t  <\/div>\n\t\t\t\t\t\t\t\t\t  \n\t\t\t\t\t\t\t\t   <span class=\"yuzo__text--title\" style=\"font-size:13px;\">Oposi\u00e7\u00e3o aciona a Justi\u00e7a para barrar elei\u00e7\u00e3o de D...<\/span>\n\t\t\t\t\t\t\t  \n\t\t\t\t\t\t\t  \n\t\t\t\t\t\t\t  <\/a>\n\n\t\t\t\t\t\t  <\/div>\n<\/div> <script>\n\t\t\t\t\t\t  jQuery(document).ready(function( $ ){\n\t\t\t\t\t\t\t\/\/jQuery('.yuzo_related_post').equalizer({ overflow : 'relatedthumb' });\n\t\t\t\t\t\t\tjQuery('.yuzo_related_post .yuzo_wraps').equalizer({ columns : '> div' });\n\t\t\t\t\t\t   })\n\t\t\t\t\t\t  <\/script> <!-- End Yuzo :) -->","protected":false},"excerpt":{"rendered":"<p>Banqueiro entrega proposta de colabora\u00e7\u00e3o com ind\u00edcios contra ex-presidente do BC e doa\u00e7\u00e3o de R$ 5 milh\u00f5es a Bolsonaro; Eduardo Guimar\u00e3es alerta que relator do STF busca acordo que poupe a extrema direita<\/p>\n<p>O post <a rel=\"nofollow\" href=\"https:\/\/urbsmagna.com\/mendonca-tenta-melar-delacao-vorcaro-bolsonaro-campos-neto-banco-master\/\">Mendon\u00e7a pressiona defesa de Vorcaro para \u201cmelar\u201d dela\u00e7\u00e3o que cita \u201cineleg\u00edvel\u201d e exp\u00f5e omiss\u00e3o de Campos Neto no Master, diz jornalista<\/a> apareceu primeiro em <a rel=\"nofollow\" href=\"https:\/\/urbsmagna.com\/\">Urbs Magna<\/a>.<\/p>\n","protected":false},"author":2,"featured_media":0,"comment_status":"open","ping_status":"closed","sticky":false,"template":"","format":"standard","meta":{"fifu_image_url":"","fifu_image_alt":"","footnotes":""},"categories":[10166,55275,17810,114,30903,2207,30544,40979,33392,824,2366,288,191,30545,132,5471,4391,260,55276,12623],"tags":[],"class_list":["post-86343","post","type-post","status-publish","format-standard","hentry","category-andre-mendonca","category-banco-central-omissao","category-banco-master","category-bolsonarismo","category-caso-master","category-corrupcao","category-daniel-vorcaro","category-delacao-vorcaro","category-fabiano-zettel","category-jair-bolsonaro","category-jornalismo","category-justica","category-noticias","category-operacao-compliance-zero","category-politica","category-politica-nacional","category-roberto-campos-neto","category-stf","category-stf-delacao","category-supremo-tribunal-federal-stf"],"_links":{"self":[{"href":"https:\/\/redept.com.br\/blogosfera\/wp-json\/wp\/v2\/posts\/86343","targetHints":{"allow":["GET"]}}],"collection":[{"href":"https:\/\/redept.com.br\/blogosfera\/wp-json\/wp\/v2\/posts"}],"about":[{"href":"https:\/\/redept.com.br\/blogosfera\/wp-json\/wp\/v2\/types\/post"}],"author":[{"embeddable":true,"href":"https:\/\/redept.com.br\/blogosfera\/wp-json\/wp\/v2\/users\/2"}],"replies":[{"embeddable":true,"href":"https:\/\/redept.com.br\/blogosfera\/wp-json\/wp\/v2\/comments?post=86343"}],"version-history":[{"count":0,"href":"https:\/\/redept.com.br\/blogosfera\/wp-json\/wp\/v2\/posts\/86343\/revisions"}],"wp:attachment":[{"href":"https:\/\/redept.com.br\/blogosfera\/wp-json\/wp\/v2\/media?parent=86343"}],"wp:term":[{"taxonomy":"category","embeddable":true,"href":"https:\/\/redept.com.br\/blogosfera\/wp-json\/wp\/v2\/categories?post=86343"},{"taxonomy":"post_tag","embeddable":true,"href":"https:\/\/redept.com.br\/blogosfera\/wp-json\/wp\/v2\/tags?post=86343"}],"curies":[{"name":"wp","href":"https:\/\/api.w.org\/{rel}","templated":true}]}}