{"id":86616,"date":"2026-05-09T14:50:51","date_gmt":"2026-05-09T17:50:51","guid":{"rendered":"https:\/\/redept.com.br\/blogosfera\/eua-lancam-novo-ataque-contra-embarcacao-no-pacifico-e-matam-dois-homens\/"},"modified":"2026-05-09T14:50:51","modified_gmt":"2026-05-09T17:50:51","slug":"eua-lancam-novo-ataque-contra-embarcacao-no-pacifico-e-matam-dois-homens","status":"publish","type":"post","link":"https:\/\/redept.com.br\/blogosfera\/eua-lancam-novo-ataque-contra-embarcacao-no-pacifico-e-matam-dois-homens\/","title":{"rendered":"EUA lan\u00e7am novo ataque contra embarca\u00e7\u00e3o no Pac\u00edfico e matam dois homens"},"content":{"rendered":"<p><span>O Comando Sul dos Estados Unidos (Southcom, na sigla em ingl\u00eas) informou ter realizado um \u201cataque cin\u00e9tico letal\u201d a uma embarca\u00e7\u00e3o no Pac\u00edfico Oriental na sexta-feira (08\/05), resultando na morte de dois homens e deixando um sobrevivente. A opera\u00e7\u00e3o foi ordenada pelo General Francis L. Donovan, comandante da for\u00e7a-tarefa \u201cSouthern Spear\u201d, alegando suspeita de \u201ctr\u00e1fico de narc\u00f3ticos\u201d.<\/span><\/p>\n<p><span>De acordo com relat\u00f3rios de intelig\u00eancia dos Estados Unidos, o navio viajava por rotas conhecidas pelo tr\u00e1fico de drogas e estava supostamente envolvido em atividades criminosas. \u201cAp\u00f3s o confronto, o Southcom notificou imediatamente a Guarda Costeira dos Estados Unidos para ativar o sistema de Busca e Salvamento para o sobrevivente. Nenhuma for\u00e7a militar dos Estados Unidos foi ferida\u201d, comunicou.<\/span><\/p>\n<blockquote data-media-max-width=\"560\">\n<p dir=\"ltr\" lang=\"en\">On May 8, at the direction of #SOUTHCOM commander Gen. Francis L. Donovan, Joint Task Force Southern Spear conducted a lethal kinetic strike on a vessel operated by Designated Terrorist Organizations. Intelligence confirmed the vessel was transiting along known narco-trafficking\u2026 pic.twitter.com\/YFLQNZufRx<\/p>\n<p>\u2014 U.S. Southern Command (@Southcom) May 9, 2026<\/p>\n<\/blockquote>\n<p><span>A opera\u00e7\u00e3o norte-americana se soma a uma s\u00e9rie de mais de 57 ataques do tipo registrados desde setembro do ano passado sob o governo de Donald Trump, que justifica as a\u00e7\u00f5es, concentradas pr\u00f3ximas \u00e0s costas da Venezuela e da Col\u00f4mbia, como um esfor\u00e7o para conter o fluxo de narc\u00f3ticos.<\/span><\/p>\n<p><span>Com o maior destacamento militar em d\u00e9cadas nas \u00e1guas do Caribe e do Pac\u00edfico, incluindo a presen\u00e7a constante de recursos navais e a\u00e9reos, a estrat\u00e9gia norte-americana de intercepta\u00e7\u00e3o em rotas mar\u00edtimas resultou, at\u00e9 o momento, em pelo menos 190 mortos, al\u00e9m de dezenas de desaparecidos, de acordo com registros oficiais e an\u00e1lises de dados de busca e salvamento.<\/span><\/p>\n<p>(*) Com <em>Telesur<\/em><\/p>\n<p>O post EUA lan\u00e7am novo ataque contra embarca\u00e7\u00e3o no Pac\u00edfico e matam dois homens apareceu primeiro em Opera Mundi.<\/p>\n<!-- Begin Yuzo --><div class='yuzo_related_post style-1'  data-version='5.12.89'><!-- without result --><div class='yuzo_clearfixed yuzo__title yuzo__title'><h3>Related Post<\/h3><\/div>\n\t\t\t\t\t\t  <div class=\"relatedthumb \" style=\"width:125px;float:left;overflow:hidden;\">  \n\t\t\t\t\t\t\t  \n\t\t\t\t\t\t\t  <a  href=\"https:\/\/redept.com.br\/blogosfera\/stf-tem-5-a-0-para-condenar-zambelli-kassio-nunes-marques-pede-vista\/\"  >\n\t\t\t\t\t\t\t\t\t  <div class=\"yuzo-img-wrap \" style=\"width: 125px;height:90px;\">\n\t\t\t\t\t\t\t\t\t\t\n\t\t\t\t\t\t\t\t\t\t<div class=\"yuzo-img\" style=\"background:url('https:\/\/redept.org\/blogosfera\/wp-content\/plugins\/yuzo-related-post\/assets\/images\/default.png') 50% 50% no-repeat;width: 125px;height:90px;margin-bottom: 5px;background-size: cover; \"><\/div>\n\t\t\t\t\t\t\t\t\t  <\/div>\n\t\t\t\t\t\t\t\t\t  \n\t\t\t\t\t\t\t\t   <span class=\"yuzo__text--title\" style=\"font-size:13px;\">STF tem 5 a 0 para condenar Zambelli. Kassio Nunes...<\/span>\n\t\t\t\t\t\t\t  \n\t\t\t\t\t\t\t  \n\t\t\t\t\t\t\t  <\/a>\n\n\t\t\t\t\t\t  <\/div>\n\t\t\t\t\t\t  <div class=\"relatedthumb \" style=\"width:125px;float:left;overflow:hidden;\">  \n\t\t\t\t\t\t\t  \n\t\t\t\t\t\t\t  <a  href=\"https:\/\/redept.com.br\/blogosfera\/lulismo-volta-a-disputar-narrativa-na-cultura-popular-cientista-politico-analisa-homenagem-a-lula-no-carnaval\/\"  >\n\t\t\t\t\t\t\t\t\t  <div class=\"yuzo-img-wrap \" style=\"width: 125px;height:90px;\">\n\t\t\t\t\t\t\t\t\t\t\n\t\t\t\t\t\t\t\t\t\t<div class=\"yuzo-img\" style=\"background:url('https:\/\/redept.org\/blogosfera\/wp-content\/plugins\/yuzo-related-post\/assets\/images\/default.png') 50% 50% no-repeat;width: 125px;height:90px;margin-bottom: 5px;background-size: cover; \"><\/div>\n\t\t\t\t\t\t\t\t\t  <\/div>\n\t\t\t\t\t\t\t\t\t  \n\t\t\t\t\t\t\t\t   <span class=\"yuzo__text--title\" style=\"font-size:13px;\">\u2018Lulismo volta a disputar narrativa na cultura pop...<\/span>\n\t\t\t\t\t\t\t  \n\t\t\t\t\t\t\t  \n\t\t\t\t\t\t\t  <\/a>\n\n\t\t\t\t\t\t  <\/div>\n\t\t\t\t\t\t  <div class=\"relatedthumb \" style=\"width:125px;float:left;overflow:hidden;\">  \n\t\t\t\t\t\t\t  \n\t\t\t\t\t\t\t  <a  href=\"https:\/\/redept.com.br\/blogosfera\/premie-foi-colocado-no-poder-pelos-eua-afirma-correspondente-sobre-novo-governo-ilegitimo-no-haiti\/\"  >\n\t\t\t\t\t\t\t\t\t  <div class=\"yuzo-img-wrap \" style=\"width: 125px;height:90px;\">\n\t\t\t\t\t\t\t\t\t\t\n\t\t\t\t\t\t\t\t\t\t<div class=\"yuzo-img\" style=\"background:url('https:\/\/redept.org\/blogosfera\/wp-content\/plugins\/yuzo-related-post\/assets\/images\/default.png') 50% 50% no-repeat;width: 125px;height:90px;margin-bottom: 5px;background-size: cover; \"><\/div>\n\t\t\t\t\t\t\t\t\t  <\/div>\n\t\t\t\t\t\t\t\t\t  \n\t\t\t\t\t\t\t\t   <span class=\"yuzo__text--title\" style=\"font-size:13px;\">\u2018Premi\u00ea foi colocado no poder pelos EUA\u2019, afirma c...<\/span>\n\t\t\t\t\t\t\t  \n\t\t\t\t\t\t\t  \n\t\t\t\t\t\t\t  <\/a>\n\n\t\t\t\t\t\t  <\/div>\n\t\t\t\t\t\t  <div class=\"relatedthumb \" style=\"width:125px;float:left;overflow:hidden;\">  \n\t\t\t\t\t\t\t  \n\t\t\t\t\t\t\t  <a  href=\"https:\/\/redept.com.br\/blogosfera\/presidente-do-tj-ro-cobra-retratacao-da-folha-por-charge-com-lapide-de-juiza-morta\/\"  >\n\t\t\t\t\t\t\t\t\t  <div class=\"yuzo-img-wrap \" style=\"width: 125px;height:90px;\">\n\t\t\t\t\t\t\t\t\t\t\n\t\t\t\t\t\t\t\t\t\t<div class=\"yuzo-img\" style=\"background:url('https:\/\/redept.org\/blogosfera\/wp-content\/plugins\/yuzo-related-post\/assets\/images\/default.png') 50% 50% no-repeat;width: 125px;height:90px;margin-bottom: 5px;background-size: cover; \"><\/div>\n\t\t\t\t\t\t\t\t\t  <\/div>\n\t\t\t\t\t\t\t\t\t  \n\t\t\t\t\t\t\t\t   <span class=\"yuzo__text--title\" style=\"font-size:13px;\">Presidente do TJ-RO cobra retrata\u00e7\u00e3o da Folha por ...<\/span>\n\t\t\t\t\t\t\t  \n\t\t\t\t\t\t\t  \n\t\t\t\t\t\t\t  <\/a>\n\n\t\t\t\t\t\t  <\/div>\n<\/div> <script>\n\t\t\t\t\t\t  jQuery(document).ready(function( $ ){\n\t\t\t\t\t\t\t\/\/jQuery('.yuzo_related_post').equalizer({ overflow : 'relatedthumb' });\n\t\t\t\t\t\t\tjQuery('.yuzo_related_post .yuzo_wraps').equalizer({ columns : '> div' });\n\t\t\t\t\t\t   })\n\t\t\t\t\t\t  <\/script> <!-- End Yuzo :) -->","protected":false},"excerpt":{"rendered":"<p>O Comando Sul dos Estados Unidos (Southcom, na sigla em ingl\u00eas) informou ter realizado um \u201cataque cin\u00e9tico letal\u201d a uma embarca\u00e7\u00e3o no Pac\u00edfico Oriental na sexta-feira (08\/05), resultando na morte de dois homens e deixando um sobrevivente. A opera\u00e7\u00e3o foi ordenada pelo General Francis L. Donovan, comandante da for\u00e7a-tarefa \u201cSouthern Spear\u201d, alegando suspeita de \u201ctr\u00e1fico [\u2026]<\/p>\n<p>O post <a href=\"https:\/\/operamundi.uol.com.br\/america-latina\/eua-lancam-novo-ataque-contra-embarcacao-no-pacifico-e-matam-dois-homens\/\">EUA lan\u00e7am novo ataque contra embarca\u00e7\u00e3o no Pac\u00edfico e matam dois homens<\/a> apareceu primeiro em <a href=\"https:\/\/operamundi.uol.com.br\/\">Opera Mundi<\/a>.<\/p>\n","protected":false},"author":2,"featured_media":0,"comment_status":"closed","ping_status":"closed","sticky":false,"template":"","format":"standard","meta":{"fifu_image_url":"","fifu_image_alt":"","footnotes":""},"categories":[347,6901,15439,2293,394,17370,37984,1429],"tags":[],"class_list":["post-86616","post","type-post","status-publish","format-standard","hentry","category-america-latina","category-ataque","category-comando-sul","category-drogas","category-estados-unidos","category-navio","category-southcom","category-trafico"],"_links":{"self":[{"href":"https:\/\/redept.com.br\/blogosfera\/wp-json\/wp\/v2\/posts\/86616","targetHints":{"allow":["GET"]}}],"collection":[{"href":"https:\/\/redept.com.br\/blogosfera\/wp-json\/wp\/v2\/posts"}],"about":[{"href":"https:\/\/redept.com.br\/blogosfera\/wp-json\/wp\/v2\/types\/post"}],"author":[{"embeddable":true,"href":"https:\/\/redept.com.br\/blogosfera\/wp-json\/wp\/v2\/users\/2"}],"replies":[{"embeddable":true,"href":"https:\/\/redept.com.br\/blogosfera\/wp-json\/wp\/v2\/comments?post=86616"}],"version-history":[{"count":0,"href":"https:\/\/redept.com.br\/blogosfera\/wp-json\/wp\/v2\/posts\/86616\/revisions"}],"wp:attachment":[{"href":"https:\/\/redept.com.br\/blogosfera\/wp-json\/wp\/v2\/media?parent=86616"}],"wp:term":[{"taxonomy":"category","embeddable":true,"href":"https:\/\/redept.com.br\/blogosfera\/wp-json\/wp\/v2\/categories?post=86616"},{"taxonomy":"post_tag","embeddable":true,"href":"https:\/\/redept.com.br\/blogosfera\/wp-json\/wp\/v2\/tags?post=86616"}],"curies":[{"name":"wp","href":"https:\/\/api.w.org\/{rel}","templated":true}]}}