{"id":86767,"date":"2026-05-11T19:30:34","date_gmt":"2026-05-11T22:30:34","guid":{"rendered":"https:\/\/redept.com.br\/blogosfera\/seis-em-cada-10-brasileiros-tem-medo-de-sofrer-violencia-politica-aponta-estudo-do-forum-de-seguranca-publica\/"},"modified":"2026-05-11T19:30:34","modified_gmt":"2026-05-11T22:30:34","slug":"seis-em-cada-10-brasileiros-tem-medo-de-sofrer-violencia-politica-aponta-estudo-do-forum-de-seguranca-publica","status":"publish","type":"post","link":"https:\/\/redept.com.br\/blogosfera\/seis-em-cada-10-brasileiros-tem-medo-de-sofrer-violencia-politica-aponta-estudo-do-forum-de-seguranca-publica\/","title":{"rendered":"Seis em cada 10 brasileiros t\u00eam medo de sofrer viol\u00eancia pol\u00edtica, aponta estudo do F\u00f3rum de Seguran\u00e7a P\u00fablica"},"content":{"rendered":"<p>Seis em cada 10 brasileiros t\u00eam medo de sofrer viol\u00eancia por causa de escolhas pol\u00edticas ou partid\u00e1rias, segundo levantamento do F\u00f3rum Brasileiro de Seguran\u00e7a P\u00fablica (FBSP) em parceria com o Datafolha. Apesar de elevado, o \u00edndice \u00e9 menor do que no cen\u00e1rio de 2022, quando 68% diziam temer algum tipo de viol\u00eancia com motiva\u00e7\u00e3o pol\u00edtica. [\u2026]<\/p>\n<p><a href=\"https:\/\/www.brasildefato.com.br\/2026\/05\/11\/seis-em-cada-10-brasileiros-tem-medo-de-sofrer-violencia-politica-aponta-estudo-do-forum-de-seguranca-publica\/\" rel=\"nofollow\">Fonte<\/a><\/p>\n<!-- Begin Yuzo --><div class='yuzo_related_post style-1'  data-version='5.12.89'><!-- without result --><div class='yuzo_clearfixed yuzo__title yuzo__title'><h3>Related Post<\/h3><\/div>\n\t\t\t\t\t\t  <div class=\"relatedthumb \" style=\"width:125px;float:left;overflow:hidden;\">  \n\t\t\t\t\t\t\t  \n\t\t\t\t\t\t\t  <a  href=\"https:\/\/redept.com.br\/blogosfera\/lula-decreta-luto-de-sete-dias-por-morte-de-papa-francisco-veja-homenagens-de-politicos-brasileiros\/\"  >\n\t\t\t\t\t\t\t\t\t  <div class=\"yuzo-img-wrap \" style=\"width: 125px;height:90px;\">\n\t\t\t\t\t\t\t\t\t\t\n\t\t\t\t\t\t\t\t\t\t<div class=\"yuzo-img\" style=\"background:url('https:\/\/redept.org\/blogosfera\/wp-content\/plugins\/yuzo-related-post\/assets\/images\/default.png') 50% 50% no-repeat;width: 125px;height:90px;margin-bottom: 5px;background-size: cover; \"><\/div>\n\t\t\t\t\t\t\t\t\t  <\/div>\n\t\t\t\t\t\t\t\t\t  \n\t\t\t\t\t\t\t\t   <span class=\"yuzo__text--title\" style=\"font-size:13px;\">Lula decreta luto de sete dias por morte de papa F...<\/span>\n\t\t\t\t\t\t\t  \n\t\t\t\t\t\t\t  \n\t\t\t\t\t\t\t  <\/a>\n\n\t\t\t\t\t\t  <\/div>\n\t\t\t\t\t\t  <div class=\"relatedthumb \" style=\"width:125px;float:left;overflow:hidden;\">  \n\t\t\t\t\t\t\t  \n\t\t\t\t\t\t\t  <a  href=\"https:\/\/redept.com.br\/blogosfera\/bolsonaro-inicia-reabilitacao-pos-operatoria\/\"  >\n\t\t\t\t\t\t\t\t\t  <div class=\"yuzo-img-wrap \" style=\"width: 125px;height:90px;\">\n\t\t\t\t\t\t\t\t\t\t\n\t\t\t\t\t\t\t\t\t\t<div class=\"yuzo-img\" style=\"background:url('https:\/\/redept.org\/blogosfera\/wp-content\/plugins\/yuzo-related-post\/assets\/images\/default.png') 50% 50% no-repeat;width: 125px;height:90px;margin-bottom: 5px;background-size: cover; \"><\/div>\n\t\t\t\t\t\t\t\t\t  <\/div>\n\t\t\t\t\t\t\t\t\t  \n\t\t\t\t\t\t\t\t   <span class=\"yuzo__text--title\" style=\"font-size:13px;\">Bolsonaro inicia reabilita\u00e7\u00e3o p\u00f3s-operat\u00f3ria<\/span>\n\t\t\t\t\t\t\t  \n\t\t\t\t\t\t\t  \n\t\t\t\t\t\t\t  <\/a>\n\n\t\t\t\t\t\t  <\/div>\n\t\t\t\t\t\t  <div class=\"relatedthumb \" style=\"width:125px;float:left;overflow:hidden;\">  \n\t\t\t\t\t\t\t  \n\t\t\t\t\t\t\t  <a  href=\"https:\/\/redept.com.br\/blogosfera\/servidores-da-saude-denunciam-condicoes-precarias-de-trabalho-em-jundiai\/\"  >\n\t\t\t\t\t\t\t\t\t  <div class=\"yuzo-img-wrap \" style=\"width: 125px;height:90px;\">\n\t\t\t\t\t\t\t\t\t\t\n\t\t\t\t\t\t\t\t\t\t<div class=\"yuzo-img\" style=\"background:url('https:\/\/redept.com.br\/blogosfera\/wp-content\/uploads\/2025\/08\/WhatsApp-Image-2025-08-26-at-220125-150x150.jpeg') 50% 50% no-repeat;width: 125px;height:90px;margin-bottom: 5px;background-size: cover; \"><\/div>\n\t\t\t\t\t\t\t\t\t  <\/div>\n\t\t\t\t\t\t\t\t\t  \n\t\t\t\t\t\t\t\t   <span class=\"yuzo__text--title\" style=\"font-size:13px;\">Servidores da Sa\u00fade denunciam condi\u00e7\u00f5es prec\u00e1rias ...<\/span>\n\t\t\t\t\t\t\t  \n\t\t\t\t\t\t\t  \n\t\t\t\t\t\t\t  <\/a>\n\n\t\t\t\t\t\t  <\/div>\n\t\t\t\t\t\t  <div class=\"relatedthumb \" style=\"width:125px;float:left;overflow:hidden;\">  \n\t\t\t\t\t\t\t  \n\t\t\t\t\t\t\t  <a  href=\"https:\/\/redept.com.br\/blogosfera\/mst-conquista-assentamento-para-2-mil-familias-no-parana\/\"  >\n\t\t\t\t\t\t\t\t\t  <div class=\"yuzo-img-wrap \" style=\"width: 125px;height:90px;\">\n\t\t\t\t\t\t\t\t\t\t\n\t\t\t\t\t\t\t\t\t\t<div class=\"yuzo-img\" style=\"background:url('https:\/\/redept.org\/blogosfera\/wp-content\/plugins\/yuzo-related-post\/assets\/images\/default.png') 50% 50% no-repeat;width: 125px;height:90px;margin-bottom: 5px;background-size: cover; \"><\/div>\n\t\t\t\t\t\t\t\t\t  <\/div>\n\t\t\t\t\t\t\t\t\t  \n\t\t\t\t\t\t\t\t   <span class=\"yuzo__text--title\" style=\"font-size:13px;\">MST conquista assentamento para 2 mil fam\u00edlias no ...<\/span>\n\t\t\t\t\t\t\t  \n\t\t\t\t\t\t\t  \n\t\t\t\t\t\t\t  <\/a>\n\n\t\t\t\t\t\t  <\/div>\n<\/div> <script>\n\t\t\t\t\t\t  jQuery(document).ready(function( $ ){\n\t\t\t\t\t\t\t\/\/jQuery('.yuzo_related_post').equalizer({ overflow : 'relatedthumb' });\n\t\t\t\t\t\t\tjQuery('.yuzo_related_post .yuzo_wraps').equalizer({ columns : '> div' });\n\t\t\t\t\t\t   })\n\t\t\t\t\t\t  <\/script> <!-- End Yuzo :) -->","protected":false},"excerpt":{"rendered":"<p>Seis em cada 10 brasileiros t\u00eam medo de sofrer viol\u00eancia por causa de escolhas pol\u00edticas ou partid\u00e1rias, segundo levantamento do F\u00f3rum Brasileiro de Seguran\u00e7a P\u00fablica (FBSP) em parceria com o Datafolha. Apesar de elevado, o \u00edndice \u00e9 menor do que no cen\u00e1rio de 2022, quando 68% diziam temer algum tipo de viol\u00eancia com motiva\u00e7\u00e3o pol\u00edtica. [&hellip;]<\/p>\n","protected":false},"author":2,"featured_media":0,"comment_status":"open","ping_status":"closed","sticky":false,"template":"","format":"standard","meta":{"fifu_image_url":"","fifu_image_alt":"","footnotes":""},"categories":[56535,56536,1828,45,4813,30756,56537,603,840,3308,56538,27609,21589,56539,56540,70,56541,48374,56542,56543,3291,4704,56544,56545,73,56546,727,56547],"tags":[],"class_list":["post-86767","post","type-post","status-publish","format-standard","hentry","category-areas-dominadas-por-faccoes","category-bairro-e-criminalidade","category-baixa-renda","category-brasil","category-conexao-bdf","category-contexto-politico","category-cotidiano-violento","category-datafolha","category-desigualdade-social","category-eleicoes-2022","category-entrevistados","category-faccoes-criminosas","category-forum-brasileiro-de-seguranca-publica","category-leonardo-silva","category-medo-de-violencia","category-milicias","category-mulheres-e-seguranca","category-normalizacao-da-violencia","category-opiniao-politica","category-percepcao-de-seguranca","category-pesquisa-de-opiniao","category-radio-brasil-de-fato","category-represalias-politicas","category-seguranca-e-habitos","category-seguranca-publica","category-violencia-partidaria","category-violencia-politica","category-vulnerabilidade-feminina"],"_links":{"self":[{"href":"https:\/\/redept.com.br\/blogosfera\/wp-json\/wp\/v2\/posts\/86767","targetHints":{"allow":["GET"]}}],"collection":[{"href":"https:\/\/redept.com.br\/blogosfera\/wp-json\/wp\/v2\/posts"}],"about":[{"href":"https:\/\/redept.com.br\/blogosfera\/wp-json\/wp\/v2\/types\/post"}],"author":[{"embeddable":true,"href":"https:\/\/redept.com.br\/blogosfera\/wp-json\/wp\/v2\/users\/2"}],"replies":[{"embeddable":true,"href":"https:\/\/redept.com.br\/blogosfera\/wp-json\/wp\/v2\/comments?post=86767"}],"version-history":[{"count":0,"href":"https:\/\/redept.com.br\/blogosfera\/wp-json\/wp\/v2\/posts\/86767\/revisions"}],"wp:attachment":[{"href":"https:\/\/redept.com.br\/blogosfera\/wp-json\/wp\/v2\/media?parent=86767"}],"wp:term":[{"taxonomy":"category","embeddable":true,"href":"https:\/\/redept.com.br\/blogosfera\/wp-json\/wp\/v2\/categories?post=86767"},{"taxonomy":"post_tag","embeddable":true,"href":"https:\/\/redept.com.br\/blogosfera\/wp-json\/wp\/v2\/tags?post=86767"}],"curies":[{"name":"wp","href":"https:\/\/api.w.org\/{rel}","templated":true}]}}