{"id":8680,"date":"2024-12-17T15:10:42","date_gmt":"2024-12-17T18:10:42","guid":{"rendered":"https:\/\/redept.org\/blogosfera\/nasce-a-ocupacao-nego-fuba-em-joao-pessoa-pb\/"},"modified":"2024-12-17T15:10:42","modified_gmt":"2024-12-17T18:10:42","slug":"nasce-a-ocupacao-nego-fuba-em-joao-pessoa-pb","status":"publish","type":"post","link":"https:\/\/redept.com.br\/blogosfera\/nasce-a-ocupacao-nego-fuba-em-joao-pessoa-pb\/","title":{"rendered":"Nasce a Ocupa\u00e7\u00e3o Nego Fuba em Jo\u00e3o Pessoa (PB)"},"content":{"rendered":"<p><strong>Organizada pelo MLB na capital paraibana, a Ocupa\u00e7\u00e3o Nego Fuba homenageia dirigente comunista das Ligas Camponesas. O pr\u00e9dio, pertencente \u00e0 UFPB, n\u00e3o cumpre fun\u00e7\u00e3o social desde um despejo promovido pelo ex-reitor e interventor Valdiney Gouveia, indicado por Bolsonaro<\/strong><\/p>\n<p><strong>Reda\u00e7\u00e3o PB<\/strong><\/p>\n<hr>\n<p>Na madrugada da \u00faltima segunda-feira (16\/12), cerca de 70 fam\u00edlias organizadas pelo Movimento de Luta nos Bairros, Vilas e Favelas (MLB) ocuparam mais um pr\u00e9dio, localizado no centro de Jo\u00e3o Pessoa. O pr\u00e9dio pertence \u00e0 Universidade Federal da Para\u00edba (UFPB), no entanto, seguia desocupado e sem cumprir fun\u00e7\u00e3o social desde o ano de 2021, ap\u00f3s o despejo de entidades e movimentos sociais realizado pela ent\u00e3o gest\u00e3o interventora indicada por Bolsonaro, Valdiney Gouveia. Entre os 17 movimentos e entidades despejados estavam a Associa\u00e7\u00e3o Paraibana de Amigos da Natureza (Apan) e o F\u00f3rum Estadual de Reforma Urbana (FERURB).<\/p>\n<p>A ocupa\u00e7\u00e3o Nego Fuba \u00e9 uma homenagem ao l\u00edder das Ligas Camponesas, sapateiro e not\u00e1vel militante comunista, Jo\u00e3o Alfredo Dias. Natural de Sap\u00e9 (PB), cumpriu, de forma aguerrida, o enfrentamento \u00e0 ditadura militar fascista em nosso pa\u00eds no ano de 1964, e por isso foi brutalmente torturado e morto pelas m\u00e3os da repress\u00e3o. Sua mem\u00f3ria jamais ser\u00e1 esquecida, pois se fortalece nas lutas populares realizadas em todo o pa\u00eds.<\/p>\n<h4><strong>Terra da desigualdade<\/strong><\/h4>\n<p>No momento em que se veiculam propagandas sobre a capital da Para\u00edba, exaltando seu potencial de turismo e qualidade de vida. A realidade \u00e9, como de costume, implac\u00e1vel como mostra o dado divulgado pelo IBGE que apresenta a infeliz informa\u00e7\u00e3o de que Jo\u00e3o Pessoa \u00e9 hoje a cidade mais desigual de todo o Brasil, superando at\u00e9 mesmo S\u00e3o Paulo.<\/p>\n<p>Enquanto os mais ricos da cidade recebem em m\u00e9dia mais de R$ 10.000,00, os 40% mais pobres recebem apenas R$ 972,00, \u00edndice inclusive abaixo do insuficiente sal\u00e1rio m\u00ednimo. Portanto, a luta pela reforma urbana e pelo socialismo segue sendo o caminho para as fam\u00edlias que ainda carregam a escravid\u00e3o do aluguel nas costas possam avan\u00e7ar suas conquistas e seus direitos em nossa sociedade.<\/p>\n<h4><strong>A import\u00e2ncia da luta coletiva<\/strong><\/h4>\n<p>\u201cEstamos aqui hoje gra\u00e7as a cada companheira, de cada companheiro, que decidiu que vai sair do aluguel, gra\u00e7as \u00e0 coragem e \u00e0 decis\u00e3o de cada fam\u00edlia presente\u201d<i>,<\/i> disse Joyce, coordenadora da Ocupa\u00e7\u00e3o na ocasi\u00e3o.<\/p>\n<p>Em poucas horas, o que era um pr\u00e9dio abandonado, cheio de lixo e entulho, se transforma em moradia, com espa\u00e7o para cozinha coletiva, creche e quartos organizados e limpos, prontos para receberem as fam\u00edlias. Ap\u00f3s algumas horas, o dia amanheceu com um delicioso caf\u00e9 da manh\u00e3 e com faixas estendidas na \u00e1rea externa do pr\u00e9dio para que a popula\u00e7\u00e3o possa conhecer a mais nova ocupa\u00e7\u00e3o de sua cidade.<\/p>\n<p>N\u00e3o h\u00e1 melhor presente para comemorar os 25 anos de hist\u00f3ria do MLB do que avan\u00e7ar a luta do povo pobre pela reforma urbana e pelo socialismo.<\/p>\n<p><i>Viva os 25 anos do Movimento de Luta nos Bairros, Vilas e Favelas!<\/i><\/p>\n<p><i>Nego Fuba vive, luta e resiste!<\/i><\/p>\n<p><i>Viva as fam\u00edlias do MLB!<\/i><\/p>\n<!-- Begin Yuzo --><div class='yuzo_related_post style-1'  data-version='5.12.89'><!-- without result --><div class='yuzo_clearfixed yuzo__title yuzo__title'><h3>Related Post<\/h3><\/div>\n\t\t\t\t\t\t  <div class=\"relatedthumb \" style=\"width:125px;float:left;overflow:hidden;\">  \n\t\t\t\t\t\t\t  \n\t\t\t\t\t\t\t  <a  href=\"https:\/\/redept.com.br\/blogosfera\/romper-as-cercas-do-analfabetismo-mst-lanca-jornada-nacional-de-alfabetizacao-nas-periferias\/\"  >\n\t\t\t\t\t\t\t\t\t  <div class=\"yuzo-img-wrap \" style=\"width: 125px;height:90px;\">\n\t\t\t\t\t\t\t\t\t\t\n\t\t\t\t\t\t\t\t\t\t<div class=\"yuzo-img\" style=\"background:url('https:\/\/redept.com.br\/blogosfera\/wp-content\/uploads\/2025\/05\/4974250029682372528-1024x682-1-150x150.jpg') 50% 50% no-repeat;width: 125px;height:90px;margin-bottom: 5px;background-size: cover; \"><\/div>\n\t\t\t\t\t\t\t\t\t  <\/div>\n\t\t\t\t\t\t\t\t\t  \n\t\t\t\t\t\t\t\t   <span class=\"yuzo__text--title\" style=\"font-size:13px;\">\u201cRomper as cercas do analfabetismo\u201d: MST lan\u00e7a Jor...<\/span>\n\t\t\t\t\t\t\t  \n\t\t\t\t\t\t\t  \n\t\t\t\t\t\t\t  <\/a>\n\n\t\t\t\t\t\t  <\/div>\n\t\t\t\t\t\t  <div class=\"relatedthumb \" style=\"width:125px;float:left;overflow:hidden;\">  \n\t\t\t\t\t\t\t  \n\t\t\t\t\t\t\t  <a  href=\"https:\/\/redept.com.br\/blogosfera\/nova-morte-em-acao-anti-imigracao-aumenta-indignacao-nos-eua\/\"  >\n\t\t\t\t\t\t\t\t\t  <div class=\"yuzo-img-wrap \" style=\"width: 125px;height:90px;\">\n\t\t\t\t\t\t\t\t\t\t\n\t\t\t\t\t\t\t\t\t\t<div class=\"yuzo-img\" style=\"background:url('https:\/\/redept.com.br\/blogosfera\/wp-content\/uploads\/2026\/01\/75647783_303-150x150.jpg') 50% 50% no-repeat;width: 125px;height:90px;margin-bottom: 5px;background-size: cover; \"><\/div>\n\t\t\t\t\t\t\t\t\t  <\/div>\n\t\t\t\t\t\t\t\t\t  \n\t\t\t\t\t\t\t\t   <span class=\"yuzo__text--title\" style=\"font-size:13px;\">Nova morte em a\u00e7\u00e3o anti-imigra\u00e7\u00e3o aumenta indigna\u00e7...<\/span>\n\t\t\t\t\t\t\t  \n\t\t\t\t\t\t\t  \n\t\t\t\t\t\t\t  <\/a>\n\n\t\t\t\t\t\t  <\/div>\n\t\t\t\t\t\t  <div class=\"relatedthumb \" style=\"width:125px;float:left;overflow:hidden;\">  \n\t\t\t\t\t\t\t  \n\t\t\t\t\t\t\t  <a  href=\"https:\/\/redept.com.br\/blogosfera\/noticias-do-dia-com-o-jornal-tvt-news-segunda-edicao-16-04-2026\/\"  >\n\t\t\t\t\t\t\t\t\t  <div class=\"yuzo-img-wrap \" style=\"width: 125px;height:90px;\">\n\t\t\t\t\t\t\t\t\t\t\n\t\t\t\t\t\t\t\t\t\t<div class=\"yuzo-img\" style=\"background:url('https:\/\/redept.com.br\/blogosfera\/wp-content\/uploads\/2026\/04\/jornal_tvt_news-7-150x150.jpeg') 50% 50% no-repeat;width: 125px;height:90px;margin-bottom: 5px;background-size: cover; \"><\/div>\n\t\t\t\t\t\t\t\t\t  <\/div>\n\t\t\t\t\t\t\t\t\t  \n\t\t\t\t\t\t\t\t   <span class=\"yuzo__text--title\" style=\"font-size:13px;\">Not\u00edcias do dia com o Jornal TVT News Segunda Edi\u00e7...<\/span>\n\t\t\t\t\t\t\t  \n\t\t\t\t\t\t\t  \n\t\t\t\t\t\t\t  <\/a>\n\n\t\t\t\t\t\t  <\/div>\n\t\t\t\t\t\t  <div class=\"relatedthumb \" style=\"width:125px;float:left;overflow:hidden;\">  \n\t\t\t\t\t\t\t  \n\t\t\t\t\t\t\t  <a  href=\"https:\/\/redept.com.br\/blogosfera\/eles-eram-inocentes-familias-contestam-relatorio-da-pm-sobre-morte-de-jovens-em-londrina\/\"  >\n\t\t\t\t\t\t\t\t\t  <div class=\"yuzo-img-wrap \" style=\"width: 125px;height:90px;\">\n\t\t\t\t\t\t\t\t\t\t\n\t\t\t\t\t\t\t\t\t\t<div class=\"yuzo-img\" style=\"background:url('https:\/\/redept.org\/blogosfera\/wp-content\/plugins\/yuzo-related-post\/assets\/images\/default.png') 50% 50% no-repeat;width: 125px;height:90px;margin-bottom: 5px;background-size: cover; \"><\/div>\n\t\t\t\t\t\t\t\t\t  <\/div>\n\t\t\t\t\t\t\t\t\t  \n\t\t\t\t\t\t\t\t   <span class=\"yuzo__text--title\" style=\"font-size:13px;\">\u2018Eles eram inocentes\u2019: fam\u00edlias contestam relat\u00f3ri...<\/span>\n\t\t\t\t\t\t\t  \n\t\t\t\t\t\t\t  \n\t\t\t\t\t\t\t  <\/a>\n\n\t\t\t\t\t\t  <\/div>\n<\/div> <script>\n\t\t\t\t\t\t  jQuery(document).ready(function( $ ){\n\t\t\t\t\t\t\t\/\/jQuery('.yuzo_related_post').equalizer({ overflow : 'relatedthumb' });\n\t\t\t\t\t\t\tjQuery('.yuzo_related_post .yuzo_wraps').equalizer({ columns : '> div' });\n\t\t\t\t\t\t   })\n\t\t\t\t\t\t  <\/script> <!-- End Yuzo :) -->","protected":false},"excerpt":{"rendered":"<p>Organizada pelo MLB na capital paraibana, a Ocupa\u00e7\u00e3o Nego Fuba homenageia dirigente comunista das Ligas Camponesas. O pr\u00e9dio, pertencente \u00e0 UFPB, n\u00e3o cumpre fun\u00e7\u00e3o social desde um despejo promovido pelo ex-reitor e interventor Valdiney Gouveia, indicado por Bolsonaro Reda\u00e7\u00e3o PB Na madrugada da \u00faltima segunda-feira (16\/12), cerca de 70 fam\u00edlias organizadas pelo Movimento de Luta [&hellip;]<\/p>\n","protected":false},"author":2,"featured_media":0,"comment_status":"open","ping_status":"closed","sticky":false,"template":"","format":"standard","meta":{"fifu_image_url":"","fifu_image_alt":"","footnotes":""},"categories":[702,60,405,2790,968,1205,51],"tags":[],"class_list":["post-8680","post","type-post","status-publish","format-standard","hentry","category-joao-pessoa","category-luta-popular","category-mlb","category-ocupacao-nego-fuba","category-paraiba","category-ufpb","category-ultimas-noticias"],"_links":{"self":[{"href":"https:\/\/redept.com.br\/blogosfera\/wp-json\/wp\/v2\/posts\/8680","targetHints":{"allow":["GET"]}}],"collection":[{"href":"https:\/\/redept.com.br\/blogosfera\/wp-json\/wp\/v2\/posts"}],"about":[{"href":"https:\/\/redept.com.br\/blogosfera\/wp-json\/wp\/v2\/types\/post"}],"author":[{"embeddable":true,"href":"https:\/\/redept.com.br\/blogosfera\/wp-json\/wp\/v2\/users\/2"}],"replies":[{"embeddable":true,"href":"https:\/\/redept.com.br\/blogosfera\/wp-json\/wp\/v2\/comments?post=8680"}],"version-history":[{"count":0,"href":"https:\/\/redept.com.br\/blogosfera\/wp-json\/wp\/v2\/posts\/8680\/revisions"}],"wp:attachment":[{"href":"https:\/\/redept.com.br\/blogosfera\/wp-json\/wp\/v2\/media?parent=8680"}],"wp:term":[{"taxonomy":"category","embeddable":true,"href":"https:\/\/redept.com.br\/blogosfera\/wp-json\/wp\/v2\/categories?post=8680"},{"taxonomy":"post_tag","embeddable":true,"href":"https:\/\/redept.com.br\/blogosfera\/wp-json\/wp\/v2\/tags?post=8680"}],"curies":[{"name":"wp","href":"https:\/\/api.w.org\/{rel}","templated":true}]}}