{"id":87459,"date":"2026-05-15T20:29:28","date_gmt":"2026-05-15T23:29:28","guid":{"rendered":"https:\/\/redept.com.br\/blogosfera\/filho-de-benito-de-paula-rodrigo-vellozo-defende-as-muitas-maneiras-de-fazer-musica\/"},"modified":"2026-05-15T20:29:28","modified_gmt":"2026-05-15T23:29:28","slug":"filho-de-benito-de-paula-rodrigo-vellozo-defende-as-muitas-maneiras-de-fazer-musica","status":"publish","type":"post","link":"https:\/\/redept.com.br\/blogosfera\/filho-de-benito-de-paula-rodrigo-vellozo-defende-as-muitas-maneiras-de-fazer-musica\/","title":{"rendered":"Filho de Benito de Paula, Rodrigo Vellozo defende \u2018as muitas maneiras de fazer m\u00fasica\u2019"},"content":{"rendered":"<p>O cantor fala da forma\u00e7\u00e3o em piano, influ\u00eancias do pai e do processo de desconstru\u00e7\u00e3o do erudito<\/p>\n<p><a href=\"https:\/\/www.brasildefato.com.br\/podcast\/sabe-som\/2026\/05\/15\/filho-de-benito-de-paula-rodrigo-vellozo-defende-as-muitas-maneiras-de-fazer-musica\/\" rel=\"nofollow\">Fonte<\/a><\/p>\n<!-- Begin Yuzo --><div class='yuzo_related_post style-1'  data-version='5.12.89'><!-- without result --><div class='yuzo_clearfixed yuzo__title yuzo__title'><h3>Related Post<\/h3><\/div>\n\t\t\t\t\t\t  <div class=\"relatedthumb \" style=\"width:125px;float:left;overflow:hidden;\">  \n\t\t\t\t\t\t\t  \n\t\t\t\t\t\t\t  <a  href=\"https:\/\/sul21.com.br\/noticias\/economia\/2026\/08\/inpc-registra-deflacao-em-julho-e-acumula-alta-de-410-em-12-meses\/\"  >\n\t\t\t\t\t\t\t\t\t  <div class=\"yuzo-img-wrap \" style=\"width: 125px;height:90px;\">\n\t\t\t\t\t\t\t\t\t\t\n\t\t\t\t\t\t\t\t\t\t<div class=\"yuzo-img\" style=\"background:url('https:\/\/redept.org\/blogosfera\/wp-content\/plugins\/yuzo-related-post\/assets\/images\/default.png') 50% 50% no-repeat;width: 125px;height:90px;margin-bottom: 5px;background-size: cover; \"><\/div>\n\t\t\t\t\t\t\t\t\t  <\/div>\n\t\t\t\t\t\t\t\t\t  \n\t\t\t\t\t\t\t\t   <span class=\"yuzo__text--title\" style=\"font-size:13px;\">INPC registra defla\u00e7\u00e3o em julho e acumula alta de ...<\/span>\n\t\t\t\t\t\t\t  \n\t\t\t\t\t\t\t  \n\t\t\t\t\t\t\t  <\/a>\n\n\t\t\t\t\t\t  <\/div>\n\t\t\t\t\t\t  <div class=\"relatedthumb \" style=\"width:125px;float:left;overflow:hidden;\">  \n\t\t\t\t\t\t\t  \n\t\t\t\t\t\t\t  <a  href=\"https:\/\/redept.com.br\/blogosfera\/metroviarios-se-mobilizam-para-lutar-contra-privatizacao\/\"  >\n\t\t\t\t\t\t\t\t\t  <div class=\"yuzo-img-wrap \" style=\"width: 125px;height:90px;\">\n\t\t\t\t\t\t\t\t\t\t\n\t\t\t\t\t\t\t\t\t\t<div class=\"yuzo-img\" style=\"background:url('https:\/\/redept.com.br\/blogosfera\/wp-content\/uploads\/2025\/08\/image_processing20230417-27914-1o5kad-150x150.jpeg') 50% 50% no-repeat;width: 125px;height:90px;margin-bottom: 5px;background-size: cover; \"><\/div>\n\t\t\t\t\t\t\t\t\t  <\/div>\n\t\t\t\t\t\t\t\t\t  \n\t\t\t\t\t\t\t\t   <span class=\"yuzo__text--title\" style=\"font-size:13px;\">Metrovi\u00e1rios se mobilizam para lutar contra privat...<\/span>\n\t\t\t\t\t\t\t  \n\t\t\t\t\t\t\t  \n\t\t\t\t\t\t\t  <\/a>\n\n\t\t\t\t\t\t  <\/div>\n\t\t\t\t\t\t  <div class=\"relatedthumb \" style=\"width:125px;float:left;overflow:hidden;\">  \n\t\t\t\t\t\t\t  \n\t\t\t\t\t\t\t  <a  href=\"https:\/\/redept.com.br\/blogosfera\/autoridade-cubana-confirma-reuniao-com-os-eua-para-tratar-de-sancao-ao-pais\/\"  >\n\t\t\t\t\t\t\t\t\t  <div class=\"yuzo-img-wrap \" style=\"width: 125px;height:90px;\">\n\t\t\t\t\t\t\t\t\t\t\n\t\t\t\t\t\t\t\t\t\t<div class=\"yuzo-img\" style=\"background:url('https:\/\/redept.com.br\/blogosfera\/wp-content\/uploads\/2026\/04\/Cuba_foto-Ricardo-Lopez-Hevia-Granma-150x150.jpg') 50% 50% no-repeat;width: 125px;height:90px;margin-bottom: 5px;background-size: cover; \"><\/div>\n\t\t\t\t\t\t\t\t\t  <\/div>\n\t\t\t\t\t\t\t\t\t  \n\t\t\t\t\t\t\t\t   <span class=\"yuzo__text--title\" style=\"font-size:13px;\">Autoridade cubana confirma reuni\u00e3o com os EUA para...<\/span>\n\t\t\t\t\t\t\t  \n\t\t\t\t\t\t\t  \n\t\t\t\t\t\t\t  <\/a>\n\n\t\t\t\t\t\t  <\/div>\n\t\t\t\t\t\t  <div class=\"relatedthumb \" style=\"width:125px;float:left;overflow:hidden;\">  \n\t\t\t\t\t\t\t  \n\t\t\t\t\t\t\t  <a  href=\"https:\/\/redept.com.br\/blogosfera\/alba-movimentos-se-organiza-para-resistir-a-ataques-do-imperialismo-nas-americas\/\"  >\n\t\t\t\t\t\t\t\t\t  <div class=\"yuzo-img-wrap \" style=\"width: 125px;height:90px;\">\n\t\t\t\t\t\t\t\t\t\t\n\t\t\t\t\t\t\t\t\t\t<div class=\"yuzo-img\" style=\"background:url('https:\/\/redept.com.br\/blogosfera\/wp-content\/uploads\/2025\/10\/1761689195133713-150x150.jpg') 50% 50% no-repeat;width: 125px;height:90px;margin-bottom: 5px;background-size: cover; \"><\/div>\n\t\t\t\t\t\t\t\t\t  <\/div>\n\t\t\t\t\t\t\t\t\t  \n\t\t\t\t\t\t\t\t   <span class=\"yuzo__text--title\" style=\"font-size:13px;\">Alba Movimentos se organiza para resistir a ataque...<\/span>\n\t\t\t\t\t\t\t  \n\t\t\t\t\t\t\t  \n\t\t\t\t\t\t\t  <\/a>\n\n\t\t\t\t\t\t  <\/div>\n<\/div> <script>\n\t\t\t\t\t\t  jQuery(document).ready(function( $ ){\n\t\t\t\t\t\t\t\/\/jQuery('.yuzo_related_post').equalizer({ overflow : 'relatedthumb' });\n\t\t\t\t\t\t\tjQuery('.yuzo_related_post .yuzo_wraps').equalizer({ columns : '> div' });\n\t\t\t\t\t\t   })\n\t\t\t\t\t\t  <\/script> <!-- End Yuzo :) -->","protected":false},"excerpt":{"rendered":"<p>O cantor fala da forma\u00e7\u00e3o em piano, influ\u00eancias do pai e do processo de desconstru\u00e7\u00e3o do erudito Fonte Related Post Trump reabre guerra tarif\u00e1ria e amea\u00e7a pa\u00edses que &#8230; Feriad\u00e3o de seis dias consecutivos no Rio deve inj&#8230; Eduardo Bolsonaro chora temendo pris\u00e3o e Kim Katag&#8230; Defenda o Brasil: campanha defende a soberania e e&#8230;<\/p>\n","protected":false},"author":2,"featured_media":0,"comment_status":"open","ping_status":"closed","sticky":false,"template":"","format":"standard","meta":{"fifu_image_url":"","fifu_image_alt":"","footnotes":""},"categories":[58411,58412,2462,833,58413,58414,632,58415,58416,379,58417,44418,28068,58418,58419,7255,58420,58421,7337,58207,58422,45626,58423,16088,765,1286,46209,58424,42871,32103],"tags":[],"class_list":["post-87459","post","type-post","status-publish","format-standard","hentry","category-benito-de-paula","category-berklee","category-bingo","category-chico-buarque","category-como-e-bonito-o-benito","category-concertista","category-cultura-popular","category-desconstrucao-cultural","category-dicas-de-palco","category-entrevista","category-formacao-erudita","category-inspiracao","category-legado-musical","category-marcus-preto","category-metricas-digitais","category-mpb","category-muitas-maneiras-de-fazer-musica","category-musica-e-colonizacao","category-musica-popular-brasileira","category-pericles","category-piano-erudito","category-podcast-sabe-som","category-regravacao-de-disco","category-rodrigo-vellozo","category-samba","category-teatro","category-thiago-franca","category-transmissao-oral","category-virada-cultural","category-xande-de-pilares"],"_links":{"self":[{"href":"https:\/\/redept.com.br\/blogosfera\/wp-json\/wp\/v2\/posts\/87459","targetHints":{"allow":["GET"]}}],"collection":[{"href":"https:\/\/redept.com.br\/blogosfera\/wp-json\/wp\/v2\/posts"}],"about":[{"href":"https:\/\/redept.com.br\/blogosfera\/wp-json\/wp\/v2\/types\/post"}],"author":[{"embeddable":true,"href":"https:\/\/redept.com.br\/blogosfera\/wp-json\/wp\/v2\/users\/2"}],"replies":[{"embeddable":true,"href":"https:\/\/redept.com.br\/blogosfera\/wp-json\/wp\/v2\/comments?post=87459"}],"version-history":[{"count":0,"href":"https:\/\/redept.com.br\/blogosfera\/wp-json\/wp\/v2\/posts\/87459\/revisions"}],"wp:attachment":[{"href":"https:\/\/redept.com.br\/blogosfera\/wp-json\/wp\/v2\/media?parent=87459"}],"wp:term":[{"taxonomy":"category","embeddable":true,"href":"https:\/\/redept.com.br\/blogosfera\/wp-json\/wp\/v2\/categories?post=87459"},{"taxonomy":"post_tag","embeddable":true,"href":"https:\/\/redept.com.br\/blogosfera\/wp-json\/wp\/v2\/tags?post=87459"}],"curies":[{"name":"wp","href":"https:\/\/api.w.org\/{rel}","templated":true}]}}