{"id":87875,"date":"2026-05-19T21:33:44","date_gmt":"2026-05-20T00:33:44","guid":{"rendered":"https:\/\/redept.com.br\/blogosfera\/ato-em-caracas-encerra-trabalhos-da-brigada-de-solidariedade-a-venezuela-do-mst\/"},"modified":"2026-05-19T21:33:44","modified_gmt":"2026-05-20T00:33:44","slug":"ato-em-caracas-encerra-trabalhos-da-brigada-de-solidariedade-a-venezuela-do-mst","status":"publish","type":"post","link":"https:\/\/redept.com.br\/blogosfera\/ato-em-caracas-encerra-trabalhos-da-brigada-de-solidariedade-a-venezuela-do-mst\/","title":{"rendered":"Ato em Caracas encerra trabalhos da brigada de solidariedade \u00e0 Venezuela do MST"},"content":{"rendered":"<p>A Brigada de Solidariedade Hugo Ch\u00e1vez, organizada pelo Movimento dos Trabalhadores Rurais Sem Terra (MST), realizou nesta ter\u00e7a-feira (19), em Caracas (Venezuela), um ato de encerramento dos trabalhos, ap\u00f3s dois meses de viv\u00eancias nas comunas venezuelanas.\u00a0 Os 43 internacionalistas, acompanhados de militantes comuneiros, prestaram homenagem, no Cemit\u00e9rio Sul da capital, aos mortos pelo ataque militar [\u2026]<\/p>\n<p><a href=\"https:\/\/www.brasildefato.com.br\/2026\/05\/19\/ato-em-caracas-encerra-trabalhos-da-brigada-de-solidariedade-a-venezuela-do-mst\/\" rel=\"nofollow\">Fonte<\/a><\/p>\n<!-- Begin Yuzo --><div class='yuzo_related_post style-1'  data-version='5.12.89'><!-- without result --><div class='yuzo_clearfixed yuzo__title yuzo__title'><h3>Related Post<\/h3><\/div>\n\t\t\t\t\t\t  <div class=\"relatedthumb \" style=\"width:125px;float:left;overflow:hidden;\">  \n\t\t\t\t\t\t\t  \n\t\t\t\t\t\t\t  <a  href=\"https:\/\/redept.com.br\/blogosfera\/selic-petroleo-e-especulacao-o-que-explica-a-queda-do-dolar-em-2025\/\"  >\n\t\t\t\t\t\t\t\t\t  <div class=\"yuzo-img-wrap \" style=\"width: 125px;height:90px;\">\n\t\t\t\t\t\t\t\t\t\t\n\t\t\t\t\t\t\t\t\t\t<div class=\"yuzo-img\" style=\"background:url('https:\/\/redept.org\/blogosfera\/wp-content\/plugins\/yuzo-related-post\/assets\/images\/default.png') 50% 50% no-repeat;width: 125px;height:90px;margin-bottom: 5px;background-size: cover; \"><\/div>\n\t\t\t\t\t\t\t\t\t  <\/div>\n\t\t\t\t\t\t\t\t\t  \n\t\t\t\t\t\t\t\t   <span class=\"yuzo__text--title\" style=\"font-size:13px;\">Selic, petr\u00f3leo e especula\u00e7\u00e3o: o que explica a que...<\/span>\n\t\t\t\t\t\t\t  \n\t\t\t\t\t\t\t  \n\t\t\t\t\t\t\t  <\/a>\n\n\t\t\t\t\t\t  <\/div>\n\t\t\t\t\t\t  <div class=\"relatedthumb \" style=\"width:125px;float:left;overflow:hidden;\">  \n\t\t\t\t\t\t\t  \n\t\t\t\t\t\t\t  <a  href=\"https:\/\/redept.com.br\/blogosfera\/fatores-sociais-e-estruturais-empurram-mulheres-para-cesarianas\/\"  >\n\t\t\t\t\t\t\t\t\t  <div class=\"yuzo-img-wrap \" style=\"width: 125px;height:90px;\">\n\t\t\t\t\t\t\t\t\t\t\n\t\t\t\t\t\t\t\t\t\t<div class=\"yuzo-img\" style=\"background:url('https:\/\/redept.org\/blogosfera\/wp-content\/plugins\/yuzo-related-post\/assets\/images\/default.png') 50% 50% no-repeat;width: 125px;height:90px;margin-bottom: 5px;background-size: cover; \"><\/div>\n\t\t\t\t\t\t\t\t\t  <\/div>\n\t\t\t\t\t\t\t\t\t  \n\t\t\t\t\t\t\t\t   <span class=\"yuzo__text--title\" style=\"font-size:13px;\">Fatores sociais e estruturais empurram mulheres pa...<\/span>\n\t\t\t\t\t\t\t  \n\t\t\t\t\t\t\t  \n\t\t\t\t\t\t\t  <\/a>\n\n\t\t\t\t\t\t  <\/div>\n\t\t\t\t\t\t  <div class=\"relatedthumb \" style=\"width:125px;float:left;overflow:hidden;\">  \n\t\t\t\t\t\t\t  \n\t\t\t\t\t\t\t  <a  href=\"https:\/\/redept.com.br\/blogosfera\/lula-critica-novo-tarifaco-e-diz-que-nos-e-que-deveriamos-taxar-os-eua\/\"  >\n\t\t\t\t\t\t\t\t\t  <div class=\"yuzo-img-wrap \" style=\"width: 125px;height:90px;\">\n\t\t\t\t\t\t\t\t\t\t\n\t\t\t\t\t\t\t\t\t\t<div class=\"yuzo-img\" style=\"background:url('https:\/\/redept.com.br\/blogosfera\/wp-content\/uploads\/2026\/06\/55309806701_d3bb77e6f6_o-150x150.webp') 50% 50% no-repeat;width: 125px;height:90px;margin-bottom: 5px;background-size: cover; \"><\/div>\n\t\t\t\t\t\t\t\t\t  <\/div>\n\t\t\t\t\t\t\t\t\t  \n\t\t\t\t\t\t\t\t   <span class=\"yuzo__text--title\" style=\"font-size:13px;\">Lula critica novo tarifa\u00e7o e diz que \u2018n\u00f3s \u00e9 que de...<\/span>\n\t\t\t\t\t\t\t  \n\t\t\t\t\t\t\t  \n\t\t\t\t\t\t\t  <\/a>\n\n\t\t\t\t\t\t  <\/div>\n\t\t\t\t\t\t  <div class=\"relatedthumb \" style=\"width:125px;float:left;overflow:hidden;\">  \n\t\t\t\t\t\t\t  \n\t\t\t\t\t\t\t  <a  href=\"https:\/\/redept.com.br\/blogosfera\/ney-matogrosso-sera-enredo-da-imperatriz-leopoldinense-no-carnaval-2026\/\"  >\n\t\t\t\t\t\t\t\t\t  <div class=\"yuzo-img-wrap \" style=\"width: 125px;height:90px;\">\n\t\t\t\t\t\t\t\t\t\t\n\t\t\t\t\t\t\t\t\t\t<div class=\"yuzo-img\" style=\"background:url('https:\/\/redept.org\/blogosfera\/wp-content\/plugins\/yuzo-related-post\/assets\/images\/default.png') 50% 50% no-repeat;width: 125px;height:90px;margin-bottom: 5px;background-size: cover; \"><\/div>\n\t\t\t\t\t\t\t\t\t  <\/div>\n\t\t\t\t\t\t\t\t\t  \n\t\t\t\t\t\t\t\t   <span class=\"yuzo__text--title\" style=\"font-size:13px;\">Ney Matogrosso ser\u00e1 enredo da Imperatriz Leopoldin...<\/span>\n\t\t\t\t\t\t\t  \n\t\t\t\t\t\t\t  \n\t\t\t\t\t\t\t  <\/a>\n\n\t\t\t\t\t\t  <\/div>\n<\/div> <script>\n\t\t\t\t\t\t  jQuery(document).ready(function( $ ){\n\t\t\t\t\t\t\t\/\/jQuery('.yuzo_related_post').equalizer({ overflow : 'relatedthumb' });\n\t\t\t\t\t\t\tjQuery('.yuzo_related_post .yuzo_wraps').equalizer({ columns : '> div' });\n\t\t\t\t\t\t   })\n\t\t\t\t\t\t  <\/script> <!-- End Yuzo :) -->","protected":false},"excerpt":{"rendered":"<p>A Brigada de Solidariedade Hugo Ch\u00e1vez, organizada pelo Movimento dos Trabalhadores Rurais Sem Terra (MST), realizou nesta ter\u00e7a-feira (19), em Caracas (Venezuela), um ato de encerramento dos trabalhos, ap\u00f3s dois meses de viv\u00eancias nas comunas venezuelanas.\u00a0 Os 43 internacionalistas, acompanhados de militantes comuneiros, prestaram homenagem, no Cemit\u00e9rio Sul da capital, aos mortos pelo ataque militar [&hellip;]<\/p>\n","protected":false},"author":2,"featured_media":0,"comment_status":"open","ping_status":"closed","sticky":false,"template":"","format":"standard","meta":{"fifu_image_url":"","fifu_image_alt":"","footnotes":""},"categories":[47568,32885,10411,6773,16386,3373,10157,59167,459,1185,9,2770,10618,1115,460,50,572,6695,302,2328,59168,9453,3751,627,2928,5946,1049],"tags":[],"class_list":["post-87875","post","type-post","status-publish","format-standard","hentry","category-3-de-janeiro","category-ataque-militar","category-blanca-eekhout","category-brasil-de-fato","category-brigada-de-solidariedade","category-celac","category-cilia-flores","category-comuna","category-comunicacao-popular","category-cuba","category-eua","category-formacao-politica","category-hugo-chavez","category-imperialismo","category-integracao-latino-americana","category-internacional","category-internacionalismo","category-movimentos-populares","category-mst","category-nicolas-maduro","category-petrocaribe","category-revolucao-bolivariana","category-sequestro","category-socialismo","category-solidariedade-internacional","category-unasul","category-venezuela"],"_links":{"self":[{"href":"https:\/\/redept.com.br\/blogosfera\/wp-json\/wp\/v2\/posts\/87875","targetHints":{"allow":["GET"]}}],"collection":[{"href":"https:\/\/redept.com.br\/blogosfera\/wp-json\/wp\/v2\/posts"}],"about":[{"href":"https:\/\/redept.com.br\/blogosfera\/wp-json\/wp\/v2\/types\/post"}],"author":[{"embeddable":true,"href":"https:\/\/redept.com.br\/blogosfera\/wp-json\/wp\/v2\/users\/2"}],"replies":[{"embeddable":true,"href":"https:\/\/redept.com.br\/blogosfera\/wp-json\/wp\/v2\/comments?post=87875"}],"version-history":[{"count":0,"href":"https:\/\/redept.com.br\/blogosfera\/wp-json\/wp\/v2\/posts\/87875\/revisions"}],"wp:attachment":[{"href":"https:\/\/redept.com.br\/blogosfera\/wp-json\/wp\/v2\/media?parent=87875"}],"wp:term":[{"taxonomy":"category","embeddable":true,"href":"https:\/\/redept.com.br\/blogosfera\/wp-json\/wp\/v2\/categories?post=87875"},{"taxonomy":"post_tag","embeddable":true,"href":"https:\/\/redept.com.br\/blogosfera\/wp-json\/wp\/v2\/tags?post=87875"}],"curies":[{"name":"wp","href":"https:\/\/api.w.org\/{rel}","templated":true}]}}