{"id":87947,"date":"2026-05-20T11:41:20","date_gmt":"2026-05-20T14:41:20","guid":{"rendered":"https:\/\/redept.com.br\/blogosfera\/servidores-em-greve-trancam-acessos-a-campus-da-ufrgs-em-porto-alegre\/"},"modified":"2026-05-20T11:41:20","modified_gmt":"2026-05-20T14:41:20","slug":"servidores-em-greve-trancam-acessos-a-campus-da-ufrgs-em-porto-alegre","status":"publish","type":"post","link":"https:\/\/redept.com.br\/blogosfera\/servidores-em-greve-trancam-acessos-a-campus-da-ufrgs-em-porto-alegre\/","title":{"rendered":"Servidores em greve trancam acessos a campus da Ufrgs em Porto Alegre"},"content":{"rendered":"<p>Servidoras e servidores t\u00e9cnico-administrativos da Universidade Federal do Rio Grande do Sul (Ufrgs), da Universidade Federal de Ci\u00eancias da Sa\u00fade de Porto Alegre (Ufcspa) e do Instituto Federal do Rio Grande do Sul (IFRS) bloquearam os acessos ao Campus do Vale, em Porto Alegre, na manh\u00e3 desta quarta-feira (20). O ato denunciou a precariza\u00e7\u00e3o da [\u2026]<\/p>\n<p><a href=\"https:\/\/www.brasildefato.com.br\/2026\/05\/20\/servidores-em-greve-trancam-acessos-a-campus-da-ufrgs-em-porto-alegre\/\" rel=\"nofollow\">Fonte<\/a><\/p>\n<!-- Begin Yuzo --><div class='yuzo_related_post style-1'  data-version='5.12.89'><!-- without result --><div class='yuzo_clearfixed yuzo__title yuzo__title'><h3>Related Post<\/h3><\/div>\n\t\t\t\t\t\t  <div class=\"relatedthumb \" style=\"width:125px;float:left;overflow:hidden;\">  \n\t\t\t\t\t\t\t  \n\t\t\t\t\t\t\t  <a  href=\"https:\/\/sul21.com.br\/noticias\/cultura\/2025\/10\/relancamento-de-amores-brutos-e-novidades-brasileiras-marcam-programacao-da-cinemateca-paulo-amorim\/\"  >\n\t\t\t\t\t\t\t\t\t  <div class=\"yuzo-img-wrap \" style=\"width: 125px;height:90px;\">\n\t\t\t\t\t\t\t\t\t\t\n\t\t\t\t\t\t\t\t\t\t<div class=\"yuzo-img\" style=\"background:url('https:\/\/redept.org\/blogosfera\/wp-content\/plugins\/yuzo-related-post\/assets\/images\/default.png') 50% 50% no-repeat;width: 125px;height:90px;margin-bottom: 5px;background-size: cover; \"><\/div>\n\t\t\t\t\t\t\t\t\t  <\/div>\n\t\t\t\t\t\t\t\t\t  \n\t\t\t\t\t\t\t\t   <span class=\"yuzo__text--title\" style=\"font-size:13px;\">Relan\u00e7amento de \u2018Amores Brutos\u2019 e novidades brasil...<\/span>\n\t\t\t\t\t\t\t  \n\t\t\t\t\t\t\t  \n\t\t\t\t\t\t\t  <\/a>\n\n\t\t\t\t\t\t  <\/div>\n\t\t\t\t\t\t  <div class=\"relatedthumb \" style=\"width:125px;float:left;overflow:hidden;\">  \n\t\t\t\t\t\t\t  \n\t\t\t\t\t\t\t  <a  href=\"https:\/\/redept.com.br\/blogosfera\/eua-sancionam-cidadaos-e-empresas-brasileiras-por-suposta-ligacao-com-pcc\/\"  >\n\t\t\t\t\t\t\t\t\t  <div class=\"yuzo-img-wrap \" style=\"width: 125px;height:90px;\">\n\t\t\t\t\t\t\t\t\t\t\n\t\t\t\t\t\t\t\t\t\t<div class=\"yuzo-img\" style=\"background:url('https:\/\/redept.org\/blogosfera\/wp-content\/plugins\/yuzo-related-post\/assets\/images\/default.png') 50% 50% no-repeat;width: 125px;height:90px;margin-bottom: 5px;background-size: cover; \"><\/div>\n\t\t\t\t\t\t\t\t\t  <\/div>\n\t\t\t\t\t\t\t\t\t  \n\t\t\t\t\t\t\t\t   <span class=\"yuzo__text--title\" style=\"font-size:13px;\">EUA sancionam cidad\u00e3os e empresas brasileiras por ...<\/span>\n\t\t\t\t\t\t\t  \n\t\t\t\t\t\t\t  \n\t\t\t\t\t\t\t  <\/a>\n\n\t\t\t\t\t\t  <\/div>\n\t\t\t\t\t\t  <div class=\"relatedthumb \" style=\"width:125px;float:left;overflow:hidden;\">  \n\t\t\t\t\t\t\t  \n\t\t\t\t\t\t\t  <a  href=\"https:\/\/redept.com.br\/blogosfera\/israel-ira-uma-grande-guerra-a-caminho\/\"  >\n\t\t\t\t\t\t\t\t\t  <div class=\"yuzo-img-wrap \" style=\"width: 125px;height:90px;\">\n\t\t\t\t\t\t\t\t\t\t\n\t\t\t\t\t\t\t\t\t\t<div class=\"yuzo-img\" style=\"background:url('https:\/\/redept.com.br\/blogosfera\/wp-content\/uploads\/2025\/06\/1-150x150.jpg') 50% 50% no-repeat;width: 125px;height:90px;margin-bottom: 5px;background-size: cover; \"><\/div>\n\t\t\t\t\t\t\t\t\t  <\/div>\n\t\t\t\t\t\t\t\t\t  \n\t\t\t\t\t\t\t\t   <span class=\"yuzo__text--title\" style=\"font-size:13px;\">Israel-Ir\u00e3: Uma grande guerra a caminho?<\/span>\n\t\t\t\t\t\t\t  \n\t\t\t\t\t\t\t  \n\t\t\t\t\t\t\t  <\/a>\n\n\t\t\t\t\t\t  <\/div>\n\t\t\t\t\t\t  <div class=\"relatedthumb \" style=\"width:125px;float:left;overflow:hidden;\">  \n\t\t\t\t\t\t\t  \n\t\t\t\t\t\t\t  <a  href=\"https:\/\/redept.com.br\/blogosfera\/agu-vai-analisar-resposta-da-meta-sobre-mudancas-em-reuniao-nesta-terca-14\/\"  >\n\t\t\t\t\t\t\t\t\t  <div class=\"yuzo-img-wrap \" style=\"width: 125px;height:90px;\">\n\t\t\t\t\t\t\t\t\t\t\n\t\t\t\t\t\t\t\t\t\t<div class=\"yuzo-img\" style=\"background:url('https:\/\/redept.org\/blogosfera\/wp-content\/plugins\/yuzo-related-post\/assets\/images\/default.png') 50% 50% no-repeat;width: 125px;height:90px;margin-bottom: 5px;background-size: cover; \"><\/div>\n\t\t\t\t\t\t\t\t\t  <\/div>\n\t\t\t\t\t\t\t\t\t  \n\t\t\t\t\t\t\t\t   <span class=\"yuzo__text--title\" style=\"font-size:13px;\">AGU vai analisar resposta da Meta sobre mudan\u00e7as e...<\/span>\n\t\t\t\t\t\t\t  \n\t\t\t\t\t\t\t  \n\t\t\t\t\t\t\t  <\/a>\n\n\t\t\t\t\t\t  <\/div>\n<\/div> <script>\n\t\t\t\t\t\t  jQuery(document).ready(function( $ ){\n\t\t\t\t\t\t\t\/\/jQuery('.yuzo_related_post').equalizer({ overflow : 'relatedthumb' });\n\t\t\t\t\t\t\tjQuery('.yuzo_related_post .yuzo_wraps').equalizer({ columns : '> div' });\n\t\t\t\t\t\t   })\n\t\t\t\t\t\t  <\/script> <!-- End Yuzo :) -->","protected":false},"excerpt":{"rendered":"<p>Servidoras e servidores t\u00e9cnico-administrativos da Universidade Federal do Rio Grande do Sul (Ufrgs), da Universidade Federal de Ci\u00eancias da Sa\u00fade de Porto Alegre (Ufcspa) e do Instituto Federal do Rio Grande do Sul (IFRS) bloquearam os acessos ao Campus do Vale, em Porto Alegre, na manh\u00e3 desta quarta-feira (20). O ato denunciou a precariza\u00e7\u00e3o da [&hellip;]<\/p>\n","protected":false},"author":2,"featured_media":0,"comment_status":"open","ping_status":"closed","sticky":false,"template":"","format":"standard","meta":{"fifu_image_url":"","fifu_image_alt":"","footnotes":""},"categories":[59275,39081,729,24981,484,4368,39082,59276,161,35045,59277,4486,5550,56558,59278,2791,10424,35641,38663,38,1865,189,59279,21536,59280,59281,26067,39084,41904,168,52276],"tags":[],"class_list":["post-87947","post","type-post","status-publish","format-standard","hentry","category-acordo-da-greve","category-assufrgs","category-bloqueio","category-campus-do-vale","category-correios","category-educacao-publica","category-fasubra","category-fechamento-de-agencia","category-governo-federal","category-greve-2025","category-greve-de-servidores","category-greve-nacional","category-ifrs","category-infraestrutura-universitaria","category-instituto-federal-do-rio-grande-do-sul","category-lutas","category-ministerio-da-gestao","category-mobilizacao-estudantil","category-permanencia-estudantil","category-porto-alegre","category-precarizacao","category-protesto","category-reconhecimento-de-saberes-e-competencias","category-reitoria-ufrgs","category-rsc","category-sintect-rs","category-sociedade-civil","category-tecnico-administrativos","category-ufcspa","category-ufrgs","category-universidade-federal-do-rio-grande-do-sul"],"_links":{"self":[{"href":"https:\/\/redept.com.br\/blogosfera\/wp-json\/wp\/v2\/posts\/87947","targetHints":{"allow":["GET"]}}],"collection":[{"href":"https:\/\/redept.com.br\/blogosfera\/wp-json\/wp\/v2\/posts"}],"about":[{"href":"https:\/\/redept.com.br\/blogosfera\/wp-json\/wp\/v2\/types\/post"}],"author":[{"embeddable":true,"href":"https:\/\/redept.com.br\/blogosfera\/wp-json\/wp\/v2\/users\/2"}],"replies":[{"embeddable":true,"href":"https:\/\/redept.com.br\/blogosfera\/wp-json\/wp\/v2\/comments?post=87947"}],"version-history":[{"count":0,"href":"https:\/\/redept.com.br\/blogosfera\/wp-json\/wp\/v2\/posts\/87947\/revisions"}],"wp:attachment":[{"href":"https:\/\/redept.com.br\/blogosfera\/wp-json\/wp\/v2\/media?parent=87947"}],"wp:term":[{"taxonomy":"category","embeddable":true,"href":"https:\/\/redept.com.br\/blogosfera\/wp-json\/wp\/v2\/categories?post=87947"},{"taxonomy":"post_tag","embeddable":true,"href":"https:\/\/redept.com.br\/blogosfera\/wp-json\/wp\/v2\/tags?post=87947"}],"curies":[{"name":"wp","href":"https:\/\/api.w.org\/{rel}","templated":true}]}}