{"id":88092,"date":"2026-05-21T12:34:15","date_gmt":"2026-05-21T15:34:15","guid":{"rendered":"https:\/\/redept.com.br\/blogosfera\/comite-do-rs-critica-editais-da-sedac-e-defende-gestao-compartilhada-da-politica-cultural\/"},"modified":"2026-05-21T12:34:15","modified_gmt":"2026-05-21T15:34:15","slug":"comite-do-rs-critica-editais-da-sedac-e-defende-gestao-compartilhada-da-politica-cultural","status":"publish","type":"post","link":"https:\/\/redept.com.br\/blogosfera\/comite-do-rs-critica-editais-da-sedac-e-defende-gestao-compartilhada-da-politica-cultural\/","title":{"rendered":"Comit\u00ea do RS critica editais da Sedac e defende gest\u00e3o compartilhada da pol\u00edtica cultural"},"content":{"rendered":"<p>A delega\u00e7\u00e3o ga\u00facha que participa da 6\u00aa Teia Nacional dos Pontos e Pont\u00f5es de Cultura, realizada em Aracruz (ES), levou ao encontro um documento em defesa da gest\u00e3o compartilhada da Pol\u00edtica Cultura Viva no Rio Grande do Sul. Elaborado pelo Comit\u00ea Gestor da Pol\u00edtica Estadual de Cultura Viva \u2014 RS, o material apresenta a experi\u00eancia [\u2026]<\/p>\n<p><a href=\"https:\/\/www.brasildefato.com.br\/2026\/05\/21\/comite-do-rs-critica-editais-da-sedac-e-defende-gestao-compartilhada-da-politica-cultural\/\" rel=\"nofollow\">Fonte<\/a><\/p>\n<!-- Begin Yuzo --><div class='yuzo_related_post style-1'  data-version='5.12.89'><!-- without result --><div class='yuzo_clearfixed yuzo__title yuzo__title'><h3>Related Post<\/h3><\/div>\n\t\t\t\t\t\t  <div class=\"relatedthumb \" style=\"width:125px;float:left;overflow:hidden;\">  \n\t\t\t\t\t\t\t  \n\t\t\t\t\t\t\t  <a  href=\"https:\/\/redept.com.br\/blogosfera\/copa-feminina-de-autoras-valoriza-escritoras-latino-americanas-no-rs\/\"  >\n\t\t\t\t\t\t\t\t\t  <div class=\"yuzo-img-wrap \" style=\"width: 125px;height:90px;\">\n\t\t\t\t\t\t\t\t\t\t\n\t\t\t\t\t\t\t\t\t\t<div class=\"yuzo-img\" style=\"background:url('https:\/\/redept.org\/blogosfera\/wp-content\/plugins\/yuzo-related-post\/assets\/images\/default.png') 50% 50% no-repeat;width: 125px;height:90px;margin-bottom: 5px;background-size: cover; \"><\/div>\n\t\t\t\t\t\t\t\t\t  <\/div>\n\t\t\t\t\t\t\t\t\t  \n\t\t\t\t\t\t\t\t   <span class=\"yuzo__text--title\" style=\"font-size:13px;\">Copa Feminina de Autoras valoriza escritoras latin...<\/span>\n\t\t\t\t\t\t\t  \n\t\t\t\t\t\t\t  \n\t\t\t\t\t\t\t  <\/a>\n\n\t\t\t\t\t\t  <\/div>\n\t\t\t\t\t\t  <div class=\"relatedthumb \" style=\"width:125px;float:left;overflow:hidden;\">  \n\t\t\t\t\t\t\t  \n\t\t\t\t\t\t\t  <a  href=\"https:\/\/redept.com.br\/blogosfera\/fundacao-perseu-abramo-coloca-no-ar-integra-do-curso-projeto-nacional-de-desenvolvimento\/\"  >\n\t\t\t\t\t\t\t\t\t  <div class=\"yuzo-img-wrap \" style=\"width: 125px;height:90px;\">\n\t\t\t\t\t\t\t\t\t\t\n\t\t\t\t\t\t\t\t\t\t<div class=\"yuzo-img\" style=\"background:url('https:\/\/redept.org\/blogosfera\/wp-content\/plugins\/yuzo-related-post\/assets\/images\/default.png') 50% 50% no-repeat;width: 125px;height:90px;margin-bottom: 5px;background-size: cover; \"><\/div>\n\t\t\t\t\t\t\t\t\t  <\/div>\n\t\t\t\t\t\t\t\t\t  \n\t\t\t\t\t\t\t\t   <span class=\"yuzo__text--title\" style=\"font-size:13px;\">Funda\u00e7\u00e3o Perseu Abramo coloca no ar \u00edntegra do cur...<\/span>\n\t\t\t\t\t\t\t  \n\t\t\t\t\t\t\t  \n\t\t\t\t\t\t\t  <\/a>\n\n\t\t\t\t\t\t  <\/div>\n\t\t\t\t\t\t  <div class=\"relatedthumb \" style=\"width:125px;float:left;overflow:hidden;\">  \n\t\t\t\t\t\t\t  \n\t\t\t\t\t\t\t  <a  href=\"https:\/\/redept.com.br\/blogosfera\/mensagens-revelam-compra-de-mansao-em-miami-apos-vorcaro-negar-imovel-a-pf\/\"  >\n\t\t\t\t\t\t\t\t\t  <div class=\"yuzo-img-wrap \" style=\"width: 125px;height:90px;\">\n\t\t\t\t\t\t\t\t\t\t\n\t\t\t\t\t\t\t\t\t\t<div class=\"yuzo-img\" style=\"background:url('https:\/\/redept.org\/blogosfera\/wp-content\/plugins\/yuzo-related-post\/assets\/images\/default.png') 50% 50% no-repeat;width: 125px;height:90px;margin-bottom: 5px;background-size: cover; \"><\/div>\n\t\t\t\t\t\t\t\t\t  <\/div>\n\t\t\t\t\t\t\t\t\t  \n\t\t\t\t\t\t\t\t   <span class=\"yuzo__text--title\" style=\"font-size:13px;\">Mensagens revelam compra de mans\u00e3o em Miami ap\u00f3s V...<\/span>\n\t\t\t\t\t\t\t  \n\t\t\t\t\t\t\t  \n\t\t\t\t\t\t\t  <\/a>\n\n\t\t\t\t\t\t  <\/div>\n\t\t\t\t\t\t  <div class=\"relatedthumb \" style=\"width:125px;float:left;overflow:hidden;\">  \n\t\t\t\t\t\t\t  \n\t\t\t\t\t\t\t  <a  href=\"https:\/\/sul21.com.br\/noticias\/geral\/2025\/08\/sobe-para-34-o-numero-de-municipios-que-registraram-danos-pela-chuva-no-rs\/\"  >\n\t\t\t\t\t\t\t\t\t  <div class=\"yuzo-img-wrap \" style=\"width: 125px;height:90px;\">\n\t\t\t\t\t\t\t\t\t\t\n\t\t\t\t\t\t\t\t\t\t<div class=\"yuzo-img\" style=\"background:url('https:\/\/redept.org\/blogosfera\/wp-content\/plugins\/yuzo-related-post\/assets\/images\/default.png') 50% 50% no-repeat;width: 125px;height:90px;margin-bottom: 5px;background-size: cover; \"><\/div>\n\t\t\t\t\t\t\t\t\t  <\/div>\n\t\t\t\t\t\t\t\t\t  \n\t\t\t\t\t\t\t\t   <span class=\"yuzo__text--title\" style=\"font-size:13px;\">Sobe para 34 o n\u00famero de munic\u00edpios que registrara...<\/span>\n\t\t\t\t\t\t\t  \n\t\t\t\t\t\t\t  \n\t\t\t\t\t\t\t  <\/a>\n\n\t\t\t\t\t\t  <\/div>\n<\/div> <script>\n\t\t\t\t\t\t  jQuery(document).ready(function( $ ){\n\t\t\t\t\t\t\t\/\/jQuery('.yuzo_related_post').equalizer({ overflow : 'relatedthumb' });\n\t\t\t\t\t\t\tjQuery('.yuzo_related_post .yuzo_wraps').equalizer({ columns : '> div' });\n\t\t\t\t\t\t   })\n\t\t\t\t\t\t  <\/script> <!-- End Yuzo :) -->","protected":false},"excerpt":{"rendered":"<p>A delega\u00e7\u00e3o ga\u00facha que participa da 6\u00aa Teia Nacional dos Pontos e Pont\u00f5es de Cultura, realizada em Aracruz (ES), levou ao encontro um documento em defesa da gest\u00e3o compartilhada da Pol\u00edtica Cultura Viva no Rio Grande do Sul. Elaborado pelo Comit\u00ea Gestor da Pol\u00edtica Estadual de Cultura Viva \u2014 RS, o material apresenta a experi\u00eancia [&hellip;]<\/p>\n","protected":false},"author":2,"featured_media":0,"comment_status":"open","ping_status":"closed","sticky":false,"template":"","format":"standard","meta":{"fifu_image_url":"","fifu_image_alt":"","footnotes":""},"categories":[59765,59766,2858,59767,51757,59768,49132,309,632,7163,2957,40508,43948,7209,59769,59770,8984,59771,55654,59772,59773,3588,59774,29478,9326,11323,34,25549,19,7102,17888],"tags":[],"class_list":["post-88092","post","type-post","status-publish","format-standard","hentry","category-avanca-tche","category-cadastro-estadual-de-pontos-de-cultura","category-carnaval","category-certificacao-cultural","category-clubes-sociais-negros","category-coletivos-indigenas","category-comite-gestor","category-cultura","category-cultura-popular","category-cultura-viva","category-economia-solidaria","category-editais-culturais","category-educacao-comunitaria","category-famurs","category-fundo-de-apoio-a-cultura","category-gestao-compartilhada","category-hip-hop","category-lei-14-835","category-lei-cultura-viva","category-lei-estadual-14-663","category-lei-federal-13-018","category-minc","category-municipalizacao","category-participacao-social","category-pnab","category-politica-cultural","category-quilombolas","category-radios-comunitarias","category-rio-grande-do-sul","category-sedac","category-sistema-nacional-de-cultura"],"_links":{"self":[{"href":"https:\/\/redept.com.br\/blogosfera\/wp-json\/wp\/v2\/posts\/88092","targetHints":{"allow":["GET"]}}],"collection":[{"href":"https:\/\/redept.com.br\/blogosfera\/wp-json\/wp\/v2\/posts"}],"about":[{"href":"https:\/\/redept.com.br\/blogosfera\/wp-json\/wp\/v2\/types\/post"}],"author":[{"embeddable":true,"href":"https:\/\/redept.com.br\/blogosfera\/wp-json\/wp\/v2\/users\/2"}],"replies":[{"embeddable":true,"href":"https:\/\/redept.com.br\/blogosfera\/wp-json\/wp\/v2\/comments?post=88092"}],"version-history":[{"count":0,"href":"https:\/\/redept.com.br\/blogosfera\/wp-json\/wp\/v2\/posts\/88092\/revisions"}],"wp:attachment":[{"href":"https:\/\/redept.com.br\/blogosfera\/wp-json\/wp\/v2\/media?parent=88092"}],"wp:term":[{"taxonomy":"category","embeddable":true,"href":"https:\/\/redept.com.br\/blogosfera\/wp-json\/wp\/v2\/categories?post=88092"},{"taxonomy":"post_tag","embeddable":true,"href":"https:\/\/redept.com.br\/blogosfera\/wp-json\/wp\/v2\/tags?post=88092"}],"curies":[{"name":"wp","href":"https:\/\/api.w.org\/{rel}","templated":true}]}}