{"id":88224,"date":"2026-05-21T15:24:24","date_gmt":"2026-05-21T18:24:24","guid":{"rendered":"https:\/\/redept.com.br\/blogosfera\/integrantes-da-flotilha-de-ajuda-a-palestina-comecam-a-ser-libertados\/"},"modified":"2026-05-21T15:24:24","modified_gmt":"2026-05-21T18:24:24","slug":"integrantes-da-flotilha-de-ajuda-a-palestina-comecam-a-ser-libertados","status":"publish","type":"post","link":"https:\/\/redept.com.br\/blogosfera\/integrantes-da-flotilha-de-ajuda-a-palestina-comecam-a-ser-libertados\/","title":{"rendered":"Integrantes da Flotilha de ajuda \u00e0 Palestina come\u00e7am a ser libertados"},"content":{"rendered":"<p>Os 428 ativistas da Global Sumud Flotilla (GSF) presos por Israel est\u00e3o sendo libertados, anunciou o grupo nesta quinta-feira (21\/05).<\/p>\n<p>Parte dos membros da flotilha que estavam presos v\u00e3o embarcar em um voo para Istambul, na Turquia. Entre eles, est\u00e3o quatro membros da delega\u00e7\u00e3o brasileira, sendo tr\u00eas mulheres e um homem, que foram presos na \u00faltima semana e impedidos de receber aux\u00edlio de representantes da diplomacia e de advogados de defesa. S\u00e3o eles:<\/p>\n<ul>\n<li>Beatriz Moreira, militante do Movimento de Atingido por Barragens;<\/li>\n<li>Ariadne Teles, advogada de direitos humanos e coordenadora da GSF no Brasil;<\/li>\n<li>Thainara Rog\u00e9rio, desenvolvedora de software, nascida no Brasil e cidad\u00e3 espanhola e<\/li>\n<li>C\u00e1ssio Pelegrini, m\u00e9dico pediatra.<\/li>\n<\/ul>\n<p>\u201cQue isso seja um lembrete do que a mobiliza\u00e7\u00e3o global e a press\u00e3o pol\u00edtica consistente podem alcan\u00e7ar e por que isso deve continuar at\u00e9 que todos os mais de 9,6 mil prisioneiros pol\u00edticos palestinos sejam libertados e o cerco ilegal e a ocupa\u00e7\u00e3o cheguem ao fim\u201d, declarou a GSF.<\/p>\n<p>Na quarta-feira (20\/05), o governo brasileiro emitiu nota pedindo a soltura imediata do grupo e condenando veementemente \u201co tratamento degradante e humilhante dispensado por autoridades israelenses, em particular pelo Ministro da Seguran\u00e7a Interna de Israel, Itamar Ben Gvir\u201d.<\/p>\n<p>\u201cAo reiterar seu rep\u00fadio \u00e0 intercepta\u00e7\u00e3o, em \u00e1guas internacionais, das embarca\u00e7\u00f5es integrantes da flotilha e \u00e0 deten\u00e7\u00e3o de seus participantes \u2013 ambas a\u00e7\u00f5es ilegais \u2013, o Brasil demanda liberta\u00e7\u00e3o imediata de todos os ativistas detidos, incluindo de quatro cidad\u00e3os brasileiros\u201d, pediu o governo.<\/p>\n<p>Al\u00e9m disso, refor\u00e7ou a necessidade do \u201cpleno respeito a seus direitos e a sua dignidade, em linha com os compromissos internacionais assumidos pelo Estado de Israel, a exemplo da Conven\u00e7\u00e3o contra a Tortura e Outros Tratamentos ou Penas Cru\u00e9is, Desumanos ou Degradantes\u201d.<\/p>\n<p>A GSF \u00e9 uma coaliz\u00e3o internacional de movimentos civis que organiza miss\u00f5es mar\u00edtimas e terrestres para levar mantimentos e suporte \u00e0 Gaza, ap\u00f3s os bloqueios impostos por Israel. Recentemente, o movimento ganhou repercuss\u00e3o no Brasil ap\u00f3s a pris\u00e3o do ativista Thiago \u00c1vila, que foi soltou e retornou ao pa\u00eds no dia 12 de maio.<\/p>\n<p>O post Integrantes da Flotilha de ajuda \u00e0 Palestina come\u00e7am a ser libertados apareceu primeiro em Opera Mundi.<\/p>\n<!-- Begin Yuzo --><div class='yuzo_related_post style-1'  data-version='5.12.89'><!-- without result --><div class='yuzo_clearfixed yuzo__title yuzo__title'><h3>Related Post<\/h3><\/div>\n\t\t\t\t\t\t  <div class=\"relatedthumb \" style=\"width:125px;float:left;overflow:hidden;\">  \n\t\t\t\t\t\t\t  \n\t\t\t\t\t\t\t  <a  href=\"https:\/\/redept.com.br\/blogosfera\/lula-vai-se-reunir-com-lideres-da-uniao-europeia-no-rio-de-janeiro\/\"  >\n\t\t\t\t\t\t\t\t\t  <div class=\"yuzo-img-wrap \" style=\"width: 125px;height:90px;\">\n\t\t\t\t\t\t\t\t\t\t\n\t\t\t\t\t\t\t\t\t\t<div class=\"yuzo-img\" style=\"background:url('https:\/\/redept.org\/blogosfera\/wp-content\/plugins\/yuzo-related-post\/assets\/images\/default.png') 50% 50% no-repeat;width: 125px;height:90px;margin-bottom: 5px;background-size: cover; \"><\/div>\n\t\t\t\t\t\t\t\t\t  <\/div>\n\t\t\t\t\t\t\t\t\t  \n\t\t\t\t\t\t\t\t   <span class=\"yuzo__text--title\" style=\"font-size:13px;\">Lula vai se reunir com l\u00edderes da Uni\u00e3o Europeia n...<\/span>\n\t\t\t\t\t\t\t  \n\t\t\t\t\t\t\t  \n\t\t\t\t\t\t\t  <\/a>\n\n\t\t\t\t\t\t  <\/div>\n\t\t\t\t\t\t  <div class=\"relatedthumb \" style=\"width:125px;float:left;overflow:hidden;\">  \n\t\t\t\t\t\t\t  \n\t\t\t\t\t\t\t  <a  href=\"https:\/\/redept.com.br\/blogosfera\/r-15-mi-em-desvios-quem-sao-os-pastores-suspeitos-de-ter-ligacao-com-a-fraude-no-inss\/\"  >\n\t\t\t\t\t\t\t\t\t  <div class=\"yuzo-img-wrap \" style=\"width: 125px;height:90px;\">\n\t\t\t\t\t\t\t\t\t\t\n\t\t\t\t\t\t\t\t\t\t<div class=\"yuzo-img\" style=\"background:url('https:\/\/redept.org\/blogosfera\/wp-content\/plugins\/yuzo-related-post\/assets\/images\/default.png') 50% 50% no-repeat;width: 125px;height:90px;margin-bottom: 5px;background-size: cover; \"><\/div>\n\t\t\t\t\t\t\t\t\t  <\/div>\n\t\t\t\t\t\t\t\t\t  \n\t\t\t\t\t\t\t\t   <span class=\"yuzo__text--title\" style=\"font-size:13px;\">R$ 1,5 mi em desvios: quem s\u00e3o os pastores suspeit...<\/span>\n\t\t\t\t\t\t\t  \n\t\t\t\t\t\t\t  \n\t\t\t\t\t\t\t  <\/a>\n\n\t\t\t\t\t\t  <\/div>\n\t\t\t\t\t\t  <div class=\"relatedthumb \" style=\"width:125px;float:left;overflow:hidden;\">  \n\t\t\t\t\t\t\t  \n\t\t\t\t\t\t\t  <a  href=\"https:\/\/redept.com.br\/blogosfera\/haddad-estreia-na-tv-com-foco-em-entregas-e-critica-gestao-de-tarcisio\/\"  >\n\t\t\t\t\t\t\t\t\t  <div class=\"yuzo-img-wrap \" style=\"width: 125px;height:90px;\">\n\t\t\t\t\t\t\t\t\t\t\n\t\t\t\t\t\t\t\t\t\t<div class=\"yuzo-img\" style=\"background:url('https:\/\/redept.com.br\/blogosfera\/wp-content\/uploads\/2026\/08\/lula-haddad-ricardostuckert-5-150x150.jpg') 50% 50% no-repeat;width: 125px;height:90px;margin-bottom: 5px;background-size: cover; \"><\/div>\n\t\t\t\t\t\t\t\t\t  <\/div>\n\t\t\t\t\t\t\t\t\t  \n\t\t\t\t\t\t\t\t   <span class=\"yuzo__text--title\" style=\"font-size:13px;\">Haddad estreia na TV com foco em entregas e cr\u00edtic...<\/span>\n\t\t\t\t\t\t\t  \n\t\t\t\t\t\t\t  \n\t\t\t\t\t\t\t  <\/a>\n\n\t\t\t\t\t\t  <\/div>\n\t\t\t\t\t\t  <div class=\"relatedthumb \" style=\"width:125px;float:left;overflow:hidden;\">  \n\t\t\t\t\t\t\t  \n\t\t\t\t\t\t\t  <a  href=\"https:\/\/redept.com.br\/blogosfera\/jorge-messias-traicao-de-davi-alcolumbre-erro-no-calculo-ou-insistencia-do-presidente-lula\/\"  >\n\t\t\t\t\t\t\t\t\t  <div class=\"yuzo-img-wrap \" style=\"width: 125px;height:90px;\">\n\t\t\t\t\t\t\t\t\t\t\n\t\t\t\t\t\t\t\t\t\t<div class=\"yuzo-img\" style=\"background:url('https:\/\/redept.org\/blogosfera\/wp-content\/plugins\/yuzo-related-post\/assets\/images\/default.png') 50% 50% no-repeat;width: 125px;height:90px;margin-bottom: 5px;background-size: cover; \"><\/div>\n\t\t\t\t\t\t\t\t\t  <\/div>\n\t\t\t\t\t\t\t\t\t  \n\t\t\t\t\t\t\t\t   <span class=\"yuzo__text--title\" style=\"font-size:13px;\">Jorge Messias: trai\u00e7\u00e3o de Davi Alcolumbre, erro no...<\/span>\n\t\t\t\t\t\t\t  \n\t\t\t\t\t\t\t  \n\t\t\t\t\t\t\t  <\/a>\n\n\t\t\t\t\t\t  <\/div>\n<\/div> <script>\n\t\t\t\t\t\t  jQuery(document).ready(function( $ ){\n\t\t\t\t\t\t\t\/\/jQuery('.yuzo_related_post').equalizer({ overflow : 'relatedthumb' });\n\t\t\t\t\t\t\tjQuery('.yuzo_related_post .yuzo_wraps').equalizer({ columns : '> div' });\n\t\t\t\t\t\t   })\n\t\t\t\t\t\t  <\/script> <!-- End Yuzo :) -->","protected":false},"excerpt":{"rendered":"<p>Os 428 ativistas da Global Sumud Flotilla (GSF) presos por Israel est\u00e3o sendo libertados, anunciou o grupo nesta quinta-feira (21\/05). Parte dos membros da flotilha que estavam presos v\u00e3o embarcar em um voo para Istambul, na Turquia. Entre eles, est\u00e3o quatro membros da delega\u00e7\u00e3o brasileira, sendo tr\u00eas mulheres e um homem, que foram presos na [\u2026]<\/p>\n<p>O post <a href=\"https:\/\/operamundi.uol.com.br\/guerra-israel-x-palestina\/integrantes-da-flotilha-de-ajuda-a-palestina-comecam-a-ser-libertados\/\">Integrantes da Flotilha de ajuda \u00e0 Palestina come\u00e7am a ser libertados<\/a> apareceu primeiro em <a href=\"https:\/\/operamundi.uol.com.br\/\">Opera Mundi<\/a>.<\/p>\n","protected":false},"author":2,"featured_media":0,"comment_status":"closed","ping_status":"closed","sticky":false,"template":"","format":"standard","meta":{"fifu_image_url":"","fifu_image_alt":"","footnotes":""},"categories":[58827,57924,45,60056,17062,40450,18838,3938,25,12271,54,58839,7852,2599],"tags":[],"class_list":["post-88224","post","type-post","status-publish","format-standard","hentry","category-ariadne-teles","category-beatriz-moreira","category-brasil","category-cassio-pelegrini","category-flotilha","category-global-sumud-flotilha","category-gsf","category-guerra-israel-x-palestina","category-israel","category-israel-x-palestina","category-palestina","category-thainara-rogerio","category-thiago-avila","category-turquia"],"_links":{"self":[{"href":"https:\/\/redept.com.br\/blogosfera\/wp-json\/wp\/v2\/posts\/88224","targetHints":{"allow":["GET"]}}],"collection":[{"href":"https:\/\/redept.com.br\/blogosfera\/wp-json\/wp\/v2\/posts"}],"about":[{"href":"https:\/\/redept.com.br\/blogosfera\/wp-json\/wp\/v2\/types\/post"}],"author":[{"embeddable":true,"href":"https:\/\/redept.com.br\/blogosfera\/wp-json\/wp\/v2\/users\/2"}],"replies":[{"embeddable":true,"href":"https:\/\/redept.com.br\/blogosfera\/wp-json\/wp\/v2\/comments?post=88224"}],"version-history":[{"count":0,"href":"https:\/\/redept.com.br\/blogosfera\/wp-json\/wp\/v2\/posts\/88224\/revisions"}],"wp:attachment":[{"href":"https:\/\/redept.com.br\/blogosfera\/wp-json\/wp\/v2\/media?parent=88224"}],"wp:term":[{"taxonomy":"category","embeddable":true,"href":"https:\/\/redept.com.br\/blogosfera\/wp-json\/wp\/v2\/categories?post=88224"},{"taxonomy":"post_tag","embeddable":true,"href":"https:\/\/redept.com.br\/blogosfera\/wp-json\/wp\/v2\/tags?post=88224"}],"curies":[{"name":"wp","href":"https:\/\/api.w.org\/{rel}","templated":true}]}}