{"id":88660,"date":"2026-05-25T18:35:15","date_gmt":"2026-05-25T21:35:15","guid":{"rendered":"https:\/\/redept.com.br\/blogosfera\/fim-da-escala-6x1-trabalhadores-mantem-vigilia-na-camara-federal-pela-reducao-da-jornada-de-trabalho\/"},"modified":"2026-05-25T18:35:15","modified_gmt":"2026-05-25T21:35:15","slug":"fim-da-escala-6x1-trabalhadores-mantem-vigilia-na-camara-federal-pela-reducao-da-jornada-de-trabalho","status":"publish","type":"post","link":"https:\/\/redept.com.br\/blogosfera\/fim-da-escala-6x1-trabalhadores-mantem-vigilia-na-camara-federal-pela-reducao-da-jornada-de-trabalho\/","title":{"rendered":"Fim da escala 6\u00d71: trabalhadores mant\u00eam vig\u00edlia na C\u00e2mara Federal pela redu\u00e7\u00e3o da jornada de trabalho"},"content":{"rendered":"<p>Manifestantes e representantes de centrais sindicais ocuparam a entrada do Anexo II da C\u00e2mara dos Deputados nesta segunda-feira (25), em uma vig\u00edlia que acompanha a reta final da apresenta\u00e7\u00e3o do relat\u00f3rio sobre o fim da escala 6\u00d71. O ato marca o in\u00edcio de uma semana decisiva para a Proposta de Emenda \u00e0 Constitui\u00e7\u00e3o (PEC) que [\u2026]<\/p>\n<p><a href=\"https:\/\/www.brasildefato.com.br\/2026\/05\/25\/fim-da-escala-6x1-trabalhadores-mantem-vigilia-na-camara-federal-pela-reducao-da-jornada-de-trabalho\/\" rel=\"nofollow\">Fonte<\/a><\/p>\n<!-- Begin Yuzo --><div class='yuzo_related_post style-1'  data-version='5.12.89'><!-- without result --><div class='yuzo_clearfixed yuzo__title yuzo__title'><h3>Related Post<\/h3><\/div>\n\t\t\t\t\t\t  <div class=\"relatedthumb \" style=\"width:125px;float:left;overflow:hidden;\">  \n\t\t\t\t\t\t\t  \n\t\t\t\t\t\t\t  <a  href=\"https:\/\/redept.com.br\/blogosfera\/lula-desafia-camilo-santana-a-superar-haddad-e-anuncia-criacao-de-universidade-indigena-e-de-esporte\/\"  >\n\t\t\t\t\t\t\t\t\t  <div class=\"yuzo-img-wrap \" style=\"width: 125px;height:90px;\">\n\t\t\t\t\t\t\t\t\t\t\n\t\t\t\t\t\t\t\t\t\t<div class=\"yuzo-img\" style=\"background:url('https:\/\/redept.org\/blogosfera\/wp-content\/plugins\/yuzo-related-post\/assets\/images\/default.png') 50% 50% no-repeat;width: 125px;height:90px;margin-bottom: 5px;background-size: cover; \"><\/div>\n\t\t\t\t\t\t\t\t\t  <\/div>\n\t\t\t\t\t\t\t\t\t  \n\t\t\t\t\t\t\t\t   <span class=\"yuzo__text--title\" style=\"font-size:13px;\">Lula desafia Camilo Santana a superar Haddad e anu...<\/span>\n\t\t\t\t\t\t\t  \n\t\t\t\t\t\t\t  \n\t\t\t\t\t\t\t  <\/a>\n\n\t\t\t\t\t\t  <\/div>\n\t\t\t\t\t\t  <div class=\"relatedthumb \" style=\"width:125px;float:left;overflow:hidden;\">  \n\t\t\t\t\t\t\t  \n\t\t\t\t\t\t\t  <a  href=\"https:\/\/redept.com.br\/blogosfera\/cnu-ministerio-desmente-que-inscricoes-estejam-abertas\/\"  >\n\t\t\t\t\t\t\t\t\t  <div class=\"yuzo-img-wrap \" style=\"width: 125px;height:90px;\">\n\t\t\t\t\t\t\t\t\t\t\n\t\t\t\t\t\t\t\t\t\t<div class=\"yuzo-img\" style=\"background:url('https:\/\/redept.org\/blogosfera\/wp-content\/plugins\/yuzo-related-post\/assets\/images\/default.png') 50% 50% no-repeat;width: 125px;height:90px;margin-bottom: 5px;background-size: cover; \"><\/div>\n\t\t\t\t\t\t\t\t\t  <\/div>\n\t\t\t\t\t\t\t\t\t  \n\t\t\t\t\t\t\t\t   <span class=\"yuzo__text--title\" style=\"font-size:13px;\">CNU: Minist\u00e9rio desmente que inscri\u00e7\u00f5es estejam ab...<\/span>\n\t\t\t\t\t\t\t  \n\t\t\t\t\t\t\t  \n\t\t\t\t\t\t\t  <\/a>\n\n\t\t\t\t\t\t  <\/div>\n\t\t\t\t\t\t  <div class=\"relatedthumb \" style=\"width:125px;float:left;overflow:hidden;\">  \n\t\t\t\t\t\t\t  \n\t\t\t\t\t\t\t  <a  href=\"https:\/\/redept.com.br\/blogosfera\/anderson-torres-admite-desconhecimento-tecnico-sobre-sistema-eleitoral\/\"  >\n\t\t\t\t\t\t\t\t\t  <div class=\"yuzo-img-wrap \" style=\"width: 125px;height:90px;\">\n\t\t\t\t\t\t\t\t\t\t\n\t\t\t\t\t\t\t\t\t\t<div class=\"yuzo-img\" style=\"background:url('https:\/\/redept.org\/blogosfera\/wp-content\/plugins\/yuzo-related-post\/assets\/images\/default.png') 50% 50% no-repeat;width: 125px;height:90px;margin-bottom: 5px;background-size: cover; \"><\/div>\n\t\t\t\t\t\t\t\t\t  <\/div>\n\t\t\t\t\t\t\t\t\t  \n\t\t\t\t\t\t\t\t   <span class=\"yuzo__text--title\" style=\"font-size:13px;\">Anderson Torres admite desconhecimento t\u00e9cnico sob...<\/span>\n\t\t\t\t\t\t\t  \n\t\t\t\t\t\t\t  \n\t\t\t\t\t\t\t  <\/a>\n\n\t\t\t\t\t\t  <\/div>\n\t\t\t\t\t\t  <div class=\"relatedthumb \" style=\"width:125px;float:left;overflow:hidden;\">  \n\t\t\t\t\t\t\t  \n\t\t\t\t\t\t\t  <a  href=\"https:\/\/redept.com.br\/blogosfera\/cid-depoe-e-tera-que-explicar-plano-para-morte-de-lula-alckmin-e-moraes\/\"  >\n\t\t\t\t\t\t\t\t\t  <div class=\"yuzo-img-wrap \" style=\"width: 125px;height:90px;\">\n\t\t\t\t\t\t\t\t\t\t\n\t\t\t\t\t\t\t\t\t\t<div class=\"yuzo-img\" style=\"background:url('https:\/\/redept.com.br\/blogosfera\/wp-content\/uploads\/2024\/11\/ok-maurocid_lulamarques_agbr-150x150.png') 50% 50% no-repeat;width: 125px;height:90px;margin-bottom: 5px;background-size: cover; \"><\/div>\n\t\t\t\t\t\t\t\t\t  <\/div>\n\t\t\t\t\t\t\t\t\t  \n\t\t\t\t\t\t\t\t   <span class=\"yuzo__text--title\" style=\"font-size:13px;\">Cid dep\u00f5e e ter\u00e1 que explicar plano para morte de ...<\/span>\n\t\t\t\t\t\t\t  \n\t\t\t\t\t\t\t  \n\t\t\t\t\t\t\t  <\/a>\n\n\t\t\t\t\t\t  <\/div>\n<\/div> <script>\n\t\t\t\t\t\t  jQuery(document).ready(function( $ ){\n\t\t\t\t\t\t\t\/\/jQuery('.yuzo_related_post').equalizer({ overflow : 'relatedthumb' });\n\t\t\t\t\t\t\tjQuery('.yuzo_related_post .yuzo_wraps').equalizer({ columns : '> div' });\n\t\t\t\t\t\t   })\n\t\t\t\t\t\t  <\/script> <!-- End Yuzo :) -->","protected":false},"excerpt":{"rendered":"<p>Manifestantes e representantes de centrais sindicais ocuparam a entrada do Anexo II da C\u00e2mara dos Deputados nesta segunda-feira (25), em uma vig\u00edlia que acompanha a reta final da apresenta\u00e7\u00e3o do relat\u00f3rio sobre o fim da escala 6\u00d71. O ato marca o in\u00edcio de uma semana decisiva para a Proposta de Emenda \u00e0 Constitui\u00e7\u00e3o (PEC) que [&hellip;]<\/p>\n","protected":false},"author":2,"featured_media":0,"comment_status":"open","ping_status":"closed","sticky":false,"template":"","format":"standard","meta":{"fifu_image_url":"","fifu_image_alt":"","footnotes":""},"categories":[37037,60977,49392,280,4835,60978,1983,1029,4126,4417,234,17258,1963,23818,2008,1217,3325,1948,53232,112,82,35716,59334,1865,23524,1976,1970,60979,26651,480,59166,60980,893],"tags":[],"class_list":["post-88660","post","type-post","status-publish","format-standard","hentry","category-40-horas","category-42-horas","category-44-horas","category-centrais-sindicais","category-comissao-especial","category-cuidado-nao-remunerado","category-cut","category-dieese","category-direitos","category-distribuicao-de-renda","category-distrito-federal","category-escala-5x2","category-escala-6x1","category-escravidao-moderna","category-fim-da-escala-6x1","category-genero","category-hugo-motta","category-jornada-de-trabalho","category-jornada-dupla","category-lula","category-mulheres","category-pec-da-jornada","category-plenario-da-camara","category-precarizacao","category-produtividade","category-qualidade-de-vida","category-reducao-da-jornada-de-trabalho","category-relatorio-da-pec","category-saude-do-trabalhador","category-trabalhadores","category-transicao-gradual","category-vigilia-camara-federal","category-votacao"],"_links":{"self":[{"href":"https:\/\/redept.com.br\/blogosfera\/wp-json\/wp\/v2\/posts\/88660","targetHints":{"allow":["GET"]}}],"collection":[{"href":"https:\/\/redept.com.br\/blogosfera\/wp-json\/wp\/v2\/posts"}],"about":[{"href":"https:\/\/redept.com.br\/blogosfera\/wp-json\/wp\/v2\/types\/post"}],"author":[{"embeddable":true,"href":"https:\/\/redept.com.br\/blogosfera\/wp-json\/wp\/v2\/users\/2"}],"replies":[{"embeddable":true,"href":"https:\/\/redept.com.br\/blogosfera\/wp-json\/wp\/v2\/comments?post=88660"}],"version-history":[{"count":0,"href":"https:\/\/redept.com.br\/blogosfera\/wp-json\/wp\/v2\/posts\/88660\/revisions"}],"wp:attachment":[{"href":"https:\/\/redept.com.br\/blogosfera\/wp-json\/wp\/v2\/media?parent=88660"}],"wp:term":[{"taxonomy":"category","embeddable":true,"href":"https:\/\/redept.com.br\/blogosfera\/wp-json\/wp\/v2\/categories?post=88660"},{"taxonomy":"post_tag","embeddable":true,"href":"https:\/\/redept.com.br\/blogosfera\/wp-json\/wp\/v2\/tags?post=88660"}],"curies":[{"name":"wp","href":"https:\/\/api.w.org\/{rel}","templated":true}]}}