{"id":88838,"date":"2026-05-26T16:55:06","date_gmt":"2026-05-26T19:55:06","guid":{"rendered":"https:\/\/redept.com.br\/blogosfera\/rj-e-exemplo-negativo-do-uso-de-postos-politicos-para-beneficio-proprio-diz-analista\/"},"modified":"2026-05-26T16:55:06","modified_gmt":"2026-05-26T19:55:06","slug":"rj-e-exemplo-negativo-do-uso-de-postos-politicos-para-beneficio-proprio-diz-analista","status":"publish","type":"post","link":"https:\/\/redept.com.br\/blogosfera\/rj-e-exemplo-negativo-do-uso-de-postos-politicos-para-beneficio-proprio-diz-analista\/","title":{"rendered":"\u2018RJ \u00e9 exemplo negativo do uso de postos pol\u00edticos para benef\u00edcio pr\u00f3prio\u2019, diz analista"},"content":{"rendered":"<p>Vera Chaia afirma que opera\u00e7\u00e3o da PF que mira mais uma vez Claudio Castro exp\u00f5e &#8216;rompimento de barreiras \u00e9ticas&#8217;<\/p>\n<p><a href=\"https:\/\/www.brasildefato.com.br\/2026\/05\/26\/rj-e-exemplo-negativo-do-uso-de-postos-politicos-para-beneficio-proprio-diz-analista\/\" rel=\"nofollow\">Fonte<\/a><\/p>\n<!-- Begin Yuzo --><div class='yuzo_related_post style-1'  data-version='5.12.89'><!-- without result --><div class='yuzo_clearfixed yuzo__title yuzo__title'><h3>Related Post<\/h3><\/div>\n\t\t\t\t\t\t  <div class=\"relatedthumb \" style=\"width:125px;float:left;overflow:hidden;\">  \n\t\t\t\t\t\t\t  \n\t\t\t\t\t\t\t  <a  href=\"https:\/\/redept.com.br\/blogosfera\/slam-das-gurias-promove-final-classificatoria-para-o-campeonato-paranaense-neste-domingo-em-curitiba\/\"  >\n\t\t\t\t\t\t\t\t\t  <div class=\"yuzo-img-wrap \" style=\"width: 125px;height:90px;\">\n\t\t\t\t\t\t\t\t\t\t\n\t\t\t\t\t\t\t\t\t\t<div class=\"yuzo-img\" style=\"background:url('https:\/\/redept.org\/blogosfera\/wp-content\/plugins\/yuzo-related-post\/assets\/images\/default.png') 50% 50% no-repeat;width: 125px;height:90px;margin-bottom: 5px;background-size: cover; \"><\/div>\n\t\t\t\t\t\t\t\t\t  <\/div>\n\t\t\t\t\t\t\t\t\t  \n\t\t\t\t\t\t\t\t   <span class=\"yuzo__text--title\" style=\"font-size:13px;\">Slam das Gurias promove final classificat\u00f3ria para...<\/span>\n\t\t\t\t\t\t\t  \n\t\t\t\t\t\t\t  \n\t\t\t\t\t\t\t  <\/a>\n\n\t\t\t\t\t\t  <\/div>\n\t\t\t\t\t\t  <div class=\"relatedthumb \" style=\"width:125px;float:left;overflow:hidden;\">  \n\t\t\t\t\t\t\t  \n\t\t\t\t\t\t\t  <a  href=\"https:\/\/redept.com.br\/blogosfera\/protestos-contra-extrema-direita-levam-milhares-as-ruas-na-alemanha\/\"  >\n\t\t\t\t\t\t\t\t\t  <div class=\"yuzo-img-wrap \" style=\"width: 125px;height:90px;\">\n\t\t\t\t\t\t\t\t\t\t\n\t\t\t\t\t\t\t\t\t\t<div class=\"yuzo-img\" style=\"background:url('https:\/\/redept.com.br\/blogosfera\/wp-content\/uploads\/2025\/02\/1738525824679fcc80b293b_1738525824_3x2_lg-150x150.jpg') 50% 50% no-repeat;width: 125px;height:90px;margin-bottom: 5px;background-size: cover; \"><\/div>\n\t\t\t\t\t\t\t\t\t  <\/div>\n\t\t\t\t\t\t\t\t\t  \n\t\t\t\t\t\t\t\t   <span class=\"yuzo__text--title\" style=\"font-size:13px;\">Protestos contra extrema direita levam milhares \u00e0s...<\/span>\n\t\t\t\t\t\t\t  \n\t\t\t\t\t\t\t  \n\t\t\t\t\t\t\t  <\/a>\n\n\t\t\t\t\t\t  <\/div>\n\t\t\t\t\t\t  <div class=\"relatedthumb \" style=\"width:125px;float:left;overflow:hidden;\">  \n\t\t\t\t\t\t\t  \n\t\t\t\t\t\t\t  <a  href=\"https:\/\/redept.com.br\/blogosfera\/servidores-da-assistencia-social-do-df-entram-em-greve-a-partir-de-10-de-marco\/\"  >\n\t\t\t\t\t\t\t\t\t  <div class=\"yuzo-img-wrap \" style=\"width: 125px;height:90px;\">\n\t\t\t\t\t\t\t\t\t\t\n\t\t\t\t\t\t\t\t\t\t<div class=\"yuzo-img\" style=\"background:url('https:\/\/redept.org\/blogosfera\/wp-content\/plugins\/yuzo-related-post\/assets\/images\/default.png') 50% 50% no-repeat;width: 125px;height:90px;margin-bottom: 5px;background-size: cover; \"><\/div>\n\t\t\t\t\t\t\t\t\t  <\/div>\n\t\t\t\t\t\t\t\t\t  \n\t\t\t\t\t\t\t\t   <span class=\"yuzo__text--title\" style=\"font-size:13px;\">Servidores da assist\u00eancia social do DF entram em g...<\/span>\n\t\t\t\t\t\t\t  \n\t\t\t\t\t\t\t  \n\t\t\t\t\t\t\t  <\/a>\n\n\t\t\t\t\t\t  <\/div>\n\t\t\t\t\t\t  <div class=\"relatedthumb \" style=\"width:125px;float:left;overflow:hidden;\">  \n\t\t\t\t\t\t\t  \n\t\t\t\t\t\t\t  <a  href=\"https:\/\/redept.com.br\/blogosfera\/pentagono-considera-realocar-ajuda-militar-da-ucrania-para-o-oriente-medio\/\"  >\n\t\t\t\t\t\t\t\t\t  <div class=\"yuzo-img-wrap \" style=\"width: 125px;height:90px;\">\n\t\t\t\t\t\t\t\t\t\t\n\t\t\t\t\t\t\t\t\t\t<div class=\"yuzo-img\" style=\"background:url('https:\/\/redept.org\/blogosfera\/wp-content\/plugins\/yuzo-related-post\/assets\/images\/default.png') 50% 50% no-repeat;width: 125px;height:90px;margin-bottom: 5px;background-size: cover; \"><\/div>\n\t\t\t\t\t\t\t\t\t  <\/div>\n\t\t\t\t\t\t\t\t\t  \n\t\t\t\t\t\t\t\t   <span class=\"yuzo__text--title\" style=\"font-size:13px;\">Pent\u00e1gono considera realocar ajuda militar da Ucr\u00e2...<\/span>\n\t\t\t\t\t\t\t  \n\t\t\t\t\t\t\t  \n\t\t\t\t\t\t\t  <\/a>\n\n\t\t\t\t\t\t  <\/div>\n<\/div> <script>\n\t\t\t\t\t\t  jQuery(document).ready(function( $ ){\n\t\t\t\t\t\t\t\/\/jQuery('.yuzo_related_post').equalizer({ overflow : 'relatedthumb' });\n\t\t\t\t\t\t\tjQuery('.yuzo_related_post .yuzo_wraps').equalizer({ columns : '> div' });\n\t\t\t\t\t\t   })\n\t\t\t\t\t\t  <\/script> <!-- End Yuzo :) -->","protected":false},"excerpt":{"rendered":"<p>Vera Chaia afirma que opera\u00e7\u00e3o da PF que mira mais uma vez Claudio Castro exp\u00f5e &#8216;rompimento de barreiras \u00e9ticas&#8217; Fonte Related Post Sindicato celebra avan\u00e7o, mas cobra justi\u00e7a nas pr&#8230; Associa\u00e7\u00e3o de ex-presos e perseguidos pol\u00edticos do&#8230; Prote\u00e7\u00e3o aos defensores de direitos humanos teve b&#8230; R\u00fassia realiza ataque de retalia\u00e7\u00e3o contra a Ucr\u00e2n&#8230;<\/p>\n","protected":false},"author":2,"featured_media":0,"comment_status":"open","ping_status":"closed","sticky":false,"template":"","format":"standard","meta":{"fifu_image_url":"","fifu_image_alt":"","footnotes":""},"categories":[17603,10166,17810,54834,3003,7293,4813,47061,61330,3955,30544,55120,40870,26962,33391,423,3725,61331,2804,70,30545,1764,5422,61143,4704,30665,40306,5068,260,61332],"tags":[],"class_list":["post-88838","post","type-post","status-publish","format-standard","hentry","category-alerj","category-andre-mendonca","category-banco-master","category-cientista-politica","category-claudio-castro","category-comando-vermelho","category-conexao-bdf","category-corrupcao-no-rio","category-corrupcao-sistemica","category-cpi","category-daniel-vorcaro","category-desvio-de-dinheiro-publico","category-douglas-ruas","category-eleicoes-indiretas","category-escandalo-financeiro","category-extrema-direita","category-funcionalismo-publico","category-investigacao-politica","category-investimentos-publicos","category-milicias","category-operacao-compliance-zero","category-policia-federal","category-politica-brasileira","category-previdencia-estadual","category-radio-brasil-de-fato","category-rioprevidencia","category-rodrigo-bacelar","category-servidores-publicos","category-stf","category-vera-chaia"],"_links":{"self":[{"href":"https:\/\/redept.com.br\/blogosfera\/wp-json\/wp\/v2\/posts\/88838","targetHints":{"allow":["GET"]}}],"collection":[{"href":"https:\/\/redept.com.br\/blogosfera\/wp-json\/wp\/v2\/posts"}],"about":[{"href":"https:\/\/redept.com.br\/blogosfera\/wp-json\/wp\/v2\/types\/post"}],"author":[{"embeddable":true,"href":"https:\/\/redept.com.br\/blogosfera\/wp-json\/wp\/v2\/users\/2"}],"replies":[{"embeddable":true,"href":"https:\/\/redept.com.br\/blogosfera\/wp-json\/wp\/v2\/comments?post=88838"}],"version-history":[{"count":0,"href":"https:\/\/redept.com.br\/blogosfera\/wp-json\/wp\/v2\/posts\/88838\/revisions"}],"wp:attachment":[{"href":"https:\/\/redept.com.br\/blogosfera\/wp-json\/wp\/v2\/media?parent=88838"}],"wp:term":[{"taxonomy":"category","embeddable":true,"href":"https:\/\/redept.com.br\/blogosfera\/wp-json\/wp\/v2\/categories?post=88838"},{"taxonomy":"post_tag","embeddable":true,"href":"https:\/\/redept.com.br\/blogosfera\/wp-json\/wp\/v2\/tags?post=88838"}],"curies":[{"name":"wp","href":"https:\/\/api.w.org\/{rel}","templated":true}]}}