{"id":88895,"date":"2026-05-26T14:37:38","date_gmt":"2026-05-26T17:37:38","guid":{"rendered":"https:\/\/redept.com.br\/blogosfera\/huck-galipolo-durigan-triplice-alianca\/"},"modified":"2026-05-26T14:37:38","modified_gmt":"2026-05-26T17:37:38","slug":"huck-galipolo-durigan-triplice-alianca","status":"publish","type":"post","link":"https:\/\/redept.com.br\/blogosfera\/huck-galipolo-durigan-triplice-alianca\/","title":{"rendered":"Huck, Gal\u00edpolo &amp; Durigan: tr\u00edplice alian\u00e7a"},"content":{"rendered":"<figure><img fetchpriority=\"high\" decoding=\"async\" width=\"1024\" height=\"819\"src=\"https:\/\/redept.com.br\/blogosfera\/wp-content\/uploads\/2026\/05\/entretenimento-luciano-huck-1762953119.jpg\" alt=\"\" srcset=\"https:\/\/redept.com.br\/blogosfera\/wp-content\/uploads\/2026\/05\/entretenimento-luciano-huck-1762953119.jpg 1024w, https:\/\/outraspalavras.net\/wp-content\/uploads\/2026\/05\/entretenimento-luciano-huck-1762953119-300x240.jpg 300w, https:\/\/outraspalavras.net\/wp-content\/uploads\/2026\/05\/entretenimento-luciano-huck-1762953119-768x614.jpg 768w\" sizes=\"(max-width: 1024px) 100vw, 1024px\"><figcaption>Foto: AgNews\/Van Campos<\/figcaption><\/figure>\n<div>\n<div>\n<div>\n<div>\n<div>\n<div>\n<div>\n<h4>Boletim Outras Palavras<\/h4>\n<p>Receba por email, diariamente, todas as publica\u00e7\u00f5es do site<\/p>\n<\/p><\/div>\n<div>\n<div>\n<div>\n<div>\n<div><\/div>\n<\/p><\/div>\n<\/p><\/div>\n<div>\n                <button type=\"submit\">Assinar<\/button><br \/>\n                <button disabled type=\"button\"> <\/p>\n<div><\/div>\n<p> <span>Loading&#8230;<\/span> <\/button>\n              <\/div>\n<\/p><\/div>\n<\/p><\/div>\n<div>\n            <button type=\"submit\">Assinar<\/button><br \/>\n            <button disabled type=\"button\"> <\/p>\n<div><\/div>\n<p> <span>Loading&#8230;<\/span> <\/button>\n          <\/div>\n<\/p><\/div>\n<div>\n<div>\n<h4>Agradecemos!<\/h4>\n<p>Voc\u00ea j\u00e1 est\u00e1 inscrito e come\u00e7ar\u00e1 a receber os boletins em breve. Boa leitura!<\/p>\n<\/p><\/div>\n<\/p><\/div>\n<\/p><\/div>\n<\/p><\/div>\n<\/div>\n<p><imgsrc=\"\" width=\"1\" height=\"1\" alt=\".\" border=\"0\">\n<\/div>\n<\/div>\n<p>O bilion\u00e1rio Luciano Huck n\u00e3o consegue esconder a sua condi\u00e7\u00e3o de classe social, integrante do bloco dos privilegiados. Apesar de ter conseguido alcan\u00e7ar o patamar do topo da elite brasileira, ele tra\u00e7ou este caminho gra\u00e7as a seus contatos diretos estabelecidos com integrantes da grande maioria da popula\u00e7\u00e3o por meio de programas televisivos. Vira e mexe, ele pratica seus exerc\u00edcios de sinceric\u00eddio, verbalizando sem nenhum tipo de autocensura aquilo que as classes dominantes de nosso pa\u00eds pensam a respeito das necessidades do povo e das fun\u00e7\u00f5es que caberiam ao Estado a esse respeito. Por sua condi\u00e7\u00e3o de elevada popularidade, gra\u00e7as a seus programas dominicais na maior rede de comunica\u00e7\u00f5es e de elevada audi\u00eancia junto \u00e0s camadas populares, seu nome sempre volta \u00e0 baila quando se trata de buscar uma alternativa da chamada \u201cterceira via\u201d para a disputa presidencial. Assim foi em 2018 e 2022. Aguardemos as cenas das pr\u00f3ximas pesquisas.<\/p>\n<p>O presidente do Banco Central, Gabriel Gal\u00edpolo, passou a ocupar papel de destaque na \u00e1rea econ\u00f4mica do terceiro mandato de Lula desde o in\u00edcio de 2023. Iniciou sua trajet\u00f3ria ascendente como secret\u00e1rio-executivo do Minist\u00e9rio da Fazenda e logo em seguida teve seu nome proposto por Haddad a Lula para integrar a diretoria do BC. Em janeiro de 2025, com a sa\u00edda de Roberto Campos Neto, ele foi promovido a dirigente m\u00e1ximo do \u00f3rg\u00e3o. O economista j\u00e1 tinha passagem em empresas do sistema financeiro e n\u00e3o hesita em apresentar, a todo e qualquer instante, a receita b\u00e1sica do manual dogm\u00e1tico do neoliberalismo para lidar com o cotidiano da pol\u00edtica econ\u00f4mica do governo. Sempre se declarou a favor de extrema austeridade na condu\u00e7\u00e3o da pol\u00edtica fiscal, pr\u00e1tica essa que conduziu com rigor quando estava \u00e0 frente da Fazenda. Quando se bandeou para o BC, aprofundou a pol\u00edtica de arrocho monet\u00e1rio, promovendo ainda mais a eleva\u00e7\u00e3o da Selic em rela\u00e7\u00e3o aos patamares j\u00e1 estratosf\u00e9ricos de seu antecessor.<\/p>\n<p>Dario Durigan construiu grande parte de sua carreira profissional no setor p\u00fablico, mas em 2020 recebeu um convite para mudar de lado do balc\u00e3o. At\u00e9 \u00e0s v\u00e9speras de ser convidado para integrar a equipe de Haddad no Minist\u00e9rio da Fazenda, ele ocupava uma posi\u00e7\u00e3o de relev\u00e2ncia no interior de uma das grandes empresas do mundo digital global, as assim chamadas \u201cbig techs\u201d. Ele foi contratado pela Meta para ser um dos respons\u00e1veis do WhatsApp para o Brasil, em especial nas \u00e1reas de rela\u00e7\u00f5es com o setor p\u00fablico. Assim, a exemplo do que ocorre com v\u00e1rios integrantes e ex-integrantes da alta tecnocracia, manteve a pr\u00e1tica da porta girat\u00f3ria entre o setor p\u00fablico e o setor privado. Trata-se de dar continuidade e aprofundamento na nefasta onda de rela\u00e7\u00f5es incestuosas estabelecidas entre as classes dominantes e o Estado.<\/p>\n<div>\n<div><imgsrc=\"https:\/\/redept.com.br\/blogosfera\/wp-content\/uploads\/2026\/05\/14--43.png\" alt=\"\" srcset=\"https:\/\/redept.com.br\/blogosfera\/wp-content\/uploads\/2026\/05\/14--43.png 680w, https:\/\/outraspalavras.net\/wp-content\/uploads\/2025\/12\/14-1-300x110.png 300w\" sizes=\"(max-width: 680px) 100vw, 680px\" width=\"680\" height=\"250\"><\/div>\n<\/div>\n<h3><strong>Huck e o \u00f3dio de classe das elites<\/strong><\/h3>\n<p>Esse trio representa de forma bastante expressiva a forma pela qual os interesses do capital se apoderam dos espa\u00e7os de formula\u00e7\u00e3o e de implementa\u00e7\u00e3o de pol\u00edticas p\u00fablicas em nosso pa\u00eds. A tr\u00edade composta pelos meios de comunica\u00e7\u00e3o, pelo capital financeiro e pelas grandes empresas de tecnologia digital est\u00e1 na base da domina\u00e7\u00e3o do sistema econ\u00f4mico dos enormes conglomerados no mundo contempor\u00e2neo globalizado. Huck, Gal\u00edpolo e Durigan representam, respectivamente, estes tr\u00eas universos de interesses vorazes pela maximiza\u00e7\u00e3o dos lucros e pela apropria\u00e7\u00e3o de fundos p\u00fablicos de forma privada. N\u00e3o por acaso, estavam eles frequentando as p\u00e1ginas da grande imprensa nos \u00faltimos dias, sempre defendendo a pauta de vi\u00e9s conservador para os principais problemas nacionais.<\/p>\n<p>Luciano Huck foi convidado a participar do 5\u00ba F\u00f3rum Esfera, em 23 de maio de 2026, realizado no balne\u00e1rio paulista do Guaruj\u00e1. Ali, o apresentador foi entrevistado a respeito de uma s\u00e9rie de assuntos, dentre os quais o Bolsa Fam\u00edlia. Na verdade, ele buscou focar sua cr\u00edtica \u00e0s pol\u00edticas assistencialistas do Estado brasileiro sobre o programa de pol\u00edticas p\u00fablicas dessa natureza mais reconhecido e elogiado pelo mundo afora. O Bolsa Fam\u00edlia foi institu\u00eddo ainda durante o primeiro mandato de Lula, em outubro de 2003. E, desde ent\u00e3o, vem sendo objeto de cr\u00edticas permanentes por parte das elites econ\u00f4micas e sociais de nosso pa\u00eds.<\/p>\n<p>Os argumentos variam segundo a conjuntura e o n\u00edvel de aprova\u00e7\u00e3o do governo de plant\u00e3o. Mas, nem mesmo depois do <em>golpeachment <\/em>contra Dilma Rousseff, as classes dominantes conseguiram eliminar esse importante instrumento de transfer\u00eancia de renda para os setores da base de nossa vergonhosa pir\u00e2mide da desigualdade social e econ\u00f4mica. Passaram-se dois anos de Temer e quatro de Bolsonaro, mas o Bolsa Fam\u00edlia seguiu funcionando, apesar das redu\u00e7\u00f5es de valores do benef\u00edcio e de seu grau de abrang\u00eancia. \u201cN\u00e3o adianta dar o peixe, sem ensinar a pescar\u201d, \u201ca popula\u00e7\u00e3o pobre fica viciada na esmola\u201d, \u201c\u00e9 um desest\u00edmulo ao empreendedorismo\u201d, \u201ctrata-se de um programa populista e eleitoreiro\u201d \u2014 enfim, s\u00e3o in\u00fameras as p\u00e9rolas destiladas por todos aqueles que n\u00e3o suportam ver os pobres conseguindo algum tipo de melhora em sua condi\u00e7\u00e3o de vida.<\/p>\n<p>Pois Huck repetiu pela en\u00e9sima vez a mesma ladainha em sua entrevista durante um dos eventos que mais repercute junto \u00e0s elites do capital em nossas terras. Provavelmente, ele se sentiu confort\u00e1vel e em casa, de tal maneira que n\u00e3o refreou os \u00edmpetos de preconceito contra a maioria da popula\u00e7\u00e3o. Disse ele:<\/p>\n<p>(\u2026) \u201cao concentrar 56% da sua economia no Bolsa Fam\u00edlia [aqui ele se refere a um munic\u00edpio do interior da Bahia], voc\u00ea <strong>n\u00e3o gera nenhum est\u00edmulo para elas sa\u00edrem<\/strong>. Na verdade, elas <strong>criam um monte de atalhos para conseguir ficar<\/strong> no programa <em>ad aeternum<\/em>\u201d (\u2026) [<strong>GN<\/strong>]<\/p>\n<h3><strong>Gal\u00edpolo e o esmagamento proposto pelo financismo<\/strong><\/h3>\n<p>Alguns dias antes, Gal\u00edpolo esteve participando de uma reuni\u00e3o da Comiss\u00e3o de Assuntos Econ\u00f4micos (CAE) do Senado Federal. No encontro, o presidente do BC n\u00e3o perdeu a oportunidade de repetir, como sempre costuma fazer em suas manifesta\u00e7\u00f5es p\u00fablicas, aquilo que considera como sendo o acerto impec\u00e1vel da implementa\u00e7\u00e3o da pol\u00edtica monet\u00e1ria. Ali\u00e1s, \u00e9 sempre oportuno lembrar que sua nomea\u00e7\u00e3o por Lula para o comando do \u00f3rg\u00e3o regulador e fiscalizador do sistema banc\u00e1rio e financeiro foi precedida de uma grande expectativa de mudan\u00e7a na condu\u00e7\u00e3o das decis\u00f5es relativas \u00e0 taxa referencial de juros. Afinal, o presidente da Rep\u00fablica passou a metade de seu mandato criticando a manuten\u00e7\u00e3o da SELIC nas alturas, entendida por ele como uma chantagem praticada pelo bolsonarista instalado no comando do BC. Pois o que se deu foi exatamente o contr\u00e1rio. Gal\u00edpolo n\u00e3o apenas manteve a pol\u00edtica de juros altos, como chegou mesmo a aumentar a Selic at\u00e9 o n\u00edvel de 15% ao ano. Uma loucura!<\/p>\n<p>Apesar de ter promovido uma redu\u00e7\u00e3o cosm\u00e9tica e insignificante nas \u00faltimas duas reuni\u00f5es do Comit\u00ea de Pol\u00edtica Monet\u00e1ria (COPOM), o fato \u00e9 que as diminui\u00e7\u00f5es de 0,25% em cada um dos encontros n\u00e3o provocam nem c\u00f3cegas nos custos do endividamento por aqui. Gal\u00edpolo contrariou o Chefe do Executivo e a grande maioria da popula\u00e7\u00e3o, mas deixou com sorriso nos l\u00e1bios e muito dinheiro no bolso os dirigentes do financismo. Na reuni\u00e3o do importante colegiado do Senado, ele afirmou:<\/p>\n<div>\n<div><imgsrc=\"\" alt=\"\" width=\"728\" height=\"90\"><\/div>\n<\/div>\n<p>(\u2026) \u201ca combina\u00e7\u00e3o de <strong>economia ainda aquecida, taxa de desemprego pr\u00f3xima das m\u00ednimas hist\u00f3ricas e n\u00edveis elevados de pre\u00e7os<\/strong> ap\u00f3s o quarto choque de oferta desde 2022 justifica os juros elevados no Brasil\u201d (\u2026) \u201cO problema \u00e9 que, ainda assim, a <strong>infla\u00e7\u00e3o tem superado sistematicamente o teto da meta, de 3%<\/strong>. \u201cE o instrumento que o Banco Central tem para colocar a infla\u00e7\u00e3o na meta \u00e9 a taxa de juros\u201d (\u2026) [<strong>GN<\/strong>]<\/p>\n<p>N\u00e3o contente em expressar o contentamento com o absurdo representado pelo arrocho monet\u00e1rio que imp\u00f5e ao pa\u00eds, Gal\u00edpolo avan\u00e7ou algumas casinhas em dire\u00e7\u00e3o a apoiar a independ\u00eancia plena do BC. Ele manifestou seu apoio \u00e0 aprova\u00e7\u00e3o da PEC 65, uma proposta de emenda \u00e0 Constitui\u00e7\u00e3o constru\u00edda por Roberto Campos Neto com os dirigentes do sistema financeiro pouco antes do t\u00e9rmino de seu mandato \u00e0 frente do BC. A proposta n\u00e3o havia recebido a concord\u00e2ncia nem mesmo de Haddad ou de Lula, mas agora o aprendiz de banqueiro coloca suas manguinhas de fora e busca se acomodar no interior daqueles que espera que o acolham quando terminar seu mandato \u00e0 frente do \u00f3rg\u00e3o. Assim, ele tem firmado cr\u00edticas a \u00f3rg\u00e3os do pr\u00f3prio Poder Executivo:<\/p>\n<p>(\u2026) \u201cEu tenho lido em alguns lugares que <strong>alguns membros da equipe econ\u00f4mica estariam preocupados com a quest\u00e3o do impacto no resultado prim\u00e1rio e na rela\u00e7\u00e3o do Tesouro com o Banco Central<\/strong>. L\u00f3gico, eu imagino que algu\u00e9m tenha ouvido, n\u00e3o t\u00f4 duvidando de quem escreveu isso, n\u00e3o. Mas <strong>a gente recebe com algum estranhamento<\/strong> porque, efetivamente, o texto e a forma que est\u00e1 colocado l\u00e1 veio justamente da equipe econ\u00f4mica e consolidado pela AGU\u201d (\u2026) [<strong>GN<\/strong>]<\/p>\n<h3><strong>Durigan e a domina\u00e7\u00e3o das <\/strong><em><strong>big techs<\/strong><\/em><\/h3>\n<p>Desde que Fernando Haddad pediu exonera\u00e7\u00e3o do cargo de ministro da Fazenda para se candidatar ao governo do Estado de S\u00e3o Paulo, a pasta passou a ser ocupada por um (i)leg\u00edtimo representante das <em>big techs<\/em>. Assim, a partir de 20 de mar\u00e7o passado, Dario Durigan vem respondendo pela condu\u00e7\u00e3o da pol\u00edtica econ\u00f4mica na Esplanada dos Minist\u00e9rios. Seu comportamento \u00e0 frente do Minist\u00e9rio tem preservado o mesmo fio condutor de Haddad. O foco \u00e9 a repeti\u00e7\u00e3o <em>ad nauseam<\/em> do seu compromisso com as regras da austeridade no controle da equa\u00e7\u00e3o das contas p\u00fablicas e com a obedi\u00eancia cega, surda e muda \u00e0s viol\u00eancias impostas pelo Novo Arcabou\u00e7o Fiscal. O que mais chama aten\u00e7\u00e3o \u00e9 o fato de Lula ter nomeado para um posto t\u00e3o estrat\u00e9gico algu\u00e9m com perfil declaradamente contr\u00e1rio \u00e0s demandas da grande maioria da popula\u00e7\u00e3o e de suas pr\u00f3prias necessidades enquanto candidato \u00e0 reelei\u00e7\u00e3o em outubro pr\u00f3ximo. O principal aspecto a ser destacado \u00e9 que os representantes do Minist\u00e9rio da Fazenda buscam barrar, ainda no nascedouro, toda e qualquer iniciativa do governo que envolva aumento das despesas or\u00e7ament\u00e1rias. Esta \u00e9 uma quest\u00e3o de princ\u00edpio para Durigan. E ele n\u00e3o deixa d\u00favidas a esse respeito: uma verdadeira obsess\u00e3o com austeridade fiscal, corte de despesas e bloqueio de verbas.<\/p>\n<p>(\u2026) \u201cEstamos projetando <strong>super\u00e1vit fiscal<\/strong> neste ano e no pr\u00f3ximo\u201d (\u2026) \u201cA situa\u00e7\u00e3o da economia brasileira \u00e9, sem d\u00favida nenhuma, das melhores do mundo, tanto do ponto de vista do <strong>resultado fiscal<\/strong> quanto do ponto de vista de como a gente est\u00e1 enfrentando esse momento da economia global com <strong>responsabilidade fiscal<\/strong> para mitigar o impacto da guerra no nosso pa\u00eds\u201d (\u2026) \u201cA gente deve <strong>caminhar amanh\u00e3 com aumento no bloqueio<\/strong>, esse ano j\u00e1 foi feito um bloqueio de 1,6 bilh\u00e3o no primeiro bimestral, <strong>a gente vai caminhar com aumento de bloqueio, portanto o governo cortando na pr\u00f3pria carne<\/strong>\u201d [<strong>GN<\/strong>]<\/p>\n<h3><strong>Elei\u00e7\u00f5es e a oportunidade de mudan\u00e7a<\/strong><\/h3>\n<p>Os tr\u00eas personagens representam de forma cristalina uma alian\u00e7a dos interesses dos grandes meios de comunica\u00e7\u00e3o, do financismo e das <em>big techs<\/em> contra o desenvolvimento social, econ\u00f4mico e sustent\u00e1vel do Brasil. Huck, Gal\u00edpolo e Durigan pautam suas a\u00e7\u00f5es e declara\u00e7\u00f5es de acordo com a l\u00f3gica do grande capital e buscam impedir a todo custo a presen\u00e7a do Estado oferecendo servi\u00e7os p\u00fablicos para a maioria da popula\u00e7\u00e3o. Eles personalizam o movimento em prol de um aprofundamento da financeiriza\u00e7\u00e3o e da globaliza\u00e7\u00e3o, propondo uma subordina\u00e7\u00e3o ainda mais extrema do Brasil \u00e0 din\u00e2mica de acumula\u00e7\u00e3o de riquezas do imperialismo. Para tanto, o caminho que eles pretendem impor \u00e9 a mercantiliza\u00e7\u00e3o generalizada de todos os setores da economia e da sociedade, al\u00e9m da abdica\u00e7\u00e3o de qualquer projeto de soberania nacional.<\/p>\n<p>O processo eleitoral abre uma oportunidade \u00e0s for\u00e7as progressistas\u00a0 que lutam pela retomada de um projeto de desenvolvimento brasileiro. O debate a respeito do futuro do pa\u00eds exige a den\u00fancia das inten\u00e7\u00f5es da tr\u00edplice alian\u00e7a e clama pela apresenta\u00e7\u00e3o de propostas que rompam com o modelo elitista e antinacional dos setores hegemonizados pelo capital financeiro internacionalizado.<\/p>\n<\/p>\n<div>\n<div>\n<p><span><em>Outras Palavras \u00e9 feito por muitas m\u00e3os. Se voc\u00ea valoriza nossa produ\u00e7\u00e3o, seja nosso apoiador e fortale\u00e7a o jornalismo cr\u00edtico: <strong>apoia.se\/outraspalavras<\/strong><\/em><\/span><\/p>\n<\/div>\n<\/div>\n<p>The post Huck, Gal\u00edpolo &amp; Durigan: tr\u00edplice alian\u00e7a appeared first on Outras Palavras.<\/p>\n<!-- Begin Yuzo --><div class='yuzo_related_post style-1'  data-version='5.12.89'><!-- without result --><div class='yuzo_clearfixed yuzo__title yuzo__title'><h3>Related Post<\/h3><\/div>\n\t\t\t\t\t\t  <div class=\"relatedthumb \" style=\"width:125px;float:left;overflow:hidden;\">  \n\t\t\t\t\t\t\t  \n\t\t\t\t\t\t\t  <a  href=\"https:\/\/redept.com.br\/blogosfera\/lula-se-reune-com-ministro-do-trabalho-para-apresentacao-de-dados-da-rais\/\"  >\n\t\t\t\t\t\t\t\t\t  <div class=\"yuzo-img-wrap \" style=\"width: 125px;height:90px;\">\n\t\t\t\t\t\t\t\t\t\t\n\t\t\t\t\t\t\t\t\t\t<div class=\"yuzo-img\" style=\"background:url('https:\/\/redept.org\/blogosfera\/wp-content\/plugins\/yuzo-related-post\/assets\/images\/default.png') 50% 50% no-repeat;width: 125px;height:90px;margin-bottom: 5px;background-size: cover; \"><\/div>\n\t\t\t\t\t\t\t\t\t  <\/div>\n\t\t\t\t\t\t\t\t\t  \n\t\t\t\t\t\t\t\t   <span class=\"yuzo__text--title\" style=\"font-size:13px;\">Lula se re\u00fane com ministro do Trabalho para aprese...<\/span>\n\t\t\t\t\t\t\t  \n\t\t\t\t\t\t\t  \n\t\t\t\t\t\t\t  <\/a>\n\n\t\t\t\t\t\t  <\/div>\n\t\t\t\t\t\t  <div class=\"relatedthumb \" style=\"width:125px;float:left;overflow:hidden;\">  \n\t\t\t\t\t\t\t  \n\t\t\t\t\t\t\t  <a  href=\"https:\/\/redept.com.br\/blogosfera\/rede-estadual-de-ensino-do-ceara-continua-com-matriculas-abertas-para-novos-alunos\/\"  >\n\t\t\t\t\t\t\t\t\t  <div class=\"yuzo-img-wrap \" style=\"width: 125px;height:90px;\">\n\t\t\t\t\t\t\t\t\t\t\n\t\t\t\t\t\t\t\t\t\t<div class=\"yuzo-img\" style=\"background:url('https:\/\/redept.org\/blogosfera\/wp-content\/plugins\/yuzo-related-post\/assets\/images\/default.png') 50% 50% no-repeat;width: 125px;height:90px;margin-bottom: 5px;background-size: cover; \"><\/div>\n\t\t\t\t\t\t\t\t\t  <\/div>\n\t\t\t\t\t\t\t\t\t  \n\t\t\t\t\t\t\t\t   <span class=\"yuzo__text--title\" style=\"font-size:13px;\">Rede Estadual de Ensino do Cear\u00e1 continua com matr...<\/span>\n\t\t\t\t\t\t\t  \n\t\t\t\t\t\t\t  \n\t\t\t\t\t\t\t  <\/a>\n\n\t\t\t\t\t\t  <\/div>\n\t\t\t\t\t\t  <div class=\"relatedthumb \" style=\"width:125px;float:left;overflow:hidden;\">  \n\t\t\t\t\t\t\t  \n\t\t\t\t\t\t\t  <a  href=\"https:\/\/redept.com.br\/blogosfera\/paraiba-amplia-rede-de-protecao-a-mulheres-com-tres-novas-delegacias-da-mulher-deams-nas-cidades-de-solanea-catole-do-rocha-e-juazeirinho\/\"  >\n\t\t\t\t\t\t\t\t\t  <div class=\"yuzo-img-wrap \" style=\"width: 125px;height:90px;\">\n\t\t\t\t\t\t\t\t\t\t\n\t\t\t\t\t\t\t\t\t\t<div class=\"yuzo-img\" style=\"background:url('https:\/\/redept.org\/blogosfera\/wp-content\/plugins\/yuzo-related-post\/assets\/images\/default.png') 50% 50% no-repeat;width: 125px;height:90px;margin-bottom: 5px;background-size: cover; \"><\/div>\n\t\t\t\t\t\t\t\t\t  <\/div>\n\t\t\t\t\t\t\t\t\t  \n\t\t\t\t\t\t\t\t   <span class=\"yuzo__text--title\" style=\"font-size:13px;\">Para\u00edba amplia rede de prote\u00e7\u00e3o a mulheres com tr\u00ea...<\/span>\n\t\t\t\t\t\t\t  \n\t\t\t\t\t\t\t  \n\t\t\t\t\t\t\t  <\/a>\n\n\t\t\t\t\t\t  <\/div>\n\t\t\t\t\t\t  <div class=\"relatedthumb \" style=\"width:125px;float:left;overflow:hidden;\">  \n\t\t\t\t\t\t\t  \n\t\t\t\t\t\t\t  <a  href=\"https:\/\/redept.com.br\/blogosfera\/tre-sp-forma-maioria-para-cassar-mandato-de-carla-zambelli\/\"  >\n\t\t\t\t\t\t\t\t\t  <div class=\"yuzo-img-wrap \" style=\"width: 125px;height:90px;\">\n\t\t\t\t\t\t\t\t\t\t\n\t\t\t\t\t\t\t\t\t\t<div class=\"yuzo-img\" style=\"background:url('https:\/\/redept.org\/blogosfera\/wp-content\/plugins\/yuzo-related-post\/assets\/images\/default.png') 50% 50% no-repeat;width: 125px;height:90px;margin-bottom: 5px;background-size: cover; \"><\/div>\n\t\t\t\t\t\t\t\t\t  <\/div>\n\t\t\t\t\t\t\t\t\t  \n\t\t\t\t\t\t\t\t   <span class=\"yuzo__text--title\" style=\"font-size:13px;\">TRE-SP forma maioria para cassar mandato de Carla ...<\/span>\n\t\t\t\t\t\t\t  \n\t\t\t\t\t\t\t  \n\t\t\t\t\t\t\t  <\/a>\n\n\t\t\t\t\t\t  <\/div>\n<\/div> <script>\n\t\t\t\t\t\t  jQuery(document).ready(function( $ ){\n\t\t\t\t\t\t\t\/\/jQuery('.yuzo_related_post').equalizer({ overflow : 'relatedthumb' });\n\t\t\t\t\t\t\tjQuery('.yuzo_related_post .yuzo_wraps').equalizer({ columns : '> div' });\n\t\t\t\t\t\t   })\n\t\t\t\t\t\t  <\/script> <!-- End Yuzo :) -->","protected":false},"excerpt":{"rendered":"<p>O apresentador-bilion\u00e1rio \u201cdo pov\u00e3o\u201d insurge-se contra o Bolsa Fam\u00edlia. O presidente do BC, indicado por Lula, abra\u00e7a os juros obscenos. O ministro da Fazenda alia-se \u00e0 Meta. Retratos das for\u00e7as que sabotam o Brasil: os oligop\u00f3lios midi\u00e1ticos, o financismo e as big techs<\/p>\n<p>The post <a href=\"https:\/\/outraspalavras.net\/mercadovsdemocracia\/huck-galipolo-durigan-triplicealianca\/\">Huck, Gal\u00edpolo &amp; Durigan: tr\u00edplice alian\u00e7a<\/a> appeared first on <a href=\"https:\/\/outraspalavras.net\/\">Outras Palavras<\/a>.<\/p>\n","protected":false},"author":2,"featured_media":88896,"comment_status":"open","ping_status":"closed","sticky":false,"template":"","format":"standard","meta":{"fifu_image_url":"","fifu_image_alt":"","footnotes":""},"categories":[119,597,637,3986,5911,6005,815,696,17045,8766,23340,971,124,28200,112,61540,6021,3060,15875,2956,2623,214,19622,3709,61541],"tags":[],"class_list":["post-88895","post","type-post","status-publish","format-standard","has-post-thumbnail","hentry","category-banco-central","category-big-techs","category-bolsa-familia","category-capital-financeiro","category-dario-durigan","category-desenvolvimento-social","category-economia-brasileira","category-eleicoes","category-estado","category-financismo","category-fundos-publicos","category-gabriel-galipolo","category-juros","category-luciano-huck","category-lula","category-maximizacao-dos-lucros","category-mercado-x-democracia","category-meta","category-ministro-da-fazenda","category-neoliberalismo","category-politica-monetaria","category-politicas-publicas","category-tecnocracia","category-transferencia-de-renda","category-triplice-alianca"],"_links":{"self":[{"href":"https:\/\/redept.com.br\/blogosfera\/wp-json\/wp\/v2\/posts\/88895","targetHints":{"allow":["GET"]}}],"collection":[{"href":"https:\/\/redept.com.br\/blogosfera\/wp-json\/wp\/v2\/posts"}],"about":[{"href":"https:\/\/redept.com.br\/blogosfera\/wp-json\/wp\/v2\/types\/post"}],"author":[{"embeddable":true,"href":"https:\/\/redept.com.br\/blogosfera\/wp-json\/wp\/v2\/users\/2"}],"replies":[{"embeddable":true,"href":"https:\/\/redept.com.br\/blogosfera\/wp-json\/wp\/v2\/comments?post=88895"}],"version-history":[{"count":0,"href":"https:\/\/redept.com.br\/blogosfera\/wp-json\/wp\/v2\/posts\/88895\/revisions"}],"wp:featuredmedia":[{"embeddable":true,"href":"https:\/\/redept.com.br\/blogosfera\/wp-json\/wp\/v2\/media\/88896"}],"wp:attachment":[{"href":"https:\/\/redept.com.br\/blogosfera\/wp-json\/wp\/v2\/media?parent=88895"}],"wp:term":[{"taxonomy":"category","embeddable":true,"href":"https:\/\/redept.com.br\/blogosfera\/wp-json\/wp\/v2\/categories?post=88895"},{"taxonomy":"post_tag","embeddable":true,"href":"https:\/\/redept.com.br\/blogosfera\/wp-json\/wp\/v2\/tags?post=88895"}],"curies":[{"name":"wp","href":"https:\/\/api.w.org\/{rel}","templated":true}]}}