{"id":88965,"date":"2026-05-27T10:45:05","date_gmt":"2026-05-27T13:45:05","guid":{"rendered":"https:\/\/redept.com.br\/blogosfera\/equipamentos-chineses-colocam-marica-na-rota-da-mecanizacao-da-agricultura-familiar\/"},"modified":"2026-05-27T10:45:05","modified_gmt":"2026-05-27T13:45:05","slug":"equipamentos-chineses-colocam-marica-na-rota-da-mecanizacao-da-agricultura-familiar","status":"publish","type":"post","link":"https:\/\/redept.com.br\/blogosfera\/equipamentos-chineses-colocam-marica-na-rota-da-mecanizacao-da-agricultura-familiar\/","title":{"rendered":"Equipamentos chineses colocam Maric\u00e1 na rota da mecaniza\u00e7\u00e3o da agricultura familiar"},"content":{"rendered":"<p>Maric\u00e1, na regi\u00e3o metropolitana do Rio de Janeiro, est\u00e1 na rota de um projeto in\u00e9dito de mecaniza\u00e7\u00e3o voltado \u00e0 agricultura familiar, com a apresenta\u00e7\u00e3o de oito m\u00e1quinas agr\u00edcolas chinesas que fazem parte da futura f\u00e1brica de equipamentos prevista para o munic\u00edpio. A iniciativa prop\u00f5e desenvolver e produzir tratores e maquin\u00e1rios adaptados \u00e0 realidade de agricultores [\u2026]<\/p>\n<p><a href=\"https:\/\/www.brasildefato.com.br\/2026\/05\/27\/equipamentos-chineses-colocam-marica-na-rota-da-mecanizacao-da-agricultura-familiar\/\" rel=\"nofollow\">Fonte<\/a><\/p>\n<!-- Begin Yuzo --><div class='yuzo_related_post style-1'  data-version='5.12.89'><!-- without result --><div class='yuzo_clearfixed yuzo__title yuzo__title'><h3>Related Post<\/h3><\/div>\n\t\t\t\t\t\t  <div class=\"relatedthumb \" style=\"width:125px;float:left;overflow:hidden;\">  \n\t\t\t\t\t\t\t  \n\t\t\t\t\t\t\t  <a  href=\"https:\/\/redept.com.br\/blogosfera\/jandira-feghali-comemora-aniversario-no-circo-voador-em-noite-de-solidariedade-a-cuba\/\"  >\n\t\t\t\t\t\t\t\t\t  <div class=\"yuzo-img-wrap \" style=\"width: 125px;height:90px;\">\n\t\t\t\t\t\t\t\t\t\t\n\t\t\t\t\t\t\t\t\t\t<div class=\"yuzo-img\" style=\"background:url('https:\/\/redept.org\/blogosfera\/wp-content\/plugins\/yuzo-related-post\/assets\/images\/default.png') 50% 50% no-repeat;width: 125px;height:90px;margin-bottom: 5px;background-size: cover; \"><\/div>\n\t\t\t\t\t\t\t\t\t  <\/div>\n\t\t\t\t\t\t\t\t\t  \n\t\t\t\t\t\t\t\t   <span class=\"yuzo__text--title\" style=\"font-size:13px;\">Jandira Feghali comemora anivers\u00e1rio no Circo Voad...<\/span>\n\t\t\t\t\t\t\t  \n\t\t\t\t\t\t\t  \n\t\t\t\t\t\t\t  <\/a>\n\n\t\t\t\t\t\t  <\/div>\n\t\t\t\t\t\t  <div class=\"relatedthumb \" style=\"width:125px;float:left;overflow:hidden;\">  \n\t\t\t\t\t\t\t  \n\t\t\t\t\t\t\t  <a  href=\"https:\/\/redept.com.br\/blogosfera\/circunstancias-politicas-do-acordo-mercosul-uniao-europeia-por-beto-faro\/\"  >\n\t\t\t\t\t\t\t\t\t  <div class=\"yuzo-img-wrap \" style=\"width: 125px;height:90px;\">\n\t\t\t\t\t\t\t\t\t\t\n\t\t\t\t\t\t\t\t\t\t<div class=\"yuzo-img\" style=\"background:url('https:\/\/redept.org\/blogosfera\/wp-content\/plugins\/yuzo-related-post\/assets\/images\/default.png') 50% 50% no-repeat;width: 125px;height:90px;margin-bottom: 5px;background-size: cover; \"><\/div>\n\t\t\t\t\t\t\t\t\t  <\/div>\n\t\t\t\t\t\t\t\t\t  \n\t\t\t\t\t\t\t\t   <span class=\"yuzo__text--title\" style=\"font-size:13px;\">Circunst\u00e2ncias Pol\u00edticas do Acordo Mercosul-Uni\u00e3o ...<\/span>\n\t\t\t\t\t\t\t  \n\t\t\t\t\t\t\t  \n\t\t\t\t\t\t\t  <\/a>\n\n\t\t\t\t\t\t  <\/div>\n\t\t\t\t\t\t  <div class=\"relatedthumb \" style=\"width:125px;float:left;overflow:hidden;\">  \n\t\t\t\t\t\t\t  \n\t\t\t\t\t\t\t  <a  href=\"https:\/\/redept.com.br\/blogosfera\/carnaval-2025-no-rio-de-janeiro-celebra-a-resistencia-negra-conheca-os-temas\/\"  >\n\t\t\t\t\t\t\t\t\t  <div class=\"yuzo-img-wrap \" style=\"width: 125px;height:90px;\">\n\t\t\t\t\t\t\t\t\t\t\n\t\t\t\t\t\t\t\t\t\t<div class=\"yuzo-img\" style=\"background:url('https:\/\/redept.org\/blogosfera\/wp-content\/plugins\/yuzo-related-post\/assets\/images\/default.png') 50% 50% no-repeat;width: 125px;height:90px;margin-bottom: 5px;background-size: cover; \"><\/div>\n\t\t\t\t\t\t\t\t\t  <\/div>\n\t\t\t\t\t\t\t\t\t  \n\t\t\t\t\t\t\t\t   <span class=\"yuzo__text--title\" style=\"font-size:13px;\">Carnaval 2025 no Rio de Janeiro celebra a resist\u00ean...<\/span>\n\t\t\t\t\t\t\t  \n\t\t\t\t\t\t\t  \n\t\t\t\t\t\t\t  <\/a>\n\n\t\t\t\t\t\t  <\/div>\n\t\t\t\t\t\t  <div class=\"relatedthumb \" style=\"width:125px;float:left;overflow:hidden;\">  \n\t\t\t\t\t\t\t  \n\t\t\t\t\t\t\t  <a  href=\"https:\/\/redept.com.br\/blogosfera\/porque-eu-era-mulher-nao-me-deixaram-ir-pra-avenida-entrevista-com-eliana-de-lima\/\"  >\n\t\t\t\t\t\t\t\t\t  <div class=\"yuzo-img-wrap \" style=\"width: 125px;height:90px;\">\n\t\t\t\t\t\t\t\t\t\t\n\t\t\t\t\t\t\t\t\t\t<div class=\"yuzo-img\" style=\"background:url('https:\/\/redept.org\/blogosfera\/wp-content\/plugins\/yuzo-related-post\/assets\/images\/default.png') 50% 50% no-repeat;width: 125px;height:90px;margin-bottom: 5px;background-size: cover; \"><\/div>\n\t\t\t\t\t\t\t\t\t  <\/div>\n\t\t\t\t\t\t\t\t\t  \n\t\t\t\t\t\t\t\t   <span class=\"yuzo__text--title\" style=\"font-size:13px;\">\u201cPorque eu era mulher, n\u00e3o me deixaram ir pra aven...<\/span>\n\t\t\t\t\t\t\t  \n\t\t\t\t\t\t\t  \n\t\t\t\t\t\t\t  <\/a>\n\n\t\t\t\t\t\t  <\/div>\n<\/div> <script>\n\t\t\t\t\t\t  jQuery(document).ready(function( $ ){\n\t\t\t\t\t\t\t\/\/jQuery('.yuzo_related_post').equalizer({ overflow : 'relatedthumb' });\n\t\t\t\t\t\t\tjQuery('.yuzo_related_post .yuzo_wraps').equalizer({ columns : '> div' });\n\t\t\t\t\t\t   })\n\t\t\t\t\t\t  <\/script> <!-- End Yuzo :) -->","protected":false},"excerpt":{"rendered":"<p>Maric\u00e1, na regi\u00e3o metropolitana do Rio de Janeiro, est\u00e1 na rota de um projeto in\u00e9dito de mecaniza\u00e7\u00e3o voltado \u00e0 agricultura familiar, com a apresenta\u00e7\u00e3o de oito m\u00e1quinas agr\u00edcolas chinesas que fazem parte da futura f\u00e1brica de equipamentos prevista para o munic\u00edpio. A iniciativa prop\u00f5e desenvolver e produzir tratores e maquin\u00e1rios adaptados \u00e0 realidade de agricultores [&hellip;]<\/p>\n","protected":false},"author":2,"featured_media":0,"comment_status":"open","ping_status":"closed","sticky":false,"template":"","format":"standard","meta":{"fifu_image_url":"","fifu_image_alt":"","footnotes":""},"categories":[40958,2461,40217,4706,61648,41339,559,38746,61649,61650,61651,61652,61653,7221,61654,61655,61656,9875,3333,3897,302,61657,40043,61658,45913,199,195,61659,17898,49488,61660],"tags":[],"class_list":["post-88965","post","type-post","status-publish","format-standard","hentry","category-agricultores-familiares","category-agricultura-familiar","category-assentamentos-rurais","category-bem-viver","category-comuna-publica-joaquin-pinero","category-cooperativas-agricolas","category-desenvolvimento-regional","category-desenvolvimento-rural","category-digitalizacao-agricola","category-equipamentos-chineses","category-eric-moura","category-escoamento-da-producao","category-fabrica-de-tratores","category-inovacao-tecnologica","category-leodimar-ferreira","category-maquinario-agricola","category-maquinas-inteligentes","category-marica","category-mecanizacao-agricola","category-ministerio-do-desenvolvimento-agrario","category-mst","category-oz-earth","category-parceria-brasil-china","category-pequenas-propriedades","category-prefeitura-de-marica","category-producao-de-alimentos","category-reforma-agraria","category-sinomach","category-sustentabilidade-agricola","category-tecnologia-no-campo","category-wagner-soares"],"_links":{"self":[{"href":"https:\/\/redept.com.br\/blogosfera\/wp-json\/wp\/v2\/posts\/88965","targetHints":{"allow":["GET"]}}],"collection":[{"href":"https:\/\/redept.com.br\/blogosfera\/wp-json\/wp\/v2\/posts"}],"about":[{"href":"https:\/\/redept.com.br\/blogosfera\/wp-json\/wp\/v2\/types\/post"}],"author":[{"embeddable":true,"href":"https:\/\/redept.com.br\/blogosfera\/wp-json\/wp\/v2\/users\/2"}],"replies":[{"embeddable":true,"href":"https:\/\/redept.com.br\/blogosfera\/wp-json\/wp\/v2\/comments?post=88965"}],"version-history":[{"count":0,"href":"https:\/\/redept.com.br\/blogosfera\/wp-json\/wp\/v2\/posts\/88965\/revisions"}],"wp:attachment":[{"href":"https:\/\/redept.com.br\/blogosfera\/wp-json\/wp\/v2\/media?parent=88965"}],"wp:term":[{"taxonomy":"category","embeddable":true,"href":"https:\/\/redept.com.br\/blogosfera\/wp-json\/wp\/v2\/categories?post=88965"},{"taxonomy":"post_tag","embeddable":true,"href":"https:\/\/redept.com.br\/blogosfera\/wp-json\/wp\/v2\/tags?post=88965"}],"curies":[{"name":"wp","href":"https:\/\/api.w.org\/{rel}","templated":true}]}}