{"id":89057,"date":"2026-05-27T16:45:20","date_gmt":"2026-05-27T19:45:20","guid":{"rendered":"https:\/\/redept.com.br\/blogosfera\/comissao-da-camara-barra-manobra-bolsonarista-e-aprova-fim-da-escala-6x1\/"},"modified":"2026-05-27T16:45:20","modified_gmt":"2026-05-27T19:45:20","slug":"comissao-da-camara-barra-manobra-bolsonarista-e-aprova-fim-da-escala-6x1","status":"publish","type":"post","link":"https:\/\/redept.com.br\/blogosfera\/comissao-da-camara-barra-manobra-bolsonarista-e-aprova-fim-da-escala-6x1\/","title":{"rendered":"Comiss\u00e3o da C\u00e2mara barra manobra bolsonarista e aprova fim da escala 6\u00d71"},"content":{"rendered":"<p><img fetchpriority=\"high\" width=\"985\" height=\"593\"src=\"https:\/\/redept.com.br\/blogosfera\/wp-content\/uploads\/2026\/05\/Comissao-especial.jpg\" alt=\"\" decoding=\"async\" srcset=\"https:\/\/redept.com.br\/blogosfera\/wp-content\/uploads\/2026\/05\/Comissao-especial.jpg 985w, https:\/\/vermelho.org.br\/wp-content\/uploads\/2026\/05\/Comissao-especial-300x181.jpg 300w, https:\/\/vermelho.org.br\/wp-content\/uploads\/2026\/05\/Comissao-especial-768x462.jpg 768w\" sizes=\"(max-width: 985px) 100vw, 985px\"><\/p>\n<p>A comiss\u00e3o especial da C\u00e2mara dos Deputados aprovou nesta quarta-feira (27), por 34 votos favor\u00e1veis e apenas 4 contr\u00e1rios, a proposta de emenda \u00e0 Constitui\u00e7\u00e3o (PEC), que reduz a jornada de trabalho das atuais 44 para 40 horas semanais e acaba com a escala 6\u00d71 (seis dias de trabalho com apenas um de descanso).<\/p>\n<p>\u201cA 6\u00d71 tem de acabar, quero viver e n\u00e3o apenas trabalhar\u201d, gritaram a palavra de ordem os deputados da base do governo na vit\u00f3ria sobre um destaque de prefer\u00eancia apresentado pelo PL, uma manobra para evitar a aprova\u00e7\u00e3o da mat\u00e9ria.<\/p>\n<p>Os deputados bolsonaristas passaram a defender o texto da PEC, de autoria de Erika Hilton (PSOL-SP), que prop\u00f5e a escala 4\u00d73 (quatro dias de trabalho com tr\u00eas de descanso).<\/p>\n<p>A manobra foi feita ap\u00f3s 62 parlamentares do PL terem assinado a emenda, rejeitada pelo relator, para adiar por dez anos a entrada em vigor desses benef\u00edcios aos trabalhadores.<\/p>\n<p><strong>Leia mais:<\/strong> <a href=\"https:\/\/vermelho.org.br\/2026\/05\/26\/daiana-santos-articula-acordo-com-lula-pelo-fim-da-escala-6x1-diz-relator\/\">Daiana Santos articula acordo com Lula pelo fim da escala 6\u00d71, diz relator<\/a><\/p>\n<p>\u201cN\u00f3s recebemos com profundo espanto, mas n\u00e3o surpresa, a manobra covarde praticada pelo PL de tentar enterrar aquilo que com muito esfor\u00e7o foi constru\u00eddo\u201d, critica Erika, autora da proposta.<\/p>\n<p>O texto aprovado do relator, deputado Leo Prates (Republicanos-BA), \u00e9 simples e prop\u00f5e em nove artigos a ado\u00e7\u00e3o imediata do modelo 5\u00d72 (cinco dias de trabalho com dois dias de folga) e a redu\u00e7\u00e3o de 44 para 42 horas a partir de 60 dias da promulga\u00e7\u00e3o. Ap\u00f3s 12 meses da promulga\u00e7\u00e3o, a jornada ser\u00e1 reduzida para as 40 horas.<\/p>\n<p>Al\u00e9m disso, est\u00e3o preservadas a possibilidade de acordos e conven\u00e7\u00f5es coletivas, inclusive para regimes diferenciados de \u00e1reas essenciais como sa\u00fade, seguran\u00e7a, transporte e limpeza urbana. <\/p>\n<p>Vice-presidente da comiss\u00e3o especial e autora de projeto de igual teor, a deputada Daiana Santos (PCdoB-RS), disse que o parlamento est\u00e1 vivendo \u201cum tempo hist\u00f3rico, porque centenas de milh\u00f5es de brasileiros v\u00e3o ser beneficiados\u201d.<\/p>\n<p>\u201cEsses brasileiros que pegam \u00f4nibus lotado todas as manh\u00e3s s\u00e3o, em sua grande maioria, mulheres, e a gente precisa ressaltar isso, mulheres negras. Essa popula\u00e7\u00e3o brasileira precisa ser valorizada, que \u00e9 responsabilidade nossa para esses brasileiros e para essas brasileiras\u201d, festeja a deputada.<\/p>\n<p>\u201cA PEC em vota\u00e7\u00e3o na C\u00e2mara hoje elimina a escala 6\u00d71 e reduz a jornada semanal de 44 para 40 horas, com efeitos j\u00e1 em 2026 e sem redu\u00e7\u00e3o salarial. Para o PCdoB e para o movimento sindical, essa n\u00e3o \u00e9 s\u00f3 uma pauta legislativa, \u00e9 uma conquista da classe trabalhadora constru\u00edda h\u00e1 d\u00e9cadas\u201d, disse a deputada Alice Portugal (PCdoB-BA).<\/p>\n<p>O deputado Renildo Calheiros (PCdoB-PE) considera uma vota\u00e7\u00e3o hist\u00f3rica. \u201cMais de 33 milh\u00f5es de brasileiros trabalham nessa escala. S\u00e3o pessoas que abrem m\u00e3o do descanso, do conv\u00edvio com a fam\u00edlia, da pr\u00f3pria sa\u00fade para sobreviver\u201d, disse.<\/p>\n<p>\u201cEstamos caminhando para mais uma conquista hist\u00f3rica para os trabalhadores e trabalhadoras do Brasil! Uma luta \u00e1rdua de todos e todas que est\u00e3o ao lado de quem move o pa\u00eds\u201d, comemora o vice-l\u00edder do governo no Congresso, deputado Daniel Almeida (PCdoB-BA).<\/p>\n<p>O post <a href=\"https:\/\/vermelho.org.br\/2026\/05\/27\/comissao-da-camara-barra-manobra-bolsonarista-e-aprova-fim-da-escala-6x1\/\">Comiss\u00e3o da C\u00e2mara barra manobra bolsonarista e aprova fim da escala 6\u00d71<\/a> apareceu primeiro em <a href=\"https:\/\/vermelho.org.br\/\">Vermelho<\/a>.<\/p>\n<!-- Begin Yuzo --><div class='yuzo_related_post style-1'  data-version='5.12.89'><!-- without result --><div class='yuzo_clearfixed yuzo__title yuzo__title'><h3>Related Post<\/h3><\/div>\n\t\t\t\t\t\t  <div class=\"relatedthumb \" style=\"width:125px;float:left;overflow:hidden;\">  \n\t\t\t\t\t\t\t  \n\t\t\t\t\t\t\t  <a  href=\"https:\/\/redept.com.br\/blogosfera\/ataques-a-bomba-marcam-primeiro-dia-do-governo-de-extrema-direita-da-colombia\/\"  >\n\t\t\t\t\t\t\t\t\t  <div class=\"yuzo-img-wrap \" style=\"width: 125px;height:90px;\">\n\t\t\t\t\t\t\t\t\t\t\n\t\t\t\t\t\t\t\t\t\t<div class=\"yuzo-img\" style=\"background:url('https:\/\/redept.org\/blogosfera\/wp-content\/plugins\/yuzo-related-post\/assets\/images\/default.png') 50% 50% no-repeat;width: 125px;height:90px;margin-bottom: 5px;background-size: cover; \"><\/div>\n\t\t\t\t\t\t\t\t\t  <\/div>\n\t\t\t\t\t\t\t\t\t  \n\t\t\t\t\t\t\t\t   <span class=\"yuzo__text--title\" style=\"font-size:13px;\">Ataques a bomba marcam primeiro dia do governo de ...<\/span>\n\t\t\t\t\t\t\t  \n\t\t\t\t\t\t\t  \n\t\t\t\t\t\t\t  <\/a>\n\n\t\t\t\t\t\t  <\/div>\n\t\t\t\t\t\t  <div class=\"relatedthumb \" style=\"width:125px;float:left;overflow:hidden;\">  \n\t\t\t\t\t\t\t  \n\t\t\t\t\t\t\t  <a  href=\"https:\/\/redept.com.br\/blogosfera\/negociado-a-portas-fechadas-acordo-mercosul-ue-ganha-forca-com-ida-de-presidente-da-comissao-europeia-ao-uruguai\/\"  >\n\t\t\t\t\t\t\t\t\t  <div class=\"yuzo-img-wrap \" style=\"width: 125px;height:90px;\">\n\t\t\t\t\t\t\t\t\t\t\n\t\t\t\t\t\t\t\t\t\t<div class=\"yuzo-img\" style=\"background:url('https:\/\/redept.org\/blogosfera\/wp-content\/plugins\/yuzo-related-post\/assets\/images\/default.png') 50% 50% no-repeat;width: 125px;height:90px;margin-bottom: 5px;background-size: cover; \"><\/div>\n\t\t\t\t\t\t\t\t\t  <\/div>\n\t\t\t\t\t\t\t\t\t  \n\t\t\t\t\t\t\t\t   <span class=\"yuzo__text--title\" style=\"font-size:13px;\">Negociado a portas fechadas, acordo Mercosul-UE ga...<\/span>\n\t\t\t\t\t\t\t  \n\t\t\t\t\t\t\t  \n\t\t\t\t\t\t\t  <\/a>\n\n\t\t\t\t\t\t  <\/div>\n\t\t\t\t\t\t  <div class=\"relatedthumb \" style=\"width:125px;float:left;overflow:hidden;\">  \n\t\t\t\t\t\t\t  \n\t\t\t\t\t\t\t  <a  href=\"https:\/\/sul21.com.br\/noticias\/saude\/2025\/09\/porto-alegre-nove-unidades-de-saude-oferecerao-multivacinacao-para-menores-de-15-anos-neste-sabado-4\/\"  >\n\t\t\t\t\t\t\t\t\t  <div class=\"yuzo-img-wrap \" style=\"width: 125px;height:90px;\">\n\t\t\t\t\t\t\t\t\t\t\n\t\t\t\t\t\t\t\t\t\t<div class=\"yuzo-img\" style=\"background:url('https:\/\/redept.org\/blogosfera\/wp-content\/plugins\/yuzo-related-post\/assets\/images\/default.png') 50% 50% no-repeat;width: 125px;height:90px;margin-bottom: 5px;background-size: cover; \"><\/div>\n\t\t\t\t\t\t\t\t\t  <\/div>\n\t\t\t\t\t\t\t\t\t  \n\t\t\t\t\t\t\t\t   <span class=\"yuzo__text--title\" style=\"font-size:13px;\">Porto Alegre: Nove unidades de sa\u00fade oferecer\u00e3o mu...<\/span>\n\t\t\t\t\t\t\t  \n\t\t\t\t\t\t\t  \n\t\t\t\t\t\t\t  <\/a>\n\n\t\t\t\t\t\t  <\/div>\n\t\t\t\t\t\t  <div class=\"relatedthumb \" style=\"width:125px;float:left;overflow:hidden;\">  \n\t\t\t\t\t\t\t  \n\t\t\t\t\t\t\t  <a  href=\"https:\/\/redept.com.br\/blogosfera\/caos-nas-linhas-12-safira-11-coral-e-13-jade-da-trivia-trens\/\"  >\n\t\t\t\t\t\t\t\t\t  <div class=\"yuzo-img-wrap \" style=\"width: 125px;height:90px;\">\n\t\t\t\t\t\t\t\t\t\t\n\t\t\t\t\t\t\t\t\t\t<div class=\"yuzo-img\" style=\"background:url('https:\/\/redept.com.br\/blogosfera\/wp-content\/uploads\/2026\/07\/Captura-de-tela-2026-07-23-081357-150x150.png') 50% 50% no-repeat;width: 125px;height:90px;margin-bottom: 5px;background-size: cover; \"><\/div>\n\t\t\t\t\t\t\t\t\t  <\/div>\n\t\t\t\t\t\t\t\t\t  \n\t\t\t\t\t\t\t\t   <span class=\"yuzo__text--title\" style=\"font-size:13px;\">Caos nas linhas 12-Safira, 11-Coral e 13-Jade da T...<\/span>\n\t\t\t\t\t\t\t  \n\t\t\t\t\t\t\t  \n\t\t\t\t\t\t\t  <\/a>\n\n\t\t\t\t\t\t  <\/div>\n<\/div> <script>\n\t\t\t\t\t\t  jQuery(document).ready(function( $ ){\n\t\t\t\t\t\t\t\/\/jQuery('.yuzo_related_post').equalizer({ overflow : 'relatedthumb' });\n\t\t\t\t\t\t\tjQuery('.yuzo_related_post .yuzo_wraps').equalizer({ columns : '> div' });\n\t\t\t\t\t\t   })\n\t\t\t\t\t\t  <\/script> <!-- End Yuzo :) -->","protected":false},"excerpt":{"rendered":"<p>A comiss\u00e3o especial da C\u00e2mara dos Deputados aprovou nesta quarta-feira (27), por 34 votos favor\u00e1veis e apenas 4 contr\u00e1rios, a proposta de emenda \u00e0 Constitui\u00e7\u00e3o (PEC), que reduz a jornada de trabalho das atuais 44 para 40 horas semanais e acaba com a escala 6\u00d71 (seis dias de trabalho com apenas um de descanso). \u201cA [&hellip;]<\/p>\n","protected":false},"author":2,"featured_media":0,"comment_status":"open","ping_status":"closed","sticky":false,"template":"","format":"standard","meta":{"fifu_image_url":"","fifu_image_alt":"","footnotes":""},"categories":[4458,298,4835,2008,132],"tags":[],"class_list":["post-89057","post","type-post","status-publish","format-standard","hentry","category-aprovado","category-camara-dos-deputados","category-comissao-especial","category-fim-da-escala-6x1","category-politica"],"_links":{"self":[{"href":"https:\/\/redept.com.br\/blogosfera\/wp-json\/wp\/v2\/posts\/89057","targetHints":{"allow":["GET"]}}],"collection":[{"href":"https:\/\/redept.com.br\/blogosfera\/wp-json\/wp\/v2\/posts"}],"about":[{"href":"https:\/\/redept.com.br\/blogosfera\/wp-json\/wp\/v2\/types\/post"}],"author":[{"embeddable":true,"href":"https:\/\/redept.com.br\/blogosfera\/wp-json\/wp\/v2\/users\/2"}],"replies":[{"embeddable":true,"href":"https:\/\/redept.com.br\/blogosfera\/wp-json\/wp\/v2\/comments?post=89057"}],"version-history":[{"count":0,"href":"https:\/\/redept.com.br\/blogosfera\/wp-json\/wp\/v2\/posts\/89057\/revisions"}],"wp:attachment":[{"href":"https:\/\/redept.com.br\/blogosfera\/wp-json\/wp\/v2\/media?parent=89057"}],"wp:term":[{"taxonomy":"category","embeddable":true,"href":"https:\/\/redept.com.br\/blogosfera\/wp-json\/wp\/v2\/categories?post=89057"},{"taxonomy":"post_tag","embeddable":true,"href":"https:\/\/redept.com.br\/blogosfera\/wp-json\/wp\/v2\/tags?post=89057"}],"curies":[{"name":"wp","href":"https:\/\/api.w.org\/{rel}","templated":true}]}}