{"id":89081,"date":"2026-05-27T18:56:54","date_gmt":"2026-05-27T21:56:54","guid":{"rendered":"https:\/\/redept.com.br\/blogosfera\/lula-falta-pouco-para-anuncio-sobre-petroleo-na-margem-equatorial\/"},"modified":"2026-05-27T18:56:54","modified_gmt":"2026-05-27T21:56:54","slug":"lula-falta-pouco-para-anuncio-sobre-petroleo-na-margem-equatorial","status":"publish","type":"post","link":"https:\/\/redept.com.br\/blogosfera\/lula-falta-pouco-para-anuncio-sobre-petroleo-na-margem-equatorial\/","title":{"rendered":"Lula: falta pouco para an\u00fancio sobre petr\u00f3leo na Margem Equatorial"},"content":{"rendered":"<p>O presidente Luiz In\u00e1cio Lula da Silva (PT) disse que falta pouco para a Petrobras anunciar se na Margem Equatorial h\u00e1 a quantidade de petr\u00f3leo ou de g\u00e1s estimadas preliminarmente. \u201cTemos, obviamente, muita responsabilidade para extrair petr\u00f3leo l\u00e1, e temos uma vantagem que \u00e9 a expertise da Petrobras, a melhor empresa do mundo para fazer [\u2026]<\/p>\n<p><a href=\"https:\/\/www.brasildefato.com.br\/2026\/05\/27\/lula-falta-pouco-para-anuncio-sobre-petroleo-na-margem-equatorial\/\" rel=\"nofollow\">Fonte<\/a><\/p>\n<!-- Begin Yuzo --><div class='yuzo_related_post style-1'  data-version='5.12.89'><!-- without result --><div class='yuzo_clearfixed yuzo__title yuzo__title'><h3>Related Post<\/h3><\/div>\n\t\t\t\t\t\t  <div class=\"relatedthumb \" style=\"width:125px;float:left;overflow:hidden;\">  \n\t\t\t\t\t\t\t  \n\t\t\t\t\t\t\t  <a  href=\"https:\/\/redept.com.br\/blogosfera\/ira-e-oma-chegam-a-entendimento-sobre-nova-rota-de-navegacao-em-ormuz\/\"  >\n\t\t\t\t\t\t\t\t\t  <div class=\"yuzo-img-wrap \" style=\"width: 125px;height:90px;\">\n\t\t\t\t\t\t\t\t\t\t\n\t\t\t\t\t\t\t\t\t\t<div class=\"yuzo-img\" style=\"background:url('https:\/\/redept.com.br\/blogosfera\/wp-content\/uploads\/2026\/08\/WhatsApp-Image-2026-08-17-at-114532-150x150.jpeg') 50% 50% no-repeat;width: 125px;height:90px;margin-bottom: 5px;background-size: cover; \"><\/div>\n\t\t\t\t\t\t\t\t\t  <\/div>\n\t\t\t\t\t\t\t\t\t  \n\t\t\t\t\t\t\t\t   <span class=\"yuzo__text--title\" style=\"font-size:13px;\">Ir\u00e3 e Om\u00e3 chegam a entendimento sobre nova rota de...<\/span>\n\t\t\t\t\t\t\t  \n\t\t\t\t\t\t\t  \n\t\t\t\t\t\t\t  <\/a>\n\n\t\t\t\t\t\t  <\/div>\n\t\t\t\t\t\t  <div class=\"relatedthumb \" style=\"width:125px;float:left;overflow:hidden;\">  \n\t\t\t\t\t\t\t  \n\t\t\t\t\t\t\t  <a  href=\"https:\/\/redept.com.br\/blogosfera\/producao-do-brasil-de-fato-rj-programa-papo-na-laje-e-exibido-em-tv-publica-do-recife-pe\/\"  >\n\t\t\t\t\t\t\t\t\t  <div class=\"yuzo-img-wrap \" style=\"width: 125px;height:90px;\">\n\t\t\t\t\t\t\t\t\t\t\n\t\t\t\t\t\t\t\t\t\t<div class=\"yuzo-img\" style=\"background:url('https:\/\/redept.org\/blogosfera\/wp-content\/plugins\/yuzo-related-post\/assets\/images\/default.png') 50% 50% no-repeat;width: 125px;height:90px;margin-bottom: 5px;background-size: cover; \"><\/div>\n\t\t\t\t\t\t\t\t\t  <\/div>\n\t\t\t\t\t\t\t\t\t  \n\t\t\t\t\t\t\t\t   <span class=\"yuzo__text--title\" style=\"font-size:13px;\">Produ\u00e7\u00e3o do Brasil de Fato RJ, programa Papo na La...<\/span>\n\t\t\t\t\t\t\t  \n\t\t\t\t\t\t\t  \n\t\t\t\t\t\t\t  <\/a>\n\n\t\t\t\t\t\t  <\/div>\n\t\t\t\t\t\t  <div class=\"relatedthumb \" style=\"width:125px;float:left;overflow:hidden;\">  \n\t\t\t\t\t\t\t  \n\t\t\t\t\t\t\t  <a  href=\"https:\/\/redept.com.br\/blogosfera\/ira-leva-pertences-de-criancas-assassinadas-a-negociacoes-com-o-s-eua\/\"  >\n\t\t\t\t\t\t\t\t\t  <div class=\"yuzo-img-wrap \" style=\"width: 125px;height:90px;\">\n\t\t\t\t\t\t\t\t\t\t\n\t\t\t\t\t\t\t\t\t\t<div class=\"yuzo-img\" style=\"background:url('https:\/\/redept.com.br\/blogosfera\/wp-content\/uploads\/2026\/04\/thumbs_b_6e443b380cf30ea8e85d3824ab4811b2-150x150.jpg') 50% 50% no-repeat;width: 125px;height:90px;margin-bottom: 5px;background-size: cover; \"><\/div>\n\t\t\t\t\t\t\t\t\t  <\/div>\n\t\t\t\t\t\t\t\t\t  \n\t\t\t\t\t\t\t\t   <span class=\"yuzo__text--title\" style=\"font-size:13px;\">Ir\u00e3 leva pertences de crian\u00e7as assassinadas a nego...<\/span>\n\t\t\t\t\t\t\t  \n\t\t\t\t\t\t\t  \n\t\t\t\t\t\t\t  <\/a>\n\n\t\t\t\t\t\t  <\/div>\n\t\t\t\t\t\t  <div class=\"relatedthumb \" style=\"width:125px;float:left;overflow:hidden;\">  \n\t\t\t\t\t\t\t  \n\t\t\t\t\t\t\t  <a  href=\"https:\/\/redept.com.br\/blogosfera\/o-desafio-a-industria-brasileira-diante-da-ratificacao-do-acordo-mercosul-ue\/\"  >\n\t\t\t\t\t\t\t\t\t  <div class=\"yuzo-img-wrap \" style=\"width: 125px;height:90px;\">\n\t\t\t\t\t\t\t\t\t\t\n\t\t\t\t\t\t\t\t\t\t<div class=\"yuzo-img\" style=\"background:url('https:\/\/redept.com.br\/blogosfera\/wp-content\/uploads\/2026\/02\/Marcos-OliveiraAgencia-Senado-e-Gpoint-StudioFreepik-Fonte-Agencia-Senado-150x150.jpeg') 50% 50% no-repeat;width: 125px;height:90px;margin-bottom: 5px;background-size: cover; \"><\/div>\n\t\t\t\t\t\t\t\t\t  <\/div>\n\t\t\t\t\t\t\t\t\t  \n\t\t\t\t\t\t\t\t   <span class=\"yuzo__text--title\" style=\"font-size:13px;\">O desafio \u00e0 Ind\u00fastria brasileira diante da ratific...<\/span>\n\t\t\t\t\t\t\t  \n\t\t\t\t\t\t\t  \n\t\t\t\t\t\t\t  <\/a>\n\n\t\t\t\t\t\t  <\/div>\n<\/div> <script>\n\t\t\t\t\t\t  jQuery(document).ready(function( $ ){\n\t\t\t\t\t\t\t\/\/jQuery('.yuzo_related_post').equalizer({ overflow : 'relatedthumb' });\n\t\t\t\t\t\t\tjQuery('.yuzo_related_post .yuzo_wraps').equalizer({ columns : '> div' });\n\t\t\t\t\t\t   })\n\t\t\t\t\t\t  <\/script> <!-- End Yuzo :) -->","protected":false},"excerpt":{"rendered":"<p>O presidente Luiz In\u00e1cio Lula da Silva (PT) disse que falta pouco para a Petrobras anunciar se na Margem Equatorial h\u00e1 a quantidade de petr\u00f3leo ou de g\u00e1s estimadas preliminarmente. \u201cTemos, obviamente, muita responsabilidade para extrair petr\u00f3leo l\u00e1, e temos uma vantagem que \u00e9 a expertise da Petrobras, a melhor empresa do mundo para fazer [&hellip;]<\/p>\n","protected":false},"author":2,"featured_media":0,"comment_status":"open","ping_status":"closed","sticky":false,"template":"","format":"standard","meta":{"fifu_image_url":"","fifu_image_alt":"","footnotes":""},"categories":[25868,930,109,7075,61875,61876,61877,559,221,8533,10598,4346,43967,2826,684,13524,6690,112,3597,1195,61878,61879,61880,1647,2827,61881,61882,1733,61883,993,43512,61884],"tags":[],"class_list":["post-89081","post","type-post","status-publish","format-standard","hentry","category-aguas-profundas","category-amapa","category-amazonia","category-anp","category-anuncio","category-bacia-do-solimoes","category-barris-de-petroleo","category-desenvolvimento-regional","category-economia","category-estatal","category-expectativa","category-exploracao-de-petroleo","category-exploracao-offshore","category-gas-natural","category-ibama","category-licenca-ambiental","category-licenciamento","category-lula","category-margem-equatorial","category-ministerio-de-minas-e-energia","category-novo-pre-sal","category-onshore","category-perfuracao","category-petrobras","category-petroleo","category-pocos-de-petroleo","category-potencial-petrolifero","category-pre-sal","category-prospeccao","category-regiao-norte","category-reservas-de-petroleo","category-urucu"],"_links":{"self":[{"href":"https:\/\/redept.com.br\/blogosfera\/wp-json\/wp\/v2\/posts\/89081","targetHints":{"allow":["GET"]}}],"collection":[{"href":"https:\/\/redept.com.br\/blogosfera\/wp-json\/wp\/v2\/posts"}],"about":[{"href":"https:\/\/redept.com.br\/blogosfera\/wp-json\/wp\/v2\/types\/post"}],"author":[{"embeddable":true,"href":"https:\/\/redept.com.br\/blogosfera\/wp-json\/wp\/v2\/users\/2"}],"replies":[{"embeddable":true,"href":"https:\/\/redept.com.br\/blogosfera\/wp-json\/wp\/v2\/comments?post=89081"}],"version-history":[{"count":0,"href":"https:\/\/redept.com.br\/blogosfera\/wp-json\/wp\/v2\/posts\/89081\/revisions"}],"wp:attachment":[{"href":"https:\/\/redept.com.br\/blogosfera\/wp-json\/wp\/v2\/media?parent=89081"}],"wp:term":[{"taxonomy":"category","embeddable":true,"href":"https:\/\/redept.com.br\/blogosfera\/wp-json\/wp\/v2\/categories?post=89081"},{"taxonomy":"post_tag","embeddable":true,"href":"https:\/\/redept.com.br\/blogosfera\/wp-json\/wp\/v2\/tags?post=89081"}],"curies":[{"name":"wp","href":"https:\/\/api.w.org\/{rel}","templated":true}]}}