{"id":89087,"date":"2026-05-27T19:36:31","date_gmt":"2026-05-27T22:36:31","guid":{"rendered":"https:\/\/redept.com.br\/blogosfera\/maria-do-rosario-vitoria-pelo-fim-da-escala-6x1-esta-proxima-mas-pressao-popular-precisa-continuar\/"},"modified":"2026-05-27T19:36:31","modified_gmt":"2026-05-27T22:36:31","slug":"maria-do-rosario-vitoria-pelo-fim-da-escala-6x1-esta-proxima-mas-pressao-popular-precisa-continuar","status":"publish","type":"post","link":"https:\/\/redept.com.br\/blogosfera\/maria-do-rosario-vitoria-pelo-fim-da-escala-6x1-esta-proxima-mas-pressao-popular-precisa-continuar\/","title":{"rendered":"Maria do Ros\u00e1rio: \u2018Vit\u00f3ria pelo fim da escala 6\u00d71 est\u00e1 pr\u00f3xima, mas press\u00e3o popular precisa continuar\u2019"},"content":{"rendered":"<p>Deputada federal destaca a mobiliza\u00e7\u00e3o popular para conquistar esse direito e critica conservadorismo do Congresso<\/p>\n<p><a href=\"https:\/\/www.brasildefato.com.br\/2026\/05\/27\/maria-do-rosario-vitoria-pelo-fim-da-escala-6x1-esta-proxima-mas-pressao-popular-precisa-continuar\/\" rel=\"nofollow\">Fonte<\/a><\/p>\n<!-- Begin Yuzo --><div class='yuzo_related_post style-1'  data-version='5.12.89'><!-- without result --><div class='yuzo_clearfixed yuzo__title yuzo__title'><h3>Related Post<\/h3><\/div>\n\t\t\t\t\t\t  <div class=\"relatedthumb \" style=\"width:125px;float:left;overflow:hidden;\">  \n\t\t\t\t\t\t\t  \n\t\t\t\t\t\t\t  <a  href=\"https:\/\/redept.com.br\/blogosfera\/toc-toc-toc-quem-esta-batendo-e-o-super-el-nino-eleitores\/\"  >\n\t\t\t\t\t\t\t\t\t  <div class=\"yuzo-img-wrap \" style=\"width: 125px;height:90px;\">\n\t\t\t\t\t\t\t\t\t\t\n\t\t\t\t\t\t\t\t\t\t<div class=\"yuzo-img\" style=\"background:url('https:\/\/redept.org\/blogosfera\/wp-content\/plugins\/yuzo-related-post\/assets\/images\/default.png') 50% 50% no-repeat;width: 125px;height:90px;margin-bottom: 5px;background-size: cover; \"><\/div>\n\t\t\t\t\t\t\t\t\t  <\/div>\n\t\t\t\t\t\t\t\t\t  \n\t\t\t\t\t\t\t\t   <span class=\"yuzo__text--title\" style=\"font-size:13px;\">TOC, TOC, TOC! Quem est\u00e1 batendo \u00e9 o Super El Ni\u00f1o...<\/span>\n\t\t\t\t\t\t\t  \n\t\t\t\t\t\t\t  \n\t\t\t\t\t\t\t  <\/a>\n\n\t\t\t\t\t\t  <\/div>\n\t\t\t\t\t\t  <div class=\"relatedthumb \" style=\"width:125px;float:left;overflow:hidden;\">  \n\t\t\t\t\t\t\t  \n\t\t\t\t\t\t\t  <a  href=\"https:\/\/redept.com.br\/blogosfera\/uniao-africana-cria-agencia-de-qualificacao-de-credito-para-combater-preconceito-dos-mercados-globais\/\"  >\n\t\t\t\t\t\t\t\t\t  <div class=\"yuzo-img-wrap \" style=\"width: 125px;height:90px;\">\n\t\t\t\t\t\t\t\t\t\t\n\t\t\t\t\t\t\t\t\t\t<div class=\"yuzo-img\" style=\"background:url('https:\/\/redept.com.br\/blogosfera\/wp-content\/uploads\/2026\/05\/afcra-150x150.jpg') 50% 50% no-repeat;width: 125px;height:90px;margin-bottom: 5px;background-size: cover; \"><\/div>\n\t\t\t\t\t\t\t\t\t  <\/div>\n\t\t\t\t\t\t\t\t\t  \n\t\t\t\t\t\t\t\t   <span class=\"yuzo__text--title\" style=\"font-size:13px;\">Uni\u00e3o Africana cria ag\u00eancia de qualifica\u00e7\u00e3o de cr\u00e9...<\/span>\n\t\t\t\t\t\t\t  \n\t\t\t\t\t\t\t  \n\t\t\t\t\t\t\t  <\/a>\n\n\t\t\t\t\t\t  <\/div>\n\t\t\t\t\t\t  <div class=\"relatedthumb \" style=\"width:125px;float:left;overflow:hidden;\">  \n\t\t\t\t\t\t\t  \n\t\t\t\t\t\t\t  <a  href=\"https:\/\/redept.com.br\/blogosfera\/nos-despedimos-do-grande-trovador-cubano-eduardo-sosa\/\"  >\n\t\t\t\t\t\t\t\t\t  <div class=\"yuzo-img-wrap \" style=\"width: 125px;height:90px;\">\n\t\t\t\t\t\t\t\t\t\t\n\t\t\t\t\t\t\t\t\t\t<div class=\"yuzo-img\" style=\"background:url('https:\/\/redept.com.br\/blogosfera\/wp-content\/uploads\/2025\/02\/WhatsApp-Image-2025-02-12-at-14.43.01-150x150.jpeg') 50% 50% no-repeat;width: 125px;height:90px;margin-bottom: 5px;background-size: cover; \"><\/div>\n\t\t\t\t\t\t\t\t\t  <\/div>\n\t\t\t\t\t\t\t\t\t  \n\t\t\t\t\t\t\t\t   <span class=\"yuzo__text--title\" style=\"font-size:13px;\">Nos despedimos do grande trovador cubano Eduardo S...<\/span>\n\t\t\t\t\t\t\t  \n\t\t\t\t\t\t\t  \n\t\t\t\t\t\t\t  <\/a>\n\n\t\t\t\t\t\t  <\/div>\n\t\t\t\t\t\t  <div class=\"relatedthumb \" style=\"width:125px;float:left;overflow:hidden;\">  \n\t\t\t\t\t\t\t  \n\t\t\t\t\t\t\t  <a  href=\"https:\/\/redept.com.br\/blogosfera\/brasileiros-formados-em-medicina-na-venezuela-se-preparam-para-regressar-ao-brasil\/\"  >\n\t\t\t\t\t\t\t\t\t  <div class=\"yuzo-img-wrap \" style=\"width: 125px;height:90px;\">\n\t\t\t\t\t\t\t\t\t\t\n\t\t\t\t\t\t\t\t\t\t<div class=\"yuzo-img\" style=\"background:url('https:\/\/redept.org\/blogosfera\/wp-content\/plugins\/yuzo-related-post\/assets\/images\/default.png') 50% 50% no-repeat;width: 125px;height:90px;margin-bottom: 5px;background-size: cover; \"><\/div>\n\t\t\t\t\t\t\t\t\t  <\/div>\n\t\t\t\t\t\t\t\t\t  \n\t\t\t\t\t\t\t\t   <span class=\"yuzo__text--title\" style=\"font-size:13px;\">Brasileiros formados em medicina na Venezuela se p...<\/span>\n\t\t\t\t\t\t\t  \n\t\t\t\t\t\t\t  \n\t\t\t\t\t\t\t  <\/a>\n\n\t\t\t\t\t\t  <\/div>\n<\/div> <script>\n\t\t\t\t\t\t  jQuery(document).ready(function( $ ){\n\t\t\t\t\t\t\t\/\/jQuery('.yuzo_related_post').equalizer({ overflow : 'relatedthumb' });\n\t\t\t\t\t\t\tjQuery('.yuzo_related_post .yuzo_wraps').equalizer({ columns : '> div' });\n\t\t\t\t\t\t   })\n\t\t\t\t\t\t  <\/script> <!-- End Yuzo :) -->","protected":false},"excerpt":{"rendered":"<p>Deputada federal destaca a mobiliza\u00e7\u00e3o popular para conquistar esse direito e critica conservadorismo do Congresso Fonte Related Post Comer est\u00e1 caro e a solu\u00e7\u00e3o depende de decis\u00f5es po&#8230; \u00cdcone do humor pernambucano, Cinderela ser\u00e1 protag&#8230; O que esperar da visita do presidente chin\u00eas, Xi J&#8230; Conhe\u00e7a jornais que desafiaram os poderosos e defe&#8230;<\/p>\n","protected":false},"author":2,"featured_media":0,"comment_status":"open","ping_status":"closed","sticky":false,"template":"","format":"standard","meta":{"fifu_image_url":"","fifu_image_alt":"","footnotes":""},"categories":[35693,114,6773,298,4835,4813,3324,3631,1679,1864,379,2008,3325,904,61138,8414,2735,9856,5422,2924,3645,1059,4704,1970,531,480,61783],"tags":[],"class_list":["post-89087","post","type-post","status-publish","format-standard","hentry","category-40-horas-semanais","category-bolsonarismo","category-brasil-de-fato","category-camara-dos-deputados","category-comissao-especial","category-conexao-bdf","category-davi-alcolumbre","category-deputada-federal","category-direitos-trabalhistas","category-emenda","category-entrevista","category-fim-da-escala-6x1","category-hugo-motta","category-maria-do-rosario","category-mauricio-marcon","category-mobilizacao-popular","category-oposicao","category-osmar-terra","category-politica-brasileira","category-presidente-lula","category-protestos","category-pt","category-radio-brasil-de-fato","category-reducao-da-jornada-de-trabalho","category-senado","category-trabalhadores","category-votacao-plenario"],"_links":{"self":[{"href":"https:\/\/redept.com.br\/blogosfera\/wp-json\/wp\/v2\/posts\/89087","targetHints":{"allow":["GET"]}}],"collection":[{"href":"https:\/\/redept.com.br\/blogosfera\/wp-json\/wp\/v2\/posts"}],"about":[{"href":"https:\/\/redept.com.br\/blogosfera\/wp-json\/wp\/v2\/types\/post"}],"author":[{"embeddable":true,"href":"https:\/\/redept.com.br\/blogosfera\/wp-json\/wp\/v2\/users\/2"}],"replies":[{"embeddable":true,"href":"https:\/\/redept.com.br\/blogosfera\/wp-json\/wp\/v2\/comments?post=89087"}],"version-history":[{"count":0,"href":"https:\/\/redept.com.br\/blogosfera\/wp-json\/wp\/v2\/posts\/89087\/revisions"}],"wp:attachment":[{"href":"https:\/\/redept.com.br\/blogosfera\/wp-json\/wp\/v2\/media?parent=89087"}],"wp:term":[{"taxonomy":"category","embeddable":true,"href":"https:\/\/redept.com.br\/blogosfera\/wp-json\/wp\/v2\/categories?post=89087"},{"taxonomy":"post_tag","embeddable":true,"href":"https:\/\/redept.com.br\/blogosfera\/wp-json\/wp\/v2\/tags?post=89087"}],"curies":[{"name":"wp","href":"https:\/\/api.w.org\/{rel}","templated":true}]}}