{"id":8924,"date":"2024-12-19T14:07:14","date_gmt":"2024-12-19T17:07:14","guid":{"rendered":"https:\/\/redept.org\/blogosfera\/senado-aprova-tributacao-minima-de-15-sobre-lucro-de-multinacionais\/"},"modified":"2024-12-19T14:07:14","modified_gmt":"2024-12-19T17:07:14","slug":"senado-aprova-tributacao-minima-de-15-sobre-lucro-de-multinacionais","status":"publish","type":"post","link":"https:\/\/redept.com.br\/blogosfera\/senado-aprova-tributacao-minima-de-15-sobre-lucro-de-multinacionais\/","title":{"rendered":"Senado aprova tributa\u00e7\u00e3o m\u00ednima de 15% sobre lucro de multinacionais"},"content":{"rendered":"<p><img fetchpriority=\"high\" width=\"860\" height=\"570\"src=\"https:\/\/redept.org\/blogosfera\/wp-content\/uploads\/2024\/12\/Senado-plenario-marcos-oliveira-1.jpg\" alt=\"\" decoding=\"async\" srcset=\"https:\/\/redept.org\/blogosfera\/wp-content\/uploads\/2024\/12\/Senado-plenario-marcos-oliveira-1.jpg 860w, https:\/\/vermelho.org.br\/wp-content\/uploads\/2024\/12\/Senado-plenario-marcos-oliveira-300x199.jpg 300w, https:\/\/vermelho.org.br\/wp-content\/uploads\/2024\/12\/Senado-plenario-marcos-oliveira-768x509.jpg 768w\" sizes=\"(max-width: 860px) 100vw, 860px\"><\/p>\n<p>O plen\u00e1rio do Senado aprovou na noite desta quarta-feira (19) o projeto de lei que cria um adicional da Contribui\u00e7\u00e3o Social sobre o Lucro L\u00edquido (CSLL) das empresas multinacionais instaladas no pa\u00eds.<\/p>\n<p>A mat\u00e9ria, que segue \u00e0 san\u00e7\u00e3o presidencial, estabelece que a incid\u00eancia atinge corpora\u00e7\u00f5es cuja receita anual consolidada seja superior a 750 milh\u00f5es de euros (cerca de R$ 4,78 bilh\u00f5es) em pelo menos dois dos quatro anos fiscais consecutivos anteriores \u00e0 apura\u00e7\u00e3o.<\/p>\n<p>O objetivo \u00e9 garantir uma tributa\u00e7\u00e3o m\u00ednima efetiva de 15% dentro do acordo global para evitar eros\u00e3o tribut\u00e1ria (Regras GloBE).<\/p>\n<p>Leia mais: <a href=\"https:\/\/vermelho.org.br\/2021\/10\/31\/g20-aprova-taxa-minima-de-15-para-multinacionais\/\">G20 aprova taxa m\u00ednima de 15% para multinacionais<\/a><\/p>\n<p>O l\u00edder do governo na C\u00e2mara, Jos\u00e9 Guimar\u00e3es (PT-CE), autor do projeto, diz que subscreveu uma proposta origin\u00e1ria do governo.<\/p>\n<p>Trata-se da Medida Provis\u00f3ria 1262\/24, que segue em vigor at\u00e9 mar\u00e7o de 2025 e pela qual o governo estima a gera\u00e7\u00e3o de receita tribut\u00e1ria de R$ 3,44 bilh\u00f5es em 2026, R$ 7,28 bilh\u00f5es em 2027 e R$ 7,69 bilh\u00f5es em 2028.<\/p>\n<p>Guimar\u00e3es diz que o projeto vai evitar perdas tribut\u00e1rias e garantir tributa\u00e7\u00e3o justa e equitativa \u00e0s multinacionais que operam no Brasil. \u201cA medida se alinha a decis\u00f5es da Organiza\u00e7\u00e3o para a Coopera\u00e7\u00e3o e o Desenvolvimento Econ\u00f4mico (OCDE) e o G20\u201d, explica.<\/p>\n<p>O l\u00edder fez refer\u00eancia ao acordo firmado no Brasil durante reuni\u00e3o do G20. O debate envolveu 140 pa\u00edses que endossaram uma al\u00edquota tribut\u00e1ria m\u00ednima global para multinacionais de 15%.<\/p>\n<p>O senador Alan Rick (Uni\u00e3o-AC), relator da proposta, definiu o adicional da CSLL como um tributo complementar dentro das Regras GloBE, \u201cque visam estabelecer um piso para guerra fiscal internacional, impedindo que grandes grupos multinacionais estejam sujeitos em cada jurisdi\u00e7\u00e3o a uma al\u00edquota efetiva inferior a 15%\u201d.<\/p>\n<p>\u201cSe o Brasil n\u00e3o adotar o Adicional da CSLL, a renda corporativa subtributada (\u2026) gerada no Brasil ser\u00e1 arrecadada por outra jurisdi\u00e7\u00e3o em que o grupo de empresas multinacionais opere e que j\u00e1 tiver introduzido em sua legisla\u00e7\u00e3o as Regras GloBE. Cerca de 36 pa\u00edses j\u00e1 possuem regras em vigor em 2024 e mais de vinte v\u00e3o implement\u00e1-las a partir de 2025\u201d, explicou o relator.<\/p>\n<p><em>Com informa\u00e7\u00f5es da Ag\u00eancia Senado<\/em><\/p>\n<p>O post <a href=\"https:\/\/vermelho.org.br\/2024\/12\/19\/senado-aprova-tributacao-minima-de-15-sobre-lucro-de-multinacionais\/\">Senado aprova tributa\u00e7\u00e3o m\u00ednima de 15% sobre lucro de multinacionais<\/a> apareceu primeiro em <a href=\"https:\/\/vermelho.org.br\/\">Vermelho<\/a>.<\/p>\n<!-- Begin Yuzo --><div class='yuzo_related_post style-1'  data-version='5.12.89'><!-- without result --><div class='yuzo_clearfixed yuzo__title yuzo__title'><h3>Related Post<\/h3><\/div>\n\t\t\t\t\t\t  <div class=\"relatedthumb \" style=\"width:125px;float:left;overflow:hidden;\">  \n\t\t\t\t\t\t\t  \n\t\t\t\t\t\t\t  <a  href=\"https:\/\/redept.com.br\/blogosfera\/o-agente-secreto-recebe-premio-em-festival-lumieres-na-franca\/\"  >\n\t\t\t\t\t\t\t\t\t  <div class=\"yuzo-img-wrap \" style=\"width: 125px;height:90px;\">\n\t\t\t\t\t\t\t\t\t\t\n\t\t\t\t\t\t\t\t\t\t<div class=\"yuzo-img\" style=\"background:url('https:\/\/redept.com.br\/blogosfera\/wp-content\/uploads\/2026\/01\/agente-1-150x150.jpg') 50% 50% no-repeat;width: 125px;height:90px;margin-bottom: 5px;background-size: cover; \"><\/div>\n\t\t\t\t\t\t\t\t\t  <\/div>\n\t\t\t\t\t\t\t\t\t  \n\t\t\t\t\t\t\t\t   <span class=\"yuzo__text--title\" style=\"font-size:13px;\">\u2018O Agente Secreto\u2019 recebe pr\u00eamio em Festival Lumi\u00e8...<\/span>\n\t\t\t\t\t\t\t  \n\t\t\t\t\t\t\t  \n\t\t\t\t\t\t\t  <\/a>\n\n\t\t\t\t\t\t  <\/div>\n\t\t\t\t\t\t  <div class=\"relatedthumb \" style=\"width:125px;float:left;overflow:hidden;\">  \n\t\t\t\t\t\t\t  \n\t\t\t\t\t\t\t  <a  href=\"https:\/\/redept.com.br\/blogosfera\/mais-professores-para-o-brasil-vai-beneficiar-cerca-de-50-mi-de-docentes-e-estudantes\/\"  >\n\t\t\t\t\t\t\t\t\t  <div class=\"yuzo-img-wrap \" style=\"width: 125px;height:90px;\">\n\t\t\t\t\t\t\t\t\t\t\n\t\t\t\t\t\t\t\t\t\t<div class=\"yuzo-img\" style=\"background:url('https:\/\/redept.org\/blogosfera\/wp-content\/plugins\/yuzo-related-post\/assets\/images\/default.png') 50% 50% no-repeat;width: 125px;height:90px;margin-bottom: 5px;background-size: cover; \"><\/div>\n\t\t\t\t\t\t\t\t\t  <\/div>\n\t\t\t\t\t\t\t\t\t  \n\t\t\t\t\t\t\t\t   <span class=\"yuzo__text--title\" style=\"font-size:13px;\">\u2018Mais Professores para o Brasil\u2019 vai beneficiar ce...<\/span>\n\t\t\t\t\t\t\t  \n\t\t\t\t\t\t\t  \n\t\t\t\t\t\t\t  <\/a>\n\n\t\t\t\t\t\t  <\/div>\n\t\t\t\t\t\t  <div class=\"relatedthumb \" style=\"width:125px;float:left;overflow:hidden;\">  \n\t\t\t\t\t\t\t  \n\t\t\t\t\t\t\t  <a  href=\"https:\/\/redept.com.br\/blogosfera\/lula-para-bolsonaro-se-voce-cometeu-o-crime-de-que-esta-sendo-acusado-voce-sera-preso\/\"  >\n\t\t\t\t\t\t\t\t\t  <div class=\"yuzo-img-wrap \" style=\"width: 125px;height:90px;\">\n\t\t\t\t\t\t\t\t\t\t\n\t\t\t\t\t\t\t\t\t\t<div class=\"yuzo-img\" style=\"background:url('https:\/\/redept.org\/blogosfera\/wp-content\/plugins\/yuzo-related-post\/assets\/images\/default.png') 50% 50% no-repeat;width: 125px;height:90px;margin-bottom: 5px;background-size: cover; \"><\/div>\n\t\t\t\t\t\t\t\t\t  <\/div>\n\t\t\t\t\t\t\t\t\t  \n\t\t\t\t\t\t\t\t   <span class=\"yuzo__text--title\" style=\"font-size:13px;\">Lula para Bolsonaro: \u201cSe voc\u00ea cometeu o crime de q...<\/span>\n\t\t\t\t\t\t\t  \n\t\t\t\t\t\t\t  \n\t\t\t\t\t\t\t  <\/a>\n\n\t\t\t\t\t\t  <\/div>\n\t\t\t\t\t\t  <div class=\"relatedthumb \" style=\"width:125px;float:left;overflow:hidden;\">  \n\t\t\t\t\t\t\t  \n\t\t\t\t\t\t\t  <a  href=\"https:\/\/redept.com.br\/blogosfera\/defesa-de-bolsonaro-exige-de-moraes-mudanca-urgente-na-data-de-visita-de-assessor-de-trump\/\"  >\n\t\t\t\t\t\t\t\t\t  <div class=\"yuzo-img-wrap \" style=\"width: 125px;height:90px;\">\n\t\t\t\t\t\t\t\t\t\t\n\t\t\t\t\t\t\t\t\t\t<div class=\"yuzo-img\" style=\"background:url('https:\/\/redept.org\/blogosfera\/wp-content\/plugins\/yuzo-related-post\/assets\/images\/default.png') 50% 50% no-repeat;width: 125px;height:90px;margin-bottom: 5px;background-size: cover; \"><\/div>\n\t\t\t\t\t\t\t\t\t  <\/div>\n\t\t\t\t\t\t\t\t\t  \n\t\t\t\t\t\t\t\t   <span class=\"yuzo__text--title\" style=\"font-size:13px;\">Defesa de Bolsonaro exige de Moraes mudan\u00e7a urgent...<\/span>\n\t\t\t\t\t\t\t  \n\t\t\t\t\t\t\t  \n\t\t\t\t\t\t\t  <\/a>\n\n\t\t\t\t\t\t  <\/div>\n<\/div> <script>\n\t\t\t\t\t\t  jQuery(document).ready(function( $ ){\n\t\t\t\t\t\t\t\/\/jQuery('.yuzo_related_post').equalizer({ overflow : 'relatedthumb' });\n\t\t\t\t\t\t\tjQuery('.yuzo_related_post .yuzo_wraps').equalizer({ columns : '> div' });\n\t\t\t\t\t\t   })\n\t\t\t\t\t\t  <\/script> <!-- End Yuzo :) -->","protected":false},"excerpt":{"rendered":"<p>O plen\u00e1rio do Senado aprovou na noite desta quarta-feira (19) o projeto de lei que cria um adicional da Contribui\u00e7\u00e3o Social sobre o Lucro L\u00edquido (CSLL) das empresas multinacionais instaladas no pa\u00eds. A mat\u00e9ria, que segue \u00e0 san\u00e7\u00e3o presidencial, estabelece que a incid\u00eancia atinge corpora\u00e7\u00f5es cuja receita anual consolidada seja superior a 750 milh\u00f5es de [&hellip;]<\/p>\n","protected":false},"author":2,"featured_media":8925,"comment_status":"closed","ping_status":"closed","sticky":false,"template":"","format":"standard","meta":{"fifu_image_url":"","fifu_image_alt":"","footnotes":""},"categories":[2808,132,2846,531,598],"tags":[],"class_list":["post-8924","post","type-post","status-publish","format-standard","has-post-thumbnail","hentry","category-multinacionais","category-politica","category-sancao-presidencial","category-senado","category-tributacao"],"_links":{"self":[{"href":"https:\/\/redept.com.br\/blogosfera\/wp-json\/wp\/v2\/posts\/8924","targetHints":{"allow":["GET"]}}],"collection":[{"href":"https:\/\/redept.com.br\/blogosfera\/wp-json\/wp\/v2\/posts"}],"about":[{"href":"https:\/\/redept.com.br\/blogosfera\/wp-json\/wp\/v2\/types\/post"}],"author":[{"embeddable":true,"href":"https:\/\/redept.com.br\/blogosfera\/wp-json\/wp\/v2\/users\/2"}],"replies":[{"embeddable":true,"href":"https:\/\/redept.com.br\/blogosfera\/wp-json\/wp\/v2\/comments?post=8924"}],"version-history":[{"count":0,"href":"https:\/\/redept.com.br\/blogosfera\/wp-json\/wp\/v2\/posts\/8924\/revisions"}],"wp:featuredmedia":[{"embeddable":true,"href":"https:\/\/redept.com.br\/blogosfera\/wp-json\/wp\/v2\/media\/8925"}],"wp:attachment":[{"href":"https:\/\/redept.com.br\/blogosfera\/wp-json\/wp\/v2\/media?parent=8924"}],"wp:term":[{"taxonomy":"category","embeddable":true,"href":"https:\/\/redept.com.br\/blogosfera\/wp-json\/wp\/v2\/categories?post=8924"},{"taxonomy":"post_tag","embeddable":true,"href":"https:\/\/redept.com.br\/blogosfera\/wp-json\/wp\/v2\/tags?post=8924"}],"curies":[{"name":"wp","href":"https:\/\/api.w.org\/{rel}","templated":true}]}}