{"id":89244,"date":"2026-05-28T15:45:45","date_gmt":"2026-05-28T18:45:45","guid":{"rendered":"https:\/\/redept.com.br\/blogosfera\/painel-de-agrotoxicos-pode-embasar-politicas-publicas-de-saude-ambiental-e-humana-diz-larissa-bombardi\/"},"modified":"2026-05-28T15:45:45","modified_gmt":"2026-05-28T18:45:45","slug":"painel-de-agrotoxicos-pode-embasar-politicas-publicas-de-saude-ambiental-e-humana-diz-larissa-bombardi","status":"publish","type":"post","link":"https:\/\/redept.com.br\/blogosfera\/painel-de-agrotoxicos-pode-embasar-politicas-publicas-de-saude-ambiental-e-humana-diz-larissa-bombardi\/","title":{"rendered":"Painel de agrot\u00f3xicos pode embasar pol\u00edticas p\u00fablicas de sa\u00fade ambiental e humana, diz Larissa Bombardi"},"content":{"rendered":"<p>O Minist\u00e9rio do Meio Ambiente e Mudan\u00e7a do Clima (MMA) lan\u00e7ou, em maio, o Painel de Monitoramento de Agrot\u00f3xicos nos Recursos H\u00eddricos. O objetivo \u00e9 avaliar o risco para a prote\u00e7\u00e3o da vida aqu\u00e1tica e ampliar a transpar\u00eancia sobre a ocorr\u00eancia de agrot\u00f3xicos nas bacias hidrogr\u00e1ficas do pa\u00eds. A plataforma, iniciativa in\u00e9dita, re\u00fane 213 amostras [\u2026]<\/p>\n<p><a href=\"https:\/\/www.brasildefato.com.br\/podcast\/bem-viver\/2026\/05\/28\/painel-de-agrotoxicos-pode-embasar-politicas-publicas-de-saude-ambiental-e-humana-diz-larissa-bombardi\/\" rel=\"nofollow\">Fonte<\/a><\/p>\n<!-- Begin Yuzo --><div class='yuzo_related_post style-1'  data-version='5.12.89'><!-- without result --><div class='yuzo_clearfixed yuzo__title yuzo__title'><h3>Related Post<\/h3><\/div>\n\t\t\t\t\t\t  <div class=\"relatedthumb \" style=\"width:125px;float:left;overflow:hidden;\">  \n\t\t\t\t\t\t\t  \n\t\t\t\t\t\t\t  <a  href=\"https:\/\/redept.com.br\/blogosfera\/sigma-deu-informacao-falsa-e-operou-no-jequitinhonha-antes-de-autorizacao-revela-feam\/\"  >\n\t\t\t\t\t\t\t\t\t  <div class=\"yuzo-img-wrap \" style=\"width: 125px;height:90px;\">\n\t\t\t\t\t\t\t\t\t\t\n\t\t\t\t\t\t\t\t\t\t<div class=\"yuzo-img\" style=\"background:url('https:\/\/redept.org\/blogosfera\/wp-content\/plugins\/yuzo-related-post\/assets\/images\/default.png') 50% 50% no-repeat;width: 125px;height:90px;margin-bottom: 5px;background-size: cover; \"><\/div>\n\t\t\t\t\t\t\t\t\t  <\/div>\n\t\t\t\t\t\t\t\t\t  \n\t\t\t\t\t\t\t\t   <span class=\"yuzo__text--title\" style=\"font-size:13px;\">Sigma deu informa\u00e7\u00e3o falsa e operou no Jequitinhon...<\/span>\n\t\t\t\t\t\t\t  \n\t\t\t\t\t\t\t  \n\t\t\t\t\t\t\t  <\/a>\n\n\t\t\t\t\t\t  <\/div>\n\t\t\t\t\t\t  <div class=\"relatedthumb \" style=\"width:125px;float:left;overflow:hidden;\">  \n\t\t\t\t\t\t\t  \n\t\t\t\t\t\t\t  <a  href=\"https:\/\/redept.com.br\/blogosfera\/participacao-popular-sociedade-civil-entrega-propostas-aos-chefes-de-estado-do-brics\/\"  >\n\t\t\t\t\t\t\t\t\t  <div class=\"yuzo-img-wrap \" style=\"width: 125px;height:90px;\">\n\t\t\t\t\t\t\t\t\t\t\n\t\t\t\t\t\t\t\t\t\t<div class=\"yuzo-img\" style=\"background:url('https:\/\/redept.com.br\/blogosfera\/wp-content\/uploads\/2025\/06\/bdf-20250617-195448-85a795-2048x1365-1-150x150.jpg') 50% 50% no-repeat;width: 125px;height:90px;margin-bottom: 5px;background-size: cover; \"><\/div>\n\t\t\t\t\t\t\t\t\t  <\/div>\n\t\t\t\t\t\t\t\t\t  \n\t\t\t\t\t\t\t\t   <span class=\"yuzo__text--title\" style=\"font-size:13px;\">Participa\u00e7\u00e3o popular: sociedade civil entrega prop...<\/span>\n\t\t\t\t\t\t\t  \n\t\t\t\t\t\t\t  \n\t\t\t\t\t\t\t  <\/a>\n\n\t\t\t\t\t\t  <\/div>\n\t\t\t\t\t\t  <div class=\"relatedthumb \" style=\"width:125px;float:left;overflow:hidden;\">  \n\t\t\t\t\t\t\t  \n\t\t\t\t\t\t\t  <a  href=\"https:\/\/redept.com.br\/blogosfera\/forca-do-movimento-grevista-petroleiro-do-norte-fluminense-garantiu-conquistas-para-a-categoria-avalia-sindicalista\/\"  >\n\t\t\t\t\t\t\t\t\t  <div class=\"yuzo-img-wrap \" style=\"width: 125px;height:90px;\">\n\t\t\t\t\t\t\t\t\t\t\n\t\t\t\t\t\t\t\t\t\t<div class=\"yuzo-img\" style=\"background:url('https:\/\/redept.org\/blogosfera\/wp-content\/plugins\/yuzo-related-post\/assets\/images\/default.png') 50% 50% no-repeat;width: 125px;height:90px;margin-bottom: 5px;background-size: cover; \"><\/div>\n\t\t\t\t\t\t\t\t\t  <\/div>\n\t\t\t\t\t\t\t\t\t  \n\t\t\t\t\t\t\t\t   <span class=\"yuzo__text--title\" style=\"font-size:13px;\">For\u00e7a do movimento grevista petroleiro do norte fl...<\/span>\n\t\t\t\t\t\t\t  \n\t\t\t\t\t\t\t  \n\t\t\t\t\t\t\t  <\/a>\n\n\t\t\t\t\t\t  <\/div>\n\t\t\t\t\t\t  <div class=\"relatedthumb \" style=\"width:125px;float:left;overflow:hidden;\">  \n\t\t\t\t\t\t\t  \n\t\t\t\t\t\t\t  <a  href=\"https:\/\/redept.com.br\/blogosfera\/narrativas-ocidentais-absurdas-contra-a-russia-levam-o-mundo-a-guerra-nuclear-diz-professor\/\"  >\n\t\t\t\t\t\t\t\t\t  <div class=\"yuzo-img-wrap \" style=\"width: 125px;height:90px;\">\n\t\t\t\t\t\t\t\t\t\t\n\t\t\t\t\t\t\t\t\t\t<div class=\"yuzo-img\" style=\"background:url('https:\/\/redept.org\/blogosfera\/wp-content\/plugins\/yuzo-related-post\/assets\/images\/default.png') 50% 50% no-repeat;width: 125px;height:90px;margin-bottom: 5px;background-size: cover; \"><\/div>\n\t\t\t\t\t\t\t\t\t  <\/div>\n\t\t\t\t\t\t\t\t\t  \n\t\t\t\t\t\t\t\t   <span class=\"yuzo__text--title\" style=\"font-size:13px;\">Narrativas ocidentais absurdas contra a R\u00fassia lev...<\/span>\n\t\t\t\t\t\t\t  \n\t\t\t\t\t\t\t  \n\t\t\t\t\t\t\t  <\/a>\n\n\t\t\t\t\t\t  <\/div>\n<\/div> <script>\n\t\t\t\t\t\t  jQuery(document).ready(function( $ ){\n\t\t\t\t\t\t\t\/\/jQuery('.yuzo_related_post').equalizer({ overflow : 'relatedthumb' });\n\t\t\t\t\t\t\tjQuery('.yuzo_related_post .yuzo_wraps').equalizer({ columns : '> div' });\n\t\t\t\t\t\t   })\n\t\t\t\t\t\t  <\/script> <!-- End Yuzo :) -->","protected":false},"excerpt":{"rendered":"<p>O Minist\u00e9rio do Meio Ambiente e Mudan\u00e7a do Clima (MMA) lan\u00e7ou, em maio, o Painel de Monitoramento de Agrot\u00f3xicos nos Recursos H\u00eddricos. O objetivo \u00e9 avaliar o risco para a prote\u00e7\u00e3o da vida aqu\u00e1tica e ampliar a transpar\u00eancia sobre a ocorr\u00eancia de agrot\u00f3xicos nas bacias hidrogr\u00e1ficas do pa\u00eds. A plataforma, iniciativa in\u00e9dita, re\u00fane 213 amostras [&hellip;]<\/p>\n","protected":false},"author":2,"featured_media":0,"comment_status":"open","ping_status":"closed","sticky":false,"template":"","format":"standard","meta":{"fifu_image_url":"","fifu_image_alt":"","footnotes":""},"categories":[1768,7272,62220,61918,62221,2678,62222,32028,62223,62224,17,33907,7231,3007,62225,1689,62226,214,42062,62227,9122,56794,3823,20555,60147,62228,2288,62229],"tags":[],"class_list":["post-89244","post","type-post","status-publish","format-standard","hentry","category-agrotoxicos","category-amostras","category-atrazina","category-bacias-hidrograficas","category-bentazona","category-campanha-contra-os-agrotoxicos","category-colonialismo-quimico","category-contaminacao-da-agua","category-ecotoxicologia","category-forum-nacional-de-combate-aos-impactos","category-governo-lula","category-larissa-bombardi","category-mapeamento","category-ministerio-do-meio-ambiente","category-monitoramento-ambiental","category-movimentos-sociais","category-painel-de-monitoramento-de-agrotoxicos","category-politicas-publicas","category-poluicao-hidrica","category-programa-nacional-de-reducao-de-agrotoxicos","category-pronara","category-qualidade-da-agua","category-recursos-hidricos","category-riscos-ambientais","category-saude-ambiental","category-saude-humana","category-transparencia","category-vida-aquatica"],"_links":{"self":[{"href":"https:\/\/redept.com.br\/blogosfera\/wp-json\/wp\/v2\/posts\/89244","targetHints":{"allow":["GET"]}}],"collection":[{"href":"https:\/\/redept.com.br\/blogosfera\/wp-json\/wp\/v2\/posts"}],"about":[{"href":"https:\/\/redept.com.br\/blogosfera\/wp-json\/wp\/v2\/types\/post"}],"author":[{"embeddable":true,"href":"https:\/\/redept.com.br\/blogosfera\/wp-json\/wp\/v2\/users\/2"}],"replies":[{"embeddable":true,"href":"https:\/\/redept.com.br\/blogosfera\/wp-json\/wp\/v2\/comments?post=89244"}],"version-history":[{"count":0,"href":"https:\/\/redept.com.br\/blogosfera\/wp-json\/wp\/v2\/posts\/89244\/revisions"}],"wp:attachment":[{"href":"https:\/\/redept.com.br\/blogosfera\/wp-json\/wp\/v2\/media?parent=89244"}],"wp:term":[{"taxonomy":"category","embeddable":true,"href":"https:\/\/redept.com.br\/blogosfera\/wp-json\/wp\/v2\/categories?post=89244"},{"taxonomy":"post_tag","embeddable":true,"href":"https:\/\/redept.com.br\/blogosfera\/wp-json\/wp\/v2\/tags?post=89244"}],"curies":[{"name":"wp","href":"https:\/\/api.w.org\/{rel}","templated":true}]}}