{"id":89268,"date":"2026-05-28T16:28:57","date_gmt":"2026-05-28T19:28:57","guid":{"rendered":"https:\/\/redept.com.br\/blogosfera\/defender-a-vida-cuba-apresenta-novos-avancos-em-vacina-terapeutica-contra-o-cancer\/"},"modified":"2026-05-28T16:28:57","modified_gmt":"2026-05-28T19:28:57","slug":"defender-a-vida-cuba-apresenta-novos-avancos-em-vacina-terapeutica-contra-o-cancer","status":"publish","type":"post","link":"https:\/\/redept.com.br\/blogosfera\/defender-a-vida-cuba-apresenta-novos-avancos-em-vacina-terapeutica-contra-o-cancer\/","title":{"rendered":"Defender a vida: Cuba apresenta novos avan\u00e7os em vacina terap\u00eautica contra o c\u00e2ncer"},"content":{"rendered":"<p>Cientistas cubanos apresentam avan\u00e7os do HEBERSaVax, imunoterapia inovadora para o tratamento do c\u00e2ncer<\/p>\n<p><a href=\"https:\/\/www.brasildefato.com.br\/2026\/05\/28\/defender-a-vida-cuba-apresenta-novos-avancos-em-vacina-terapeutica-contra-o-cancer\/\" rel=\"nofollow\">Fonte<\/a><\/p>\n<!-- Begin Yuzo --><div class='yuzo_related_post style-1'  data-version='5.12.89'><!-- without result --><div class='yuzo_clearfixed yuzo__title yuzo__title'><h3>Related Post<\/h3><\/div>\n\t\t\t\t\t\t  <div class=\"relatedthumb \" style=\"width:125px;float:left;overflow:hidden;\">  \n\t\t\t\t\t\t\t  \n\t\t\t\t\t\t\t  <a  href=\"https:\/\/redept.com.br\/blogosfera\/ato-em-brasilia-denuncia-genocidio-contra-a-palestina-nesta-terca-19\/\"  >\n\t\t\t\t\t\t\t\t\t  <div class=\"yuzo-img-wrap \" style=\"width: 125px;height:90px;\">\n\t\t\t\t\t\t\t\t\t\t\n\t\t\t\t\t\t\t\t\t\t<div class=\"yuzo-img\" style=\"background:url('https:\/\/redept.org\/blogosfera\/wp-content\/plugins\/yuzo-related-post\/assets\/images\/default.png') 50% 50% no-repeat;width: 125px;height:90px;margin-bottom: 5px;background-size: cover; \"><\/div>\n\t\t\t\t\t\t\t\t\t  <\/div>\n\t\t\t\t\t\t\t\t\t  \n\t\t\t\t\t\t\t\t   <span class=\"yuzo__text--title\" style=\"font-size:13px;\">Ato em Bras\u00edlia denuncia genoc\u00eddio contra a Palest...<\/span>\n\t\t\t\t\t\t\t  \n\t\t\t\t\t\t\t  \n\t\t\t\t\t\t\t  <\/a>\n\n\t\t\t\t\t\t  <\/div>\n\t\t\t\t\t\t  <div class=\"relatedthumb \" style=\"width:125px;float:left;overflow:hidden;\">  \n\t\t\t\t\t\t\t  \n\t\t\t\t\t\t\t  <a  href=\"https:\/\/redept.com.br\/blogosfera\/rei-da-jordania-rejeita-o-plano-de-trump-de-remover-palestinos-mas-promete-levar-2-mil-criancas-doentes-de-gaza\/\"  >\n\t\t\t\t\t\t\t\t\t  <div class=\"yuzo-img-wrap \" style=\"width: 125px;height:90px;\">\n\t\t\t\t\t\t\t\t\t\t\n\t\t\t\t\t\t\t\t\t\t<div class=\"yuzo-img\" style=\"background:url('https:\/\/redept.org\/blogosfera\/wp-content\/plugins\/yuzo-related-post\/assets\/images\/default.png') 50% 50% no-repeat;width: 125px;height:90px;margin-bottom: 5px;background-size: cover; \"><\/div>\n\t\t\t\t\t\t\t\t\t  <\/div>\n\t\t\t\t\t\t\t\t\t  \n\t\t\t\t\t\t\t\t   <span class=\"yuzo__text--title\" style=\"font-size:13px;\">Rei da Jord\u00e2nia rejeita o plano de Trump de remove...<\/span>\n\t\t\t\t\t\t\t  \n\t\t\t\t\t\t\t  \n\t\t\t\t\t\t\t  <\/a>\n\n\t\t\t\t\t\t  <\/div>\n\t\t\t\t\t\t  <div class=\"relatedthumb \" style=\"width:125px;float:left;overflow:hidden;\">  \n\t\t\t\t\t\t\t  \n\t\t\t\t\t\t\t  <a  href=\"https:\/\/redept.com.br\/blogosfera\/moraes-retira-sigilo-de-videos-de-testemunhas-da-trama-golpista\/\"  >\n\t\t\t\t\t\t\t\t\t  <div class=\"yuzo-img-wrap \" style=\"width: 125px;height:90px;\">\n\t\t\t\t\t\t\t\t\t\t\n\t\t\t\t\t\t\t\t\t\t<div class=\"yuzo-img\" style=\"background:url('https:\/\/redept.org\/blogosfera\/wp-content\/plugins\/yuzo-related-post\/assets\/images\/default.png') 50% 50% no-repeat;width: 125px;height:90px;margin-bottom: 5px;background-size: cover; \"><\/div>\n\t\t\t\t\t\t\t\t\t  <\/div>\n\t\t\t\t\t\t\t\t\t  \n\t\t\t\t\t\t\t\t   <span class=\"yuzo__text--title\" style=\"font-size:13px;\">Moraes retira sigilo de v\u00eddeos de testemunhas da t...<\/span>\n\t\t\t\t\t\t\t  \n\t\t\t\t\t\t\t  \n\t\t\t\t\t\t\t  <\/a>\n\n\t\t\t\t\t\t  <\/div>\n\t\t\t\t\t\t  <div class=\"relatedthumb \" style=\"width:125px;float:left;overflow:hidden;\">  \n\t\t\t\t\t\t\t  \n\t\t\t\t\t\t\t  <a  href=\"https:\/\/redept.com.br\/blogosfera\/olho-seco-na-menopausa-nao-e-falta-de-agua-saiba-qual-hormonio-causa-o-problema\/\"  >\n\t\t\t\t\t\t\t\t\t  <div class=\"yuzo-img-wrap \" style=\"width: 125px;height:90px;\">\n\t\t\t\t\t\t\t\t\t\t\n\t\t\t\t\t\t\t\t\t\t<div class=\"yuzo-img\" style=\"background:url('https:\/\/redept.org\/blogosfera\/wp-content\/plugins\/yuzo-related-post\/assets\/images\/default.png') 50% 50% no-repeat;width: 125px;height:90px;margin-bottom: 5px;background-size: cover; \"><\/div>\n\t\t\t\t\t\t\t\t\t  <\/div>\n\t\t\t\t\t\t\t\t\t  \n\t\t\t\t\t\t\t\t   <span class=\"yuzo__text--title\" style=\"font-size:13px;\">Olho seco na menopausa n\u00e3o \u00e9 falta de \u00e1gua; saiba ...<\/span>\n\t\t\t\t\t\t\t  \n\t\t\t\t\t\t\t  \n\t\t\t\t\t\t\t  <\/a>\n\n\t\t\t\t\t\t  <\/div>\n<\/div> <script>\n\t\t\t\t\t\t  jQuery(document).ready(function( $ ){\n\t\t\t\t\t\t\t\/\/jQuery('.yuzo_related_post').equalizer({ overflow : 'relatedthumb' });\n\t\t\t\t\t\t\tjQuery('.yuzo_related_post .yuzo_wraps').equalizer({ columns : '> div' });\n\t\t\t\t\t\t   })\n\t\t\t\t\t\t  <\/script> <!-- End Yuzo :) -->","protected":false},"excerpt":{"rendered":"<p>Cientistas cubanos apresentam avan\u00e7os do HEBERSaVax, imunoterapia inovadora para o tratamento do c\u00e2ncer Fonte Related Post COP30 quer colocar oceanos no centro do debate sob&#8230; Rog\u00e9rio Carvalho destaca Lula como refer\u00eancia glob&#8230; Guarda Revolucion\u00e1ria do Ir\u00e3 rebate Trump e reiter&#8230; Petro diz que EUA atingiram regi\u00e3o costeira da Ven&#8230;<\/p>\n","protected":false},"author":2,"featured_media":0,"comment_status":"open","ping_status":"closed","sticky":false,"template":"","format":"standard","meta":{"fifu_image_url":"","fifu_image_alt":"","footnotes":""},"categories":[62231,49217,4016,2876,62232,62233,62234,62235,62236,62237,62238,62239,20134,1185,62240,62241,41686,62242,57783,9909,62243,62244,38387,50,62245,49226,1876,1976,50060,62246,62247],"tags":[],"class_list":["post-89268","post","type-post","status-publish","format-standard","hentry","category-academia-de-ciencias-de-cuba","category-biotecnologia-cubana","category-bloqueio-economico","category-cancer","category-cancer-colorretal","category-cancer-de-ovario","category-cancer-hepatico","category-cancer-renal","category-centro-de-engenharia-genetica-e-biotecnologia","category-ciencia-cubana","category-cigb","category-cirurgias-suspensas","category-crise-de-saude","category-cuba","category-doenca-cronica","category-doutora-yanelys-morera-diaz","category-embargo-dos-eua","category-ensaios-clinicos-fase-ii","category-falta-de-medicamentos","category-guerra-economica","category-hebersavax","category-hepatocarcinoma","category-imunoterapia","category-internacional","category-lista-de-espera","category-medicina-cubana","category-miguel-diaz-canel","category-qualidade-de-vida","category-sistema-de-saude-cubano","category-tumores-solidos","category-vacina-terapeutica"],"_links":{"self":[{"href":"https:\/\/redept.com.br\/blogosfera\/wp-json\/wp\/v2\/posts\/89268","targetHints":{"allow":["GET"]}}],"collection":[{"href":"https:\/\/redept.com.br\/blogosfera\/wp-json\/wp\/v2\/posts"}],"about":[{"href":"https:\/\/redept.com.br\/blogosfera\/wp-json\/wp\/v2\/types\/post"}],"author":[{"embeddable":true,"href":"https:\/\/redept.com.br\/blogosfera\/wp-json\/wp\/v2\/users\/2"}],"replies":[{"embeddable":true,"href":"https:\/\/redept.com.br\/blogosfera\/wp-json\/wp\/v2\/comments?post=89268"}],"version-history":[{"count":0,"href":"https:\/\/redept.com.br\/blogosfera\/wp-json\/wp\/v2\/posts\/89268\/revisions"}],"wp:attachment":[{"href":"https:\/\/redept.com.br\/blogosfera\/wp-json\/wp\/v2\/media?parent=89268"}],"wp:term":[{"taxonomy":"category","embeddable":true,"href":"https:\/\/redept.com.br\/blogosfera\/wp-json\/wp\/v2\/categories?post=89268"},{"taxonomy":"post_tag","embeddable":true,"href":"https:\/\/redept.com.br\/blogosfera\/wp-json\/wp\/v2\/tags?post=89268"}],"curies":[{"name":"wp","href":"https:\/\/api.w.org\/{rel}","templated":true}]}}