{"id":89302,"date":"2026-05-28T18:21:08","date_gmt":"2026-05-28T21:21:08","guid":{"rendered":"https:\/\/redept.com.br\/blogosfera\/sentado-na-pec-da-seguranca-alcolumbre-tende-a-avancar-no-senado-com-fim-da-6x1-devido-a-pressoes\/"},"modified":"2026-05-28T18:21:08","modified_gmt":"2026-05-28T21:21:08","slug":"sentado-na-pec-da-seguranca-alcolumbre-tende-a-avancar-no-senado-com-fim-da-6x1-devido-a-pressoes","status":"publish","type":"post","link":"https:\/\/redept.com.br\/blogosfera\/sentado-na-pec-da-seguranca-alcolumbre-tende-a-avancar-no-senado-com-fim-da-6x1-devido-a-pressoes\/","title":{"rendered":"\u2018Sentado\u2019 na PEC da Seguran\u00e7a, Alcolumbre tende a avan\u00e7ar no Senado com fim da 6\u00d71 devido a press\u00f5es"},"content":{"rendered":"<p>O avan\u00e7o da proposta pelo fim da escala 6\u00d71 no Senado j\u00e1 \u00e9 tratado nos bastidores de Bras\u00edlia como uma pauta dif\u00edcil de ser contida pelo comando da Casa. Senadores do Centr\u00e3o ouvidos pelo Brasil de Fato avaliam que o presidente do Senado, Davi Alcolumbre (Uni\u00e3o-AP), n\u00e3o deve \u201csegurar\u201d a tramita\u00e7\u00e3o da PEC aprovada na [\u2026]<\/p>\n<p><a href=\"https:\/\/www.brasildefato.com.br\/2026\/05\/28\/sentado-na-pec-da-seguranca-alcolumbre-tende-a-avancar-no-senado-com-fim-da-6x1-devido-a-pressoes\/\" rel=\"nofollow\">Fonte<\/a><\/p>\n<!-- Begin Yuzo --><div class='yuzo_related_post style-1'  data-version='5.12.89'><!-- without result --><div class='yuzo_clearfixed yuzo__title yuzo__title'><h3>Related Post<\/h3><\/div>\n\t\t\t\t\t\t  <div class=\"relatedthumb \" style=\"width:125px;float:left;overflow:hidden;\">  \n\t\t\t\t\t\t\t  \n\t\t\t\t\t\t\t  <a  href=\"https:\/\/redept.com.br\/blogosfera\/carnaval-do-pelo-tera-mais-de-150-atracoes-no-centro-historico-de-salvador-confira-programacao\/\"  >\n\t\t\t\t\t\t\t\t\t  <div class=\"yuzo-img-wrap \" style=\"width: 125px;height:90px;\">\n\t\t\t\t\t\t\t\t\t\t\n\t\t\t\t\t\t\t\t\t\t<div class=\"yuzo-img\" style=\"background:url('https:\/\/redept.org\/blogosfera\/wp-content\/plugins\/yuzo-related-post\/assets\/images\/default.png') 50% 50% no-repeat;width: 125px;height:90px;margin-bottom: 5px;background-size: cover; \"><\/div>\n\t\t\t\t\t\t\t\t\t  <\/div>\n\t\t\t\t\t\t\t\t\t  \n\t\t\t\t\t\t\t\t   <span class=\"yuzo__text--title\" style=\"font-size:13px;\">Carnaval do Pel\u00f4 ter\u00e1 mais de 150 atra\u00e7\u00f5es no Cent...<\/span>\n\t\t\t\t\t\t\t  \n\t\t\t\t\t\t\t  \n\t\t\t\t\t\t\t  <\/a>\n\n\t\t\t\t\t\t  <\/div>\n\t\t\t\t\t\t  <div class=\"relatedthumb \" style=\"width:125px;float:left;overflow:hidden;\">  \n\t\t\t\t\t\t\t  \n\t\t\t\t\t\t\t  <a  href=\"https:\/\/redept.com.br\/blogosfera\/marina-silva-na-cop30-fome-e-crise-climatica-devem-ser-combatidas-juntas\/\"  >\n\t\t\t\t\t\t\t\t\t  <div class=\"yuzo-img-wrap \" style=\"width: 125px;height:90px;\">\n\t\t\t\t\t\t\t\t\t\t\n\t\t\t\t\t\t\t\t\t\t<div class=\"yuzo-img\" style=\"background:url('https:\/\/redept.com.br\/blogosfera\/wp-content\/uploads\/2025\/11\/marina-e1762816862597-150x150.jpg') 50% 50% no-repeat;width: 125px;height:90px;margin-bottom: 5px;background-size: cover; \"><\/div>\n\t\t\t\t\t\t\t\t\t  <\/div>\n\t\t\t\t\t\t\t\t\t  \n\t\t\t\t\t\t\t\t   <span class=\"yuzo__text--title\" style=\"font-size:13px;\">Marina Silva na COP30: fome e crise clim\u00e1tica deve...<\/span>\n\t\t\t\t\t\t\t  \n\t\t\t\t\t\t\t  \n\t\t\t\t\t\t\t  <\/a>\n\n\t\t\t\t\t\t  <\/div>\n\t\t\t\t\t\t  <div class=\"relatedthumb \" style=\"width:125px;float:left;overflow:hidden;\">  \n\t\t\t\t\t\t\t  \n\t\t\t\t\t\t\t  <a  href=\"https:\/\/redept.com.br\/blogosfera\/na-ozzetti-e-convidada-do-show-quando-a-palavra-abraca-o-som-que-comemora-30-anos-do-grupo-fato-em-curitiba\/\"  >\n\t\t\t\t\t\t\t\t\t  <div class=\"yuzo-img-wrap \" style=\"width: 125px;height:90px;\">\n\t\t\t\t\t\t\t\t\t\t\n\t\t\t\t\t\t\t\t\t\t<div class=\"yuzo-img\" style=\"background:url('https:\/\/redept.org\/blogosfera\/wp-content\/plugins\/yuzo-related-post\/assets\/images\/default.png') 50% 50% no-repeat;width: 125px;height:90px;margin-bottom: 5px;background-size: cover; \"><\/div>\n\t\t\t\t\t\t\t\t\t  <\/div>\n\t\t\t\t\t\t\t\t\t  \n\t\t\t\t\t\t\t\t   <span class=\"yuzo__text--title\" style=\"font-size:13px;\">N\u00e1 Ozzetti \u00e9 convidada do show \u2018Quando a Pal...<\/span>\n\t\t\t\t\t\t\t  \n\t\t\t\t\t\t\t  \n\t\t\t\t\t\t\t  <\/a>\n\n\t\t\t\t\t\t  <\/div>\n\t\t\t\t\t\t  <div class=\"relatedthumb \" style=\"width:125px;float:left;overflow:hidden;\">  \n\t\t\t\t\t\t\t  \n\t\t\t\t\t\t\t  <a  href=\"https:\/\/redept.com.br\/blogosfera\/receita-federal-volta-a-negar-taxacao-do-pix-e-alerta-para-golpes\/\"  >\n\t\t\t\t\t\t\t\t\t  <div class=\"yuzo-img-wrap \" style=\"width: 125px;height:90px;\">\n\t\t\t\t\t\t\t\t\t\t\n\t\t\t\t\t\t\t\t\t\t<div class=\"yuzo-img\" style=\"background:url('https:\/\/redept.org\/blogosfera\/wp-content\/plugins\/yuzo-related-post\/assets\/images\/default.png') 50% 50% no-repeat;width: 125px;height:90px;margin-bottom: 5px;background-size: cover; \"><\/div>\n\t\t\t\t\t\t\t\t\t  <\/div>\n\t\t\t\t\t\t\t\t\t  \n\t\t\t\t\t\t\t\t   <span class=\"yuzo__text--title\" style=\"font-size:13px;\">Receita Federal volta a negar taxa\u00e7\u00e3o do Pix e ale...<\/span>\n\t\t\t\t\t\t\t  \n\t\t\t\t\t\t\t  \n\t\t\t\t\t\t\t  <\/a>\n\n\t\t\t\t\t\t  <\/div>\n<\/div> <script>\n\t\t\t\t\t\t  jQuery(document).ready(function( $ ){\n\t\t\t\t\t\t\t\/\/jQuery('.yuzo_related_post').equalizer({ overflow : 'relatedthumb' });\n\t\t\t\t\t\t\tjQuery('.yuzo_related_post .yuzo_wraps').equalizer({ columns : '> div' });\n\t\t\t\t\t\t   })\n\t\t\t\t\t\t  <\/script> <!-- End Yuzo :) -->","protected":false},"excerpt":{"rendered":"<p>O avan\u00e7o da proposta pelo fim da escala 6\u00d71 no Senado j\u00e1 \u00e9 tratado nos bastidores de Bras\u00edlia como uma pauta dif\u00edcil de ser contida pelo comando da Casa. Senadores do Centr\u00e3o ouvidos pelo Brasil de Fato avaliam que o presidente do Senado, Davi Alcolumbre (Uni\u00e3o-AP), n\u00e3o deve \u201csegurar\u201d a tramita\u00e7\u00e3o da PEC aprovada na [&hellip;]<\/p>\n","protected":false},"author":2,"featured_media":0,"comment_status":"open","ping_status":"closed","sticky":false,"template":"","format":"standard","meta":{"fifu_image_url":"","fifu_image_alt":"","footnotes":""},"categories":[41469,62326,298,395,28471,5549,3431,3324,1961,1679,1030,1963,2008,17,5819,47418,479,16965,61194,4082,132,5422,23134,1612,1970,62327,1442,21026,4720,377,5451,893],"tags":[],"class_list":["post-89302","post","type-post","status-publish","format-standard","hentry","category-base-do-governo","category-bastidores-de-brasilia","category-camara-dos-deputados","category-centrao","category-comissao-de-assuntos-economicos","category-comissao-de-constituicao-e-justica","category-constitucionalidade","category-davi-alcolumbre","category-debate-politico","category-direitos-trabalhistas","category-emprego","category-escala-6x1","category-fim-da-escala-6x1","category-governo-lula","category-jaques-wagner","category-jornada-de-trabalho-40-horas","category-movimento-sindical","category-pec-da-seguranca-publica","category-pec-do-fim-da-escala-6x1","category-plenario","category-politica","category-politica-brasileira","category-pressao-popular","category-psd","category-reducao-da-jornada-de-trabalho","category-reducao-de-horas","category-reforma-trabalhista","category-renan-calheiros","category-senado-federal","category-trabalho","category-uniao-brasil","category-votacao"],"_links":{"self":[{"href":"https:\/\/redept.com.br\/blogosfera\/wp-json\/wp\/v2\/posts\/89302","targetHints":{"allow":["GET"]}}],"collection":[{"href":"https:\/\/redept.com.br\/blogosfera\/wp-json\/wp\/v2\/posts"}],"about":[{"href":"https:\/\/redept.com.br\/blogosfera\/wp-json\/wp\/v2\/types\/post"}],"author":[{"embeddable":true,"href":"https:\/\/redept.com.br\/blogosfera\/wp-json\/wp\/v2\/users\/2"}],"replies":[{"embeddable":true,"href":"https:\/\/redept.com.br\/blogosfera\/wp-json\/wp\/v2\/comments?post=89302"}],"version-history":[{"count":0,"href":"https:\/\/redept.com.br\/blogosfera\/wp-json\/wp\/v2\/posts\/89302\/revisions"}],"wp:attachment":[{"href":"https:\/\/redept.com.br\/blogosfera\/wp-json\/wp\/v2\/media?parent=89302"}],"wp:term":[{"taxonomy":"category","embeddable":true,"href":"https:\/\/redept.com.br\/blogosfera\/wp-json\/wp\/v2\/categories?post=89302"},{"taxonomy":"post_tag","embeddable":true,"href":"https:\/\/redept.com.br\/blogosfera\/wp-json\/wp\/v2\/tags?post=89302"}],"curies":[{"name":"wp","href":"https:\/\/api.w.org\/{rel}","templated":true}]}}