{"id":89483,"date":"2026-05-29T20:30:42","date_gmt":"2026-05-29T23:30:42","guid":{"rendered":"https:\/\/redept.com.br\/blogosfera\/lula-diz-sonhar-em-reverter-privatizacoes-de-empresas-estrategicas\/"},"modified":"2026-05-29T20:30:42","modified_gmt":"2026-05-29T23:30:42","slug":"lula-diz-sonhar-em-reverter-privatizacoes-de-empresas-estrategicas","status":"publish","type":"post","link":"https:\/\/redept.com.br\/blogosfera\/lula-diz-sonhar-em-reverter-privatizacoes-de-empresas-estrategicas\/","title":{"rendered":"Lula diz sonhar em reverter privatiza\u00e7\u00f5es de empresas estrat\u00e9gicas"},"content":{"rendered":"<p>O presidente Luiz In\u00e1cio Lula da Silva disse nesta sexta-feira (29), em evento em Sergipe, \u201csonhar\u201d em reverter a privatiza\u00e7\u00e3o de empresas como a Eletrobras e a BR Distribuidora. Em tom cr\u00edtico aos processos de venda de estatais durante governos anteriores, afirmou que as privatiza\u00e7\u00f5es ocorrem quando h\u00e1 \u201cfalta de compet\u00eancia\u201d por parte dos gestores [\u2026]<\/p>\n<p><a href=\"https:\/\/www.brasildefato.com.br\/2026\/05\/29\/lula-diz-sonhar-em-reverter-privatizacoes-de-empresas-estrategicas\/\" rel=\"nofollow\">Fonte<\/a><\/p>\n<!-- Begin Yuzo --><div class='yuzo_related_post style-1'  data-version='5.12.89'><!-- without result --><div class='yuzo_clearfixed yuzo__title yuzo__title'><h3>Related Post<\/h3><\/div>\n\t\t\t\t\t\t  <div class=\"relatedthumb \" style=\"width:125px;float:left;overflow:hidden;\">  \n\t\t\t\t\t\t\t  \n\t\t\t\t\t\t\t  <a  href=\"https:\/\/redept.com.br\/blogosfera\/trabalho-pessoas-trans-enfrentam-rejeicoes-em-busca-de-vagas-formais\/\"  >\n\t\t\t\t\t\t\t\t\t  <div class=\"yuzo-img-wrap \" style=\"width: 125px;height:90px;\">\n\t\t\t\t\t\t\t\t\t\t\n\t\t\t\t\t\t\t\t\t\t<div class=\"yuzo-img\" style=\"background:url('https:\/\/redept.org\/blogosfera\/wp-content\/plugins\/yuzo-related-post\/assets\/images\/default.png') 50% 50% no-repeat;width: 125px;height:90px;margin-bottom: 5px;background-size: cover; \"><\/div>\n\t\t\t\t\t\t\t\t\t  <\/div>\n\t\t\t\t\t\t\t\t\t  \n\t\t\t\t\t\t\t\t   <span class=\"yuzo__text--title\" style=\"font-size:13px;\">Trabalho: Pessoas trans enfrentam rejei\u00e7\u00f5es em bus...<\/span>\n\t\t\t\t\t\t\t  \n\t\t\t\t\t\t\t  \n\t\t\t\t\t\t\t  <\/a>\n\n\t\t\t\t\t\t  <\/div>\n\t\t\t\t\t\t  <div class=\"relatedthumb \" style=\"width:125px;float:left;overflow:hidden;\">  \n\t\t\t\t\t\t\t  \n\t\t\t\t\t\t\t  <a  href=\"https:\/\/redept.com.br\/blogosfera\/ei-voce-ai-tambem-precisa-do-carnaval-de-rua-por-angela-hofmann\/\"  >\n\t\t\t\t\t\t\t\t\t  <div class=\"yuzo-img-wrap \" style=\"width: 125px;height:90px;\">\n\t\t\t\t\t\t\t\t\t\t\n\t\t\t\t\t\t\t\t\t\t<div class=\"yuzo-img\" style=\"background:url('https:\/\/redept.org\/blogosfera\/wp-content\/plugins\/yuzo-related-post\/assets\/images\/default.png') 50% 50% no-repeat;width: 125px;height:90px;margin-bottom: 5px;background-size: cover; \"><\/div>\n\t\t\t\t\t\t\t\t\t  <\/div>\n\t\t\t\t\t\t\t\t\t  \n\t\t\t\t\t\t\t\t   <span class=\"yuzo__text--title\" style=\"font-size:13px;\">Ei! Voc\u00ea a\u00ed tamb\u00e9m precisa do Carnaval de rua (por...<\/span>\n\t\t\t\t\t\t\t  \n\t\t\t\t\t\t\t  \n\t\t\t\t\t\t\t  <\/a>\n\n\t\t\t\t\t\t  <\/div>\n\t\t\t\t\t\t  <div class=\"relatedthumb \" style=\"width:125px;float:left;overflow:hidden;\">  \n\t\t\t\t\t\t\t  \n\t\t\t\t\t\t\t  <a  href=\"https:\/\/redept.com.br\/blogosfera\/cuba-e-taiwan-no-apagar-das-ilhas-as-disputas-globais\/\"  >\n\t\t\t\t\t\t\t\t\t  <div class=\"yuzo-img-wrap \" style=\"width: 125px;height:90px;\">\n\t\t\t\t\t\t\t\t\t\t\n\t\t\t\t\t\t\t\t\t\t<div class=\"yuzo-img\" style=\"background:url('https:\/\/redept.com.br\/blogosfera\/wp-content\/uploads\/2026\/06\/Screenshot-2026-06-17-at-18-29-45-Apagon-en-Cuba-1068x601-1jpg-imagem-JPEG-1068-601-pixels-150x150.jpg') 50% 50% no-repeat;width: 125px;height:90px;margin-bottom: 5px;background-size: cover; \"><\/div>\n\t\t\t\t\t\t\t\t\t  <\/div>\n\t\t\t\t\t\t\t\t\t  \n\t\t\t\t\t\t\t\t   <span class=\"yuzo__text--title\" style=\"font-size:13px;\">Cuba e Taiwan: no apagar das ilhas, as disputas gl...<\/span>\n\t\t\t\t\t\t\t  \n\t\t\t\t\t\t\t  \n\t\t\t\t\t\t\t  <\/a>\n\n\t\t\t\t\t\t  <\/div>\n\t\t\t\t\t\t  <div class=\"relatedthumb \" style=\"width:125px;float:left;overflow:hidden;\">  \n\t\t\t\t\t\t\t  \n\t\t\t\t\t\t\t  <a  href=\"https:\/\/redept.com.br\/blogosfera\/lula-segue-na-lideranca-segundo-btg-nexus\/\"  >\n\t\t\t\t\t\t\t\t\t  <div class=\"yuzo-img-wrap \" style=\"width: 125px;height:90px;\">\n\t\t\t\t\t\t\t\t\t\t\n\t\t\t\t\t\t\t\t\t\t<div class=\"yuzo-img\" style=\"background:url('https:\/\/redept.com.br\/blogosfera\/wp-content\/uploads\/2026\/08\/IMG-20260803-WA0032-1-150x150.jpg') 50% 50% no-repeat;width: 125px;height:90px;margin-bottom: 5px;background-size: cover; \"><\/div>\n\t\t\t\t\t\t\t\t\t  <\/div>\n\t\t\t\t\t\t\t\t\t  \n\t\t\t\t\t\t\t\t   <span class=\"yuzo__text--title\" style=\"font-size:13px;\">Lula segue na lideran\u00e7a, segundo BTG\/Nexus<\/span>\n\t\t\t\t\t\t\t  \n\t\t\t\t\t\t\t  \n\t\t\t\t\t\t\t  <\/a>\n\n\t\t\t\t\t\t  <\/div>\n<\/div> <script>\n\t\t\t\t\t\t  jQuery(document).ready(function( $ ){\n\t\t\t\t\t\t\t\/\/jQuery('.yuzo_related_post').equalizer({ overflow : 'relatedthumb' });\n\t\t\t\t\t\t\tjQuery('.yuzo_related_post .yuzo_wraps').equalizer({ columns : '> div' });\n\t\t\t\t\t\t   })\n\t\t\t\t\t\t  <\/script> <!-- End Yuzo :) -->","protected":false},"excerpt":{"rendered":"<p>O presidente Luiz In\u00e1cio Lula da Silva disse nesta sexta-feira (29), em evento em Sergipe, \u201csonhar\u201d em reverter a privatiza\u00e7\u00e3o de empresas como a Eletrobras e a BR Distribuidora. Em tom cr\u00edtico aos processos de venda de estatais durante governos anteriores, afirmou que as privatiza\u00e7\u00f5es ocorrem quando h\u00e1 \u201cfalta de compet\u00eancia\u201d por parte dos gestores [&hellip;]<\/p>\n","protected":false},"author":2,"featured_media":0,"comment_status":"open","ping_status":"closed","sticky":false,"template":"","format":"standard","meta":{"fifu_image_url":"","fifu_image_alt":"","footnotes":""},"categories":[3850,62846,62847,12358,221,17505,3254,62848,62677,9178,13763,62849,161,62850,62851,112,62852,1647,4992,25103,501,62853,46867,954,62854,480,62855],"tags":[],"class_list":["post-89483","post","type-post","status-publish","format-standard","hentry","category-br-distribuidora","category-compra-de-volta","category-criticas-a-privatizacao","category-discurso","category-economia","category-eletrobras","category-empresas-estatais","category-empresas-estrategicas","category-fafen-se","category-fertilizantes","category-gestao-publica","category-governo-anterior","category-governo-federal","category-incompetencia","category-laranjeiras","category-lula","category-obstaculos-legais","category-petrobras","category-politica-economica","category-politica-industrial","category-privatizacao","category-reativacao","category-reestatizacao","category-sergipe","category-sonho-politico","category-trabalhadores","category-venda-de-estatais"],"_links":{"self":[{"href":"https:\/\/redept.com.br\/blogosfera\/wp-json\/wp\/v2\/posts\/89483","targetHints":{"allow":["GET"]}}],"collection":[{"href":"https:\/\/redept.com.br\/blogosfera\/wp-json\/wp\/v2\/posts"}],"about":[{"href":"https:\/\/redept.com.br\/blogosfera\/wp-json\/wp\/v2\/types\/post"}],"author":[{"embeddable":true,"href":"https:\/\/redept.com.br\/blogosfera\/wp-json\/wp\/v2\/users\/2"}],"replies":[{"embeddable":true,"href":"https:\/\/redept.com.br\/blogosfera\/wp-json\/wp\/v2\/comments?post=89483"}],"version-history":[{"count":0,"href":"https:\/\/redept.com.br\/blogosfera\/wp-json\/wp\/v2\/posts\/89483\/revisions"}],"wp:attachment":[{"href":"https:\/\/redept.com.br\/blogosfera\/wp-json\/wp\/v2\/media?parent=89483"}],"wp:term":[{"taxonomy":"category","embeddable":true,"href":"https:\/\/redept.com.br\/blogosfera\/wp-json\/wp\/v2\/categories?post=89483"},{"taxonomy":"post_tag","embeddable":true,"href":"https:\/\/redept.com.br\/blogosfera\/wp-json\/wp\/v2\/tags?post=89483"}],"curies":[{"name":"wp","href":"https:\/\/api.w.org\/{rel}","templated":true}]}}