{"id":89606,"date":"2026-05-30T15:10:37","date_gmt":"2026-05-30T18:10:37","guid":{"rendered":"https:\/\/redept.com.br\/blogosfera\/governo-brasileiro-anuncia-envio-de-ajuda-humanitaria-a-bolivia\/"},"modified":"2026-05-30T15:10:37","modified_gmt":"2026-05-30T18:10:37","slug":"governo-brasileiro-anuncia-envio-de-ajuda-humanitaria-a-bolivia","status":"publish","type":"post","link":"https:\/\/redept.com.br\/blogosfera\/governo-brasileiro-anuncia-envio-de-ajuda-humanitaria-a-bolivia\/","title":{"rendered":"Governo brasileiro anuncia envio de ajuda humanit\u00e1ria \u00e0 Bol\u00edvia"},"content":{"rendered":"<p>O governo do Brasil anunciou nesta sexta-feira (29\/05) a doa\u00e7\u00e3o de 16 toneladas de arroz e 5 toneladas de leite em p\u00f3 integral para a Bol\u00edvia, pa\u00eds que enfrenta uma crise pol\u00edtica, econ\u00f4mica e social marcada por uma onda de protestos e bloqueios de estradas.<\/p>\n<p>Os alimentos sa\u00edram da Base A\u00e9rea de Canoas, no Rio Grande do Sul, e est\u00e3o sendo transportados por um avi\u00e3o cargueiro KC-390 da FAB (For\u00e7a A\u00e9rea Brasileira), com previs\u00e3o de chegada a La Paz ainda nesta tarde. A capital boliviana \u00e9 uma das cidades afetadas pelo desabastecimento.<\/p>\n<p>De acordo com o Minist\u00e9rio das Rela\u00e7\u00f5es Exteriores, a doa\u00e7\u00e3o n\u00e3o compromete o abastecimento interno do Brasil.<\/p>\n<p>De acordo com o governo brasileiro, o envio da ajuda humanit\u00e1ria atende a um pedido feito pelo presidente da Bol\u00edvia durante conversa por telefone com o presidente Luiz In\u00e1cio Lula da Silva, realizada nesta segunda-feira (23\/05). Na ocasi\u00e3o, os dois discutiram a situa\u00e7\u00e3o humanit\u00e1ria do pa\u00eds em meio aos protestos e bloqueios de estradas.<\/p>\n<figure aria-describedby=\"caption-attachment-256073\"><img loading=\"lazy\" loading=\"lazy\" decoding=\"async\"src=\"https:\/\/redept.com.br\/blogosfera\/wp-content\/uploads\/2026\/05\/19f0cc5d-808b-45aa-9510-21ccece76316.png\" alt=\"\" width=\"560\" height=\"370\" srcset=\"https:\/\/redept.com.br\/blogosfera\/wp-content\/uploads\/2026\/05\/19f0cc5d-808b-45aa-9510-21ccece76316.png 560w, https:\/\/operamundi.uol.com.br\/wp-content\/uploads\/2026\/05\/19f0cc5d-808b-45aa-9510-21ccece76316-300x198.png 300w, https:\/\/operamundi.uol.com.br\/wp-content\/uploads\/2026\/05\/19f0cc5d-808b-45aa-9510-21ccece76316-150x99.png 150w\" sizes=\"auto, (max-width: 560px) 100vw, 560px\"><figcaption>Brasil envia 21 toneladas de alimentos \u00e0 Bol\u00edvia em a\u00e7\u00e3o de coopera\u00e7\u00e3o humanit\u00e1ria &lt;br\/ &gt; divulga\u00e7\u00e3o<\/figcaption><\/figure>\n<p>Os protestos s\u00e3o motivados por mudan\u00e7as na pol\u00edtica agr\u00e1ria e por reivindica\u00e7\u00f5es relacionadas \u00e0 qualidade e ao abastecimento de combust\u00edvel. As manifesta\u00e7\u00f5es levaram grupos a bloquear estradas em diferentes regi\u00f5es do pa\u00eds, gerando confrontos com a pol\u00edcia, que reagiu com bombas de g\u00e1s.<\/p>\n<p>Segundo nota publicada pelo Pal\u00e1cio do Planalto, a opera\u00e7\u00e3o foi coordenada pela Ag\u00eancia Brasileira de Coopera\u00e7\u00e3o, vinculada ao Minist\u00e9rio das Rela\u00e7\u00f5es Exteriores, em conjunto com os minist\u00e9rios do Desenvolvimento e Assist\u00eancia Social, do Desenvolvimento Agr\u00e1rio, da Defesa, da Fazenda e da Justi\u00e7a e Seguran\u00e7a P\u00fablica.<\/p>\n<p>O post Governo brasileiro anuncia envio de ajuda humanit\u00e1ria \u00e0 Bol\u00edvia apareceu primeiro em Opera Mundi.<\/p>\n<!-- Begin Yuzo --><div class='yuzo_related_post style-1'  data-version='5.12.89'><!-- without result --><div class='yuzo_clearfixed yuzo__title yuzo__title'><h3>Related Post<\/h3><\/div>\n\t\t\t\t\t\t  <div class=\"relatedthumb \" style=\"width:125px;float:left;overflow:hidden;\">  \n\t\t\t\t\t\t\t  \n\t\t\t\t\t\t\t  <a  href=\"https:\/\/redept.com.br\/blogosfera\/apesar-do-cessar-fogo-israel-promete-usar-toda-a-forca-no-libano-contra-qualquer-ameaca\/\"  >\n\t\t\t\t\t\t\t\t\t  <div class=\"yuzo-img-wrap \" style=\"width: 125px;height:90px;\">\n\t\t\t\t\t\t\t\t\t\t\n\t\t\t\t\t\t\t\t\t\t<div class=\"yuzo-img\" style=\"background:url('https:\/\/redept.com.br\/blogosfera\/wp-content\/uploads\/2026\/04\/he90xvbaqaawnjj-150x150.jpeg') 50% 50% no-repeat;width: 125px;height:90px;margin-bottom: 5px;background-size: cover; \"><\/div>\n\t\t\t\t\t\t\t\t\t  <\/div>\n\t\t\t\t\t\t\t\t\t  \n\t\t\t\t\t\t\t\t   <span class=\"yuzo__text--title\" style=\"font-size:13px;\">Apesar do cessar-fogo, Israel promete usar \u2018toda a...<\/span>\n\t\t\t\t\t\t\t  \n\t\t\t\t\t\t\t  \n\t\t\t\t\t\t\t  <\/a>\n\n\t\t\t\t\t\t  <\/div>\n\t\t\t\t\t\t  <div class=\"relatedthumb \" style=\"width:125px;float:left;overflow:hidden;\">  \n\t\t\t\t\t\t\t  \n\t\t\t\t\t\t\t  <a  href=\"https:\/\/redept.com.br\/blogosfera\/otan-a-diplomacia-de-canhoes-no-sul-global\/\"  >\n\t\t\t\t\t\t\t\t\t  <div class=\"yuzo-img-wrap \" style=\"width: 125px;height:90px;\">\n\t\t\t\t\t\t\t\t\t\t\n\t\t\t\t\t\t\t\t\t\t<div class=\"yuzo-img\" style=\"background:url('https:\/\/redept.com.br\/blogosfera\/wp-content\/uploads\/2025\/06\/de2ba00c-3d8a-4257-8fc9-30b2383f5fe6-1-150x150.jpg') 50% 50% no-repeat;width: 125px;height:90px;margin-bottom: 5px;background-size: cover; \"><\/div>\n\t\t\t\t\t\t\t\t\t  <\/div>\n\t\t\t\t\t\t\t\t\t  \n\t\t\t\t\t\t\t\t   <span class=\"yuzo__text--title\" style=\"font-size:13px;\">Otan: A diplomacia de canh\u00f5es no Sul global<\/span>\n\t\t\t\t\t\t\t  \n\t\t\t\t\t\t\t  \n\t\t\t\t\t\t\t  <\/a>\n\n\t\t\t\t\t\t  <\/div>\n\t\t\t\t\t\t  <div class=\"relatedthumb \" style=\"width:125px;float:left;overflow:hidden;\">  \n\t\t\t\t\t\t\t  \n\t\t\t\t\t\t\t  <a  href=\"https:\/\/redept.com.br\/blogosfera\/ganhar-ou-perder\/\"  >\n\t\t\t\t\t\t\t\t\t  <div class=\"yuzo-img-wrap \" style=\"width: 125px;height:90px;\">\n\t\t\t\t\t\t\t\t\t\t\n\t\t\t\t\t\t\t\t\t\t<div class=\"yuzo-img\" style=\"background:url('https:\/\/redept.org\/blogosfera\/wp-content\/plugins\/yuzo-related-post\/assets\/images\/default.png') 50% 50% no-repeat;width: 125px;height:90px;margin-bottom: 5px;background-size: cover; \"><\/div>\n\t\t\t\t\t\t\t\t\t  <\/div>\n\t\t\t\t\t\t\t\t\t  \n\t\t\t\t\t\t\t\t   <span class=\"yuzo__text--title\" style=\"font-size:13px;\">Ganhar ou Perder<\/span>\n\t\t\t\t\t\t\t  \n\t\t\t\t\t\t\t  \n\t\t\t\t\t\t\t  <\/a>\n\n\t\t\t\t\t\t  <\/div>\n\t\t\t\t\t\t  <div class=\"relatedthumb \" style=\"width:125px;float:left;overflow:hidden;\">  \n\t\t\t\t\t\t\t  \n\t\t\t\t\t\t\t  <a  href=\"https:\/\/redept.com.br\/blogosfera\/lula-critica-tarifas-arbitrarias-de-trump-em-discurso-na-celac-guerras-comerciais-nao-tem-vencedores\/\"  >\n\t\t\t\t\t\t\t\t\t  <div class=\"yuzo-img-wrap \" style=\"width: 125px;height:90px;\">\n\t\t\t\t\t\t\t\t\t\t\n\t\t\t\t\t\t\t\t\t\t<div class=\"yuzo-img\" style=\"background:url('https:\/\/redept.org\/blogosfera\/wp-content\/plugins\/yuzo-related-post\/assets\/images\/default.png') 50% 50% no-repeat;width: 125px;height:90px;margin-bottom: 5px;background-size: cover; \"><\/div>\n\t\t\t\t\t\t\t\t\t  <\/div>\n\t\t\t\t\t\t\t\t\t  \n\t\t\t\t\t\t\t\t   <span class=\"yuzo__text--title\" style=\"font-size:13px;\">Lula critica \u2018tarifas arbitr\u00e1rias\u2019 de Trump em dis...<\/span>\n\t\t\t\t\t\t\t  \n\t\t\t\t\t\t\t  \n\t\t\t\t\t\t\t  <\/a>\n\n\t\t\t\t\t\t  <\/div>\n<\/div> <script>\n\t\t\t\t\t\t  jQuery(document).ready(function( $ ){\n\t\t\t\t\t\t\t\/\/jQuery('.yuzo_related_post').equalizer({ overflow : 'relatedthumb' });\n\t\t\t\t\t\t\tjQuery('.yuzo_related_post .yuzo_wraps').equalizer({ columns : '> div' });\n\t\t\t\t\t\t   })\n\t\t\t\t\t\t  <\/script> <!-- End Yuzo :) -->","protected":false},"excerpt":{"rendered":"<p>O governo do Brasil anunciou nesta sexta-feira (29\/05) a doa\u00e7\u00e3o de 16 toneladas de arroz e 5 toneladas de leite em p\u00f3 integral para a Bol\u00edvia, pa\u00eds que enfrenta uma crise pol\u00edtica, econ\u00f4mica e social marcada por uma onda de protestos e bloqueios de estradas. Os alimentos sa\u00edram da Base A\u00e9rea de Canoas, no Rio [\u2026]<\/p>\n<p>O post <a href=\"https:\/\/operamundi.uol.com.br\/brasil\/governo-brasileiro-anuncia-envio-de-ajuda-humanitaria-a-bolivia\/\">Governo brasileiro anuncia envio de ajuda humanit\u00e1ria \u00e0 Bol\u00edvia<\/a> apareceu primeiro em <a href=\"https:\/\/operamundi.uol.com.br\/\">Opera Mundi<\/a>.<\/p>\n","protected":false},"author":2,"featured_media":89607,"comment_status":"closed","ping_status":"closed","sticky":false,"template":"","format":"standard","meta":{"fifu_image_url":"","fifu_image_alt":"","footnotes":""},"categories":[2538,45,4129,57912,645,7551,19],"tags":[],"class_list":["post-89606","post","type-post","status-publish","format-standard","has-post-thumbnail","hentry","category-bolivia","category-brasil","category-crise-humanitaria","category-la-paz","category-ministerio-das-relacoes-exteriores","category-palacio-do-planalto","category-rio-grande-do-sul"],"_links":{"self":[{"href":"https:\/\/redept.com.br\/blogosfera\/wp-json\/wp\/v2\/posts\/89606","targetHints":{"allow":["GET"]}}],"collection":[{"href":"https:\/\/redept.com.br\/blogosfera\/wp-json\/wp\/v2\/posts"}],"about":[{"href":"https:\/\/redept.com.br\/blogosfera\/wp-json\/wp\/v2\/types\/post"}],"author":[{"embeddable":true,"href":"https:\/\/redept.com.br\/blogosfera\/wp-json\/wp\/v2\/users\/2"}],"replies":[{"embeddable":true,"href":"https:\/\/redept.com.br\/blogosfera\/wp-json\/wp\/v2\/comments?post=89606"}],"version-history":[{"count":0,"href":"https:\/\/redept.com.br\/blogosfera\/wp-json\/wp\/v2\/posts\/89606\/revisions"}],"wp:featuredmedia":[{"embeddable":true,"href":"https:\/\/redept.com.br\/blogosfera\/wp-json\/wp\/v2\/media\/89607"}],"wp:attachment":[{"href":"https:\/\/redept.com.br\/blogosfera\/wp-json\/wp\/v2\/media?parent=89606"}],"wp:term":[{"taxonomy":"category","embeddable":true,"href":"https:\/\/redept.com.br\/blogosfera\/wp-json\/wp\/v2\/categories?post=89606"},{"taxonomy":"post_tag","embeddable":true,"href":"https:\/\/redept.com.br\/blogosfera\/wp-json\/wp\/v2\/tags?post=89606"}],"curies":[{"name":"wp","href":"https:\/\/api.w.org\/{rel}","templated":true}]}}