{"id":89660,"date":"2026-05-31T21:10:12","date_gmt":"2026-06-01T00:10:12","guid":{"rendered":"https:\/\/redept.com.br\/blogosfera\/abelardo-de-la-espriella-comemora-vitoria-no-primeiro-turno-e-chama-petro-de-tirano\/"},"modified":"2026-05-31T21:10:12","modified_gmt":"2026-06-01T00:10:12","slug":"abelardo-de-la-espriella-comemora-vitoria-no-primeiro-turno-e-chama-petro-de-tirano","status":"publish","type":"post","link":"https:\/\/redept.com.br\/blogosfera\/abelardo-de-la-espriella-comemora-vitoria-no-primeiro-turno-e-chama-petro-de-tirano\/","title":{"rendered":"Abelardo de la Espriella comemora vit\u00f3ria no primeiro turno e chama Petro de \u2018tirano\u2019"},"content":{"rendered":"<p>O advogado de ultradireita Abelardo de la Espriella (Defensores de la Patria) comemorou a vit\u00f3ria do primeiro turno para as elei\u00e7\u00f5es presidenciais da Col\u00f4mbia, realizado neste domingo (31\/05), afirmando que vai \u201cderrotar a tirania e o absolutismo\u201d do atual partido governista de esquerda, comandado por Gustavo Petro \u2013 respons\u00e1vel pela estrat\u00e9gia de \u201cpaz total\u201d para desarticular os conflitos no pa\u00eds.<\/p>\n<p>\u201cChegamos \u00e0 segunda rodada gra\u00e7as aos mais de 10 milh\u00f5es de colombianos que responderam ao rugido\u201d, disse De la Espriella, que se autodenomina \u2018El Tigre\u2019 (O Tigre), em uma publica\u00e7\u00e3o em suas redes sociais ap\u00f3s saber desses resultados preliminares.<\/p>\n<p>Com 99,90% do total j\u00e1 contabilizado, o ultraliberal aparece com 10,3 milh\u00f5es de votos, equivalentes a 43,73%, e n\u00e3o pode ser mais ultrapassado pelos demais candidatos.<\/p>\n<p>Ele acrescentou que, em 21 dias, quando ocorrer o segundo turno, eles mudar\u00e3o \u201ca hist\u00f3ria da Col\u00f4mbia para sempre\u201d. \u201cPor ora, vamos celebrar esta vit\u00f3ria do \u2018nunca antes\u2019, daqueles de n\u00f3s que nunca vivemos \u00e0s custas do Estado, daqueles de n\u00f3s que nunca nos envolvemos em manobras pol\u00edticas\u201d, disse ele em sua breve mensagem.<\/p>\n<blockquote data-media-max-width=\"560\">\n<p dir=\"ltr\" lang=\"es\">\u00a1Vamos a derrotar la tiran\u00eda y el absolutismo!<\/p>\n<p>Pasamos a segunda vuelta gracias a los m\u00e1s de 10 millones de colombianos que respondieron al rugido.<\/p>\n<p>\u00a1En 21 d\u00edas haremos historia!<\/p>\n<p>Los espero en el cubo de cristal del Malec\u00f3n del R\u00edo, para celebrar juntos esta victoria.<\/p>\n<p>Hoy m\u00e1s\u2026 pic.twitter.com\/wf7ANOusVZ<\/p>\n<p>\u2014 Abelardo De La Espriella (@ABDELAESPRIELLA) May 31, 2026<\/p>\n<\/blockquote>\n<p>Pouco depois, o candidato de extrema direita j\u00e1 conquistou um apoio, o de Paloma Valencia, que reconheceu sua derrota e anunciou, segundo a revista <em>Semana<\/em>, seu \u201capoio\u201d ao \u201cDr. Abelardo de la Espriella\u201d e convidou seus seguidores a se posicionarem \u201cfirmemente ao lado das ideias, da liberdade, do progresso, da iniciativa privada e, claro, do cuidado com os mais pobres\u201d.<\/p>\n<p>Na Col\u00f4mbia, para um candidato vencer a elei\u00e7\u00e3o presidencial no primeiro turno, ele precisa obter mais de 50% dos votos. Espriella disputar\u00e1 contra o senador Iv\u00e1n Cepeda (Pacto Hist\u00f3rico), que obteve 41,91% dos votos v\u00e1lidos.<\/p>\n<p>O vencedor do segundo pleito eleitoral, que ser\u00e1 realizado em 21 de junho, assumir\u00e1 o poder em 7 de agosto. Nesse dia, o novo presidente receber\u00e1 a faixa presidencial de Gustavo Petro, que completar\u00e1 seu mandato de quatro anos, para o qual foi eleito em 2022.<\/p>\n<h3>Quem \u00e9 Abelardo de la Espriella<\/h3>\n<p>Embora se apresente como um completo outsider, Abelardo de la Espriella Otero \u00e9 filho de um pol\u00edtico conservador e influente de C\u00f3rdoba, o ex-magistrado Abelardo de la Espriella Juris, que chegou a disputar o governo do departamento colombiano nos anos 90 e permaneceu pr\u00f3ximo ao campo uribista.<\/p>\n<p>Sua campanha eleitoral aposta na ret\u00f3rica \u201clinha dura\u201d na seguran\u00e7a e no neoliberalismo econ\u00f4mico. Aos moldes de Javier Milei na Argentina e Nayib Bukele em El Salvador, ele defende redu\u00e7\u00e3o do Estado, fortalecimento das For\u00e7as Armadas, encarceramento em massa e pol\u00edtica de alinhamento com Washington.<\/p>\n<p>O post Abelardo de la Espriella comemora vit\u00f3ria no primeiro turno e chama Petro de \u2018tirano\u2019 apareceu primeiro em Opera Mundi.<\/p>\n<!-- Begin Yuzo --><div class='yuzo_related_post style-1'  data-version='5.12.89'><!-- without result --><div class='yuzo_clearfixed yuzo__title yuzo__title'><h3>Related Post<\/h3><\/div>\n\t\t\t\t\t\t  <div class=\"relatedthumb \" style=\"width:125px;float:left;overflow:hidden;\">  \n\t\t\t\t\t\t\t  \n\t\t\t\t\t\t\t  <a  href=\"https:\/\/redept.com.br\/blogosfera\/mega-sena-nao-tem-ganhador-premio-sobe-para-r-62-milhoes\/\"  >\n\t\t\t\t\t\t\t\t\t  <div class=\"yuzo-img-wrap \" style=\"width: 125px;height:90px;\">\n\t\t\t\t\t\t\t\t\t\t\n\t\t\t\t\t\t\t\t\t\t<div class=\"yuzo-img\" style=\"background:url('https:\/\/redept.org\/blogosfera\/wp-content\/plugins\/yuzo-related-post\/assets\/images\/default.png') 50% 50% no-repeat;width: 125px;height:90px;margin-bottom: 5px;background-size: cover; \"><\/div>\n\t\t\t\t\t\t\t\t\t  <\/div>\n\t\t\t\t\t\t\t\t\t  \n\t\t\t\t\t\t\t\t   <span class=\"yuzo__text--title\" style=\"font-size:13px;\">Mega-Sena n\u00e3o tem ganhador; pr\u00eamio sobe para R$ 62...<\/span>\n\t\t\t\t\t\t\t  \n\t\t\t\t\t\t\t  \n\t\t\t\t\t\t\t  <\/a>\n\n\t\t\t\t\t\t  <\/div>\n\t\t\t\t\t\t  <div class=\"relatedthumb \" style=\"width:125px;float:left;overflow:hidden;\">  \n\t\t\t\t\t\t\t  \n\t\t\t\t\t\t\t  <a  href=\"https:\/\/redept.com.br\/blogosfera\/sp-oposicao-vai-a-justica-contra-manobra-que-manteve-aliado-de-nunes-em-orgao-estrategico\/\"  >\n\t\t\t\t\t\t\t\t\t  <div class=\"yuzo-img-wrap \" style=\"width: 125px;height:90px;\">\n\t\t\t\t\t\t\t\t\t\t\n\t\t\t\t\t\t\t\t\t\t<div class=\"yuzo-img\" style=\"background:url('https:\/\/redept.org\/blogosfera\/wp-content\/plugins\/yuzo-related-post\/assets\/images\/default.png') 50% 50% no-repeat;width: 125px;height:90px;margin-bottom: 5px;background-size: cover; \"><\/div>\n\t\t\t\t\t\t\t\t\t  <\/div>\n\t\t\t\t\t\t\t\t\t  \n\t\t\t\t\t\t\t\t   <span class=\"yuzo__text--title\" style=\"font-size:13px;\">SP: oposi\u00e7\u00e3o vai \u00e0 Justi\u00e7a contra \u2018manobra\u2019 que ma...<\/span>\n\t\t\t\t\t\t\t  \n\t\t\t\t\t\t\t  \n\t\t\t\t\t\t\t  <\/a>\n\n\t\t\t\t\t\t  <\/div>\n\t\t\t\t\t\t  <div class=\"relatedthumb \" style=\"width:125px;float:left;overflow:hidden;\">  \n\t\t\t\t\t\t\t  \n\t\t\t\t\t\t\t  <a  href=\"https:\/\/redept.com.br\/blogosfera\/a-tarifa-zero-e-os-tentaculos-do-mercado\/\"  >\n\t\t\t\t\t\t\t\t\t  <div class=\"yuzo-img-wrap \" style=\"width: 125px;height:90px;\">\n\t\t\t\t\t\t\t\t\t\t\n\t\t\t\t\t\t\t\t\t\t<div class=\"yuzo-img\" style=\"background:url('https:\/\/redept.com.br\/blogosfera\/wp-content\/uploads\/2026\/03\/14-1-8-150x150.png') 50% 50% no-repeat;width: 125px;height:90px;margin-bottom: 5px;background-size: cover; \"><\/div>\n\t\t\t\t\t\t\t\t\t  <\/div>\n\t\t\t\t\t\t\t\t\t  \n\t\t\t\t\t\t\t\t   <span class=\"yuzo__text--title\" style=\"font-size:13px;\">A tarifa zero e os tent\u00e1culos do mercado<\/span>\n\t\t\t\t\t\t\t  \n\t\t\t\t\t\t\t  \n\t\t\t\t\t\t\t  <\/a>\n\n\t\t\t\t\t\t  <\/div>\n\t\t\t\t\t\t  <div class=\"relatedthumb \" style=\"width:125px;float:left;overflow:hidden;\">  \n\t\t\t\t\t\t\t  \n\t\t\t\t\t\t\t  <a  href=\"https:\/\/redept.com.br\/blogosfera\/festival-internacional-de-teatro-de-bonecos-retorna-a-taguatinga-df-com-programacao-gratuita\/\"  >\n\t\t\t\t\t\t\t\t\t  <div class=\"yuzo-img-wrap \" style=\"width: 125px;height:90px;\">\n\t\t\t\t\t\t\t\t\t\t\n\t\t\t\t\t\t\t\t\t\t<div class=\"yuzo-img\" style=\"background:url('https:\/\/redept.org\/blogosfera\/wp-content\/plugins\/yuzo-related-post\/assets\/images\/default.png') 50% 50% no-repeat;width: 125px;height:90px;margin-bottom: 5px;background-size: cover; \"><\/div>\n\t\t\t\t\t\t\t\t\t  <\/div>\n\t\t\t\t\t\t\t\t\t  \n\t\t\t\t\t\t\t\t   <span class=\"yuzo__text--title\" style=\"font-size:13px;\">Festival internacional de teatro de bonecos retorn...<\/span>\n\t\t\t\t\t\t\t  \n\t\t\t\t\t\t\t  \n\t\t\t\t\t\t\t  <\/a>\n\n\t\t\t\t\t\t  <\/div>\n<\/div> <script>\n\t\t\t\t\t\t  jQuery(document).ready(function( $ ){\n\t\t\t\t\t\t\t\/\/jQuery('.yuzo_related_post').equalizer({ overflow : 'relatedthumb' });\n\t\t\t\t\t\t\tjQuery('.yuzo_related_post .yuzo_wraps').equalizer({ columns : '> div' });\n\t\t\t\t\t\t   })\n\t\t\t\t\t\t  <\/script> <!-- End Yuzo :) -->","protected":false},"excerpt":{"rendered":"<p>O advogado de ultradireita Abelardo de la Espriella (Defensores de la Patria) comemorou a vit\u00f3ria do primeiro turno para as elei\u00e7\u00f5es presidenciais da Col\u00f4mbia, realizado neste domingo (31\/05), afirmando que vai \u201cderrotar a tirania e o absolutismo\u201d do atual partido governista de esquerda, comandado por Gustavo Petro \u2013 respons\u00e1vel pela estrat\u00e9gia de \u201cpaz total\u201d para [\u2026]<\/p>\n<p>O post <a href=\"https:\/\/operamundi.uol.com.br\/america-latina\/abelardo-de-la-espriella-comemora-vitoria-no-primeiro-turno-e-chama-petro-de-tirano\/\">Abelardo de la Espriella comemora vit\u00f3ria no primeiro turno e chama Petro de \u2018tirano\u2019<\/a> apareceu primeiro em <a href=\"https:\/\/operamundi.uol.com.br\/\">Opera Mundi<\/a>.<\/p>\n","protected":false},"author":2,"featured_media":0,"comment_status":"closed","ping_status":"closed","sticky":false,"template":"","format":"standard","meta":{"fifu_image_url":"","fifu_image_alt":"","footnotes":""},"categories":[44876,347,1787,14960,2953,26179],"tags":[],"class_list":["post-89660","post","type-post","status-publish","format-standard","hentry","category-abelardo-de-la-espriella","category-america-latina","category-colombia","category-eleicoes-presidenciais","category-gustavo-petro","category-ivan-cepeda"],"_links":{"self":[{"href":"https:\/\/redept.com.br\/blogosfera\/wp-json\/wp\/v2\/posts\/89660","targetHints":{"allow":["GET"]}}],"collection":[{"href":"https:\/\/redept.com.br\/blogosfera\/wp-json\/wp\/v2\/posts"}],"about":[{"href":"https:\/\/redept.com.br\/blogosfera\/wp-json\/wp\/v2\/types\/post"}],"author":[{"embeddable":true,"href":"https:\/\/redept.com.br\/blogosfera\/wp-json\/wp\/v2\/users\/2"}],"replies":[{"embeddable":true,"href":"https:\/\/redept.com.br\/blogosfera\/wp-json\/wp\/v2\/comments?post=89660"}],"version-history":[{"count":0,"href":"https:\/\/redept.com.br\/blogosfera\/wp-json\/wp\/v2\/posts\/89660\/revisions"}],"wp:attachment":[{"href":"https:\/\/redept.com.br\/blogosfera\/wp-json\/wp\/v2\/media?parent=89660"}],"wp:term":[{"taxonomy":"category","embeddable":true,"href":"https:\/\/redept.com.br\/blogosfera\/wp-json\/wp\/v2\/categories?post=89660"},{"taxonomy":"post_tag","embeddable":true,"href":"https:\/\/redept.com.br\/blogosfera\/wp-json\/wp\/v2\/tags?post=89660"}],"curies":[{"name":"wp","href":"https:\/\/api.w.org\/{rel}","templated":true}]}}