{"id":89722,"date":"2026-06-01T14:17:21","date_gmt":"2026-06-01T17:17:21","guid":{"rendered":"https:\/\/redept.com.br\/blogosfera\/chanceleres-de-brasil-e-china-reforcam-defesa-do-sul-global-e-do-multilateralismo-em-pequim\/"},"modified":"2026-06-01T14:17:21","modified_gmt":"2026-06-01T17:17:21","slug":"chanceleres-de-brasil-e-china-reforcam-defesa-do-sul-global-e-do-multilateralismo-em-pequim","status":"publish","type":"post","link":"https:\/\/redept.com.br\/blogosfera\/chanceleres-de-brasil-e-china-reforcam-defesa-do-sul-global-e-do-multilateralismo-em-pequim\/","title":{"rendered":"Chanceleres de Brasil e China refor\u00e7am defesa do Sul Global e do multilateralismo em Pequim"},"content":{"rendered":"<p>Em Pequim, entre 31 de maio e 2 de junho de 2026, o ministro das Rela\u00e7\u00f5es Exteriores do Brasil, Mauro Vieira, realiza uma agenda de tr\u00eas dias de reuni\u00f5es com autoridades chinesas no \u00e2mbito da quinta edi\u00e7\u00e3o do Di\u00e1logo Estrat\u00e9gico Global entre os dois pa\u00edses. A programa\u00e7\u00e3o inclui encontros de alto n\u00edvel no Grande Sal\u00e3o [\u2026]<\/p>\n<p><a href=\"https:\/\/www.brasildefato.com.br\/2026\/06\/01\/chanceleres-de-brasil-e-china-reforcam-defesa-do-sul-global-e-do-multilateralismo-em-pequim\/\" rel=\"nofollow\">Fonte<\/a><\/p>\n<!-- Begin Yuzo --><div class='yuzo_related_post style-1'  data-version='5.12.89'><!-- without result --><div class='yuzo_clearfixed yuzo__title yuzo__title'><h3>Related Post<\/h3><\/div>\n\t\t\t\t\t\t  <div class=\"relatedthumb \" style=\"width:125px;float:left;overflow:hidden;\">  \n\t\t\t\t\t\t\t  \n\t\t\t\t\t\t\t  <a  href=\"https:\/\/redept.com.br\/blogosfera\/ira-descarta-negociacoes-com-eua-e-fala-em-responder-com-total-forca\/\"  >\n\t\t\t\t\t\t\t\t\t  <div class=\"yuzo-img-wrap \" style=\"width: 125px;height:90px;\">\n\t\t\t\t\t\t\t\t\t\t\n\t\t\t\t\t\t\t\t\t\t<div class=\"yuzo-img\" style=\"background:url('https:\/\/redept.com.br\/blogosfera\/wp-content\/uploads\/2026\/07\/press_conference_of_esmail_baghaei_22_mehr_15_april_2026-150x150.jpg') 50% 50% no-repeat;width: 125px;height:90px;margin-bottom: 5px;background-size: cover; \"><\/div>\n\t\t\t\t\t\t\t\t\t  <\/div>\n\t\t\t\t\t\t\t\t\t  \n\t\t\t\t\t\t\t\t   <span class=\"yuzo__text--title\" style=\"font-size:13px;\">Ir\u00e3 descarta negocia\u00e7\u00f5es com EUA e fala em respond...<\/span>\n\t\t\t\t\t\t\t  \n\t\t\t\t\t\t\t  \n\t\t\t\t\t\t\t  <\/a>\n\n\t\t\t\t\t\t  <\/div>\n\t\t\t\t\t\t  <div class=\"relatedthumb \" style=\"width:125px;float:left;overflow:hidden;\">  \n\t\t\t\t\t\t\t  \n\t\t\t\t\t\t\t  <a  href=\"https:\/\/redept.com.br\/blogosfera\/luz-do-povo-amplia-inclusao-energetica-e-beneficia-mais-de-78-milhoes\/\"  >\n\t\t\t\t\t\t\t\t\t  <div class=\"yuzo-img-wrap \" style=\"width: 125px;height:90px;\">\n\t\t\t\t\t\t\t\t\t\t\n\t\t\t\t\t\t\t\t\t\t<div class=\"yuzo-img\" style=\"background:url('https:\/\/redept.org\/blogosfera\/wp-content\/plugins\/yuzo-related-post\/assets\/images\/default.png') 50% 50% no-repeat;width: 125px;height:90px;margin-bottom: 5px;background-size: cover; \"><\/div>\n\t\t\t\t\t\t\t\t\t  <\/div>\n\t\t\t\t\t\t\t\t\t  \n\t\t\t\t\t\t\t\t   <span class=\"yuzo__text--title\" style=\"font-size:13px;\">Luz do Povo amplia inclus\u00e3o energ\u00e9tica e beneficia...<\/span>\n\t\t\t\t\t\t\t  \n\t\t\t\t\t\t\t  \n\t\t\t\t\t\t\t  <\/a>\n\n\t\t\t\t\t\t  <\/div>\n\t\t\t\t\t\t  <div class=\"relatedthumb \" style=\"width:125px;float:left;overflow:hidden;\">  \n\t\t\t\t\t\t\t  \n\t\t\t\t\t\t\t  <a  href=\"https:\/\/redept.com.br\/blogosfera\/eua-usaram-negociacoes-como-cortina-de-fumaca-para-atacar-ira-diz-analista\/\"  >\n\t\t\t\t\t\t\t\t\t  <div class=\"yuzo-img-wrap \" style=\"width: 125px;height:90px;\">\n\t\t\t\t\t\t\t\t\t\t\n\t\t\t\t\t\t\t\t\t\t<div class=\"yuzo-img\" style=\"background:url('https:\/\/redept.com.br\/blogosfera\/wp-content\/uploads\/2026\/03\/ff8d0ee2-887f-4bce-99fb-2c35dfabe877-captura-de-tela-2026-02-28-as-101442-150x150.webp') 50% 50% no-repeat;width: 125px;height:90px;margin-bottom: 5px;background-size: cover; \"><\/div>\n\t\t\t\t\t\t\t\t\t  <\/div>\n\t\t\t\t\t\t\t\t\t  \n\t\t\t\t\t\t\t\t   <span class=\"yuzo__text--title\" style=\"font-size:13px;\">EUA usaram negocia\u00e7\u00f5es como \u2018cortina de fuma\u00e7a\u2019 pa...<\/span>\n\t\t\t\t\t\t\t  \n\t\t\t\t\t\t\t  \n\t\t\t\t\t\t\t  <\/a>\n\n\t\t\t\t\t\t  <\/div>\n\t\t\t\t\t\t  <div class=\"relatedthumb \" style=\"width:125px;float:left;overflow:hidden;\">  \n\t\t\t\t\t\t\t  \n\t\t\t\t\t\t\t  <a  href=\"https:\/\/redept.com.br\/blogosfera\/una-lgbt-10-anos-de-luta-resistencia-e-transformacao-socialista-em-sao-paulo\/\"  >\n\t\t\t\t\t\t\t\t\t  <div class=\"yuzo-img-wrap \" style=\"width: 125px;height:90px;\">\n\t\t\t\t\t\t\t\t\t\t\n\t\t\t\t\t\t\t\t\t\t<div class=\"yuzo-img\" style=\"background:url('https:\/\/redept.com.br\/blogosfera\/wp-content\/uploads\/2025\/10\/WhatsApp-Image-2025-10-27-at-161803-150x150.jpeg') 50% 50% no-repeat;width: 125px;height:90px;margin-bottom: 5px;background-size: cover; \"><\/div>\n\t\t\t\t\t\t\t\t\t  <\/div>\n\t\t\t\t\t\t\t\t\t  \n\t\t\t\t\t\t\t\t   <span class=\"yuzo__text--title\" style=\"font-size:13px;\">UNA-LGBT: 10 anos de luta, resist\u00eancia e transform...<\/span>\n\t\t\t\t\t\t\t  \n\t\t\t\t\t\t\t  \n\t\t\t\t\t\t\t  <\/a>\n\n\t\t\t\t\t\t  <\/div>\n<\/div> <script>\n\t\t\t\t\t\t  jQuery(document).ready(function( $ ){\n\t\t\t\t\t\t\t\/\/jQuery('.yuzo_related_post').equalizer({ overflow : 'relatedthumb' });\n\t\t\t\t\t\t\tjQuery('.yuzo_related_post .yuzo_wraps').equalizer({ columns : '> div' });\n\t\t\t\t\t\t   })\n\t\t\t\t\t\t  <\/script> <!-- End Yuzo :) -->","protected":false},"excerpt":{"rendered":"<p>Em Pequim, entre 31 de maio e 2 de junho de 2026, o ministro das Rela\u00e7\u00f5es Exteriores do Brasil, Mauro Vieira, realiza uma agenda de tr\u00eas dias de reuni\u00f5es com autoridades chinesas no \u00e2mbito da quinta edi\u00e7\u00e3o do Di\u00e1logo Estrat\u00e9gico Global entre os dois pa\u00edses. A programa\u00e7\u00e3o inclui encontros de alto n\u00edvel no Grande Sal\u00e3o [&hellip;]<\/p>\n","protected":false},"author":2,"featured_media":0,"comment_status":"open","ping_status":"closed","sticky":false,"template":"","format":"standard","meta":{"fifu_image_url":"","fifu_image_alt":"","footnotes":""},"categories":[63296,45,1140,63297,292,333,5860,35158,34476,63298,16311,3002,34477,50,9273,551,549,1403,3501,267,21079,13669,16698,14103,38084,63299,6098,1482,20439,63300,557],"tags":[],"class_list":["post-89722","post","type-post","status-publish","format-standard","hentry","category-ano-cultural-china-brasil","category-brasil","category-brics","category-cadeias-globais","category-china","category-comercio-bilateral","category-commodities","category-cooperacao-economica","category-cosban","category-dialogo-estrategico-global","category-diversificacao-comercial","category-governanca-global","category-han-zheng","category-internacional","category-livre-comercio","category-luiz-inacio-lula-da-silva","category-mauro-vieira","category-multilateralismo","category-omc","category-onu","category-paises-em-desenvolvimento","category-parceria-estrategica","category-pequim","category-politica-externa-brasileira","category-politica-externa-chinesa","category-reforma-da-governanca-global","category-relacoes-bilaterais","category-sul-global","category-uma-so-china","category-wang-wentao","category-wang-yi"],"_links":{"self":[{"href":"https:\/\/redept.com.br\/blogosfera\/wp-json\/wp\/v2\/posts\/89722","targetHints":{"allow":["GET"]}}],"collection":[{"href":"https:\/\/redept.com.br\/blogosfera\/wp-json\/wp\/v2\/posts"}],"about":[{"href":"https:\/\/redept.com.br\/blogosfera\/wp-json\/wp\/v2\/types\/post"}],"author":[{"embeddable":true,"href":"https:\/\/redept.com.br\/blogosfera\/wp-json\/wp\/v2\/users\/2"}],"replies":[{"embeddable":true,"href":"https:\/\/redept.com.br\/blogosfera\/wp-json\/wp\/v2\/comments?post=89722"}],"version-history":[{"count":0,"href":"https:\/\/redept.com.br\/blogosfera\/wp-json\/wp\/v2\/posts\/89722\/revisions"}],"wp:attachment":[{"href":"https:\/\/redept.com.br\/blogosfera\/wp-json\/wp\/v2\/media?parent=89722"}],"wp:term":[{"taxonomy":"category","embeddable":true,"href":"https:\/\/redept.com.br\/blogosfera\/wp-json\/wp\/v2\/categories?post=89722"},{"taxonomy":"post_tag","embeddable":true,"href":"https:\/\/redept.com.br\/blogosfera\/wp-json\/wp\/v2\/tags?post=89722"}],"curies":[{"name":"wp","href":"https:\/\/api.w.org\/{rel}","templated":true}]}}