{"id":89734,"date":"2026-06-01T15:16:29","date_gmt":"2026-06-01T18:16:29","guid":{"rendered":"https:\/\/redept.com.br\/blogosfera\/nove-anos-de-luizinha-goncalves-pela-regularizacao-imediata\/"},"modified":"2026-06-01T15:16:29","modified_gmt":"2026-06-01T18:16:29","slug":"nove-anos-de-luizinha-goncalves-pela-regularizacao-imediata","status":"publish","type":"post","link":"https:\/\/redept.com.br\/blogosfera\/nove-anos-de-luizinha-goncalves-pela-regularizacao-imediata\/","title":{"rendered":"Nove anos de Luizinha Gon\u00e7alves: pela regulariza\u00e7\u00e3o imediata!"},"content":{"rendered":"<p>No dia 22 de maio, o Movimento de Trabalhadoras e Trabalhadores por Direitos (MTD) realizou um ato na Prefeitura de Montes Claros pela regulariza\u00e7\u00e3o do Centro de Conv\u00edvio Luizinha Gon\u00e7alves. A manifesta\u00e7\u00e3o reuniu a comunidade da Vila Atl\u00e2ntida, movimentos populares, sindicatos e mandatos parlamentares. Com uma mobiliza\u00e7\u00e3o pac\u00edfica, marcada pela percuss\u00e3o como instrumento de luta, [\u2026]<\/p>\n<p><a href=\"https:\/\/www.brasildefato.com.br\/colunista\/movimento-de-trabalhadoras-e-trabalhadores-por-direitos\/2026\/06\/01\/nove-anos-de-luizinha-goncalves-pela-regularizacao-imediata\/\" rel=\"nofollow\">Fonte<\/a><\/p>\n<!-- Begin Yuzo --><div class='yuzo_related_post style-1'  data-version='5.12.89'><!-- without result --><div class='yuzo_clearfixed yuzo__title yuzo__title'><h3>Related Post<\/h3><\/div>\n\t\t\t\t\t\t  <div class=\"relatedthumb \" style=\"width:125px;float:left;overflow:hidden;\">  \n\t\t\t\t\t\t\t  \n\t\t\t\t\t\t\t  <a  href=\"https:\/\/redept.com.br\/blogosfera\/meninas-maes-passam-de-14-mil-e-so-11-tiveram-acesso-a-aborto-legal\/\"  >\n\t\t\t\t\t\t\t\t\t  <div class=\"yuzo-img-wrap \" style=\"width: 125px;height:90px;\">\n\t\t\t\t\t\t\t\t\t\t\n\t\t\t\t\t\t\t\t\t\t<div class=\"yuzo-img\" style=\"background:url('https:\/\/redept.org\/blogosfera\/wp-content\/plugins\/yuzo-related-post\/assets\/images\/default.png') 50% 50% no-repeat;width: 125px;height:90px;margin-bottom: 5px;background-size: cover; \"><\/div>\n\t\t\t\t\t\t\t\t\t  <\/div>\n\t\t\t\t\t\t\t\t\t  \n\t\t\t\t\t\t\t\t   <span class=\"yuzo__text--title\" style=\"font-size:13px;\">Meninas m\u00e3es passam de 14 mil e s\u00f3 1,1% tiveram ac...<\/span>\n\t\t\t\t\t\t\t  \n\t\t\t\t\t\t\t  \n\t\t\t\t\t\t\t  <\/a>\n\n\t\t\t\t\t\t  <\/div>\n\t\t\t\t\t\t  <div class=\"relatedthumb \" style=\"width:125px;float:left;overflow:hidden;\">  \n\t\t\t\t\t\t\t  \n\t\t\t\t\t\t\t  <a  href=\"https:\/\/redept.com.br\/blogosfera\/assedio-expoe-violencia-cotidiana-contra-mulheres-nas-cidades\/\"  >\n\t\t\t\t\t\t\t\t\t  <div class=\"yuzo-img-wrap \" style=\"width: 125px;height:90px;\">\n\t\t\t\t\t\t\t\t\t\t\n\t\t\t\t\t\t\t\t\t\t<div class=\"yuzo-img\" style=\"background:url('https:\/\/redept.com.br\/blogosfera\/wp-content\/uploads\/2026\/03\/assedio-nao-e-elogio-150x150.jpeg') 50% 50% no-repeat;width: 125px;height:90px;margin-bottom: 5px;background-size: cover; \"><\/div>\n\t\t\t\t\t\t\t\t\t  <\/div>\n\t\t\t\t\t\t\t\t\t  \n\t\t\t\t\t\t\t\t   <span class=\"yuzo__text--title\" style=\"font-size:13px;\">Ass\u00e9dio exp\u00f5e viol\u00eancia cotidiana contra mulheres ...<\/span>\n\t\t\t\t\t\t\t  \n\t\t\t\t\t\t\t  \n\t\t\t\t\t\t\t  <\/a>\n\n\t\t\t\t\t\t  <\/div>\n\t\t\t\t\t\t  <div class=\"relatedthumb \" style=\"width:125px;float:left;overflow:hidden;\">  \n\t\t\t\t\t\t\t  \n\t\t\t\t\t\t\t  <a  href=\"https:\/\/redept.com.br\/blogosfera\/cacas-dos-eua-sobrevoam-proximos-a-caracas-trump-nao-descarta-guerra\/\"  >\n\t\t\t\t\t\t\t\t\t  <div class=\"yuzo-img-wrap \" style=\"width: 125px;height:90px;\">\n\t\t\t\t\t\t\t\t\t\t\n\t\t\t\t\t\t\t\t\t\t<div class=\"yuzo-img\" style=\"background:url('https:\/\/redept.com.br\/blogosfera\/wp-content\/uploads\/2025\/12\/ea-18-g-150x150.jpg') 50% 50% no-repeat;width: 125px;height:90px;margin-bottom: 5px;background-size: cover; \"><\/div>\n\t\t\t\t\t\t\t\t\t  <\/div>\n\t\t\t\t\t\t\t\t\t  \n\t\t\t\t\t\t\t\t   <span class=\"yuzo__text--title\" style=\"font-size:13px;\">Ca\u00e7as dos EUA sobrevoam pr\u00f3ximos a Caracas; Trump ...<\/span>\n\t\t\t\t\t\t\t  \n\t\t\t\t\t\t\t  \n\t\t\t\t\t\t\t  <\/a>\n\n\t\t\t\t\t\t  <\/div>\n\t\t\t\t\t\t  <div class=\"relatedthumb \" style=\"width:125px;float:left;overflow:hidden;\">  \n\t\t\t\t\t\t\t  \n\t\t\t\t\t\t\t  <a  href=\"https:\/\/redept.com.br\/blogosfera\/petrobras-estuda-criacao-de-empresa-para-producao-do-etanol-e-retorno-ao-setor-no-mercado\/\"  >\n\t\t\t\t\t\t\t\t\t  <div class=\"yuzo-img-wrap \" style=\"width: 125px;height:90px;\">\n\t\t\t\t\t\t\t\t\t\t\n\t\t\t\t\t\t\t\t\t\t<div class=\"yuzo-img\" style=\"background:url('https:\/\/redept.org\/blogosfera\/wp-content\/plugins\/yuzo-related-post\/assets\/images\/default.png') 50% 50% no-repeat;width: 125px;height:90px;margin-bottom: 5px;background-size: cover; \"><\/div>\n\t\t\t\t\t\t\t\t\t  <\/div>\n\t\t\t\t\t\t\t\t\t  \n\t\t\t\t\t\t\t\t   <span class=\"yuzo__text--title\" style=\"font-size:13px;\">Petrobras estuda cria\u00e7\u00e3o de empresa para produ\u00e7\u00e3o ...<\/span>\n\t\t\t\t\t\t\t  \n\t\t\t\t\t\t\t  \n\t\t\t\t\t\t\t  <\/a>\n\n\t\t\t\t\t\t  <\/div>\n<\/div> <script>\n\t\t\t\t\t\t  jQuery(document).ready(function( $ ){\n\t\t\t\t\t\t\t\/\/jQuery('.yuzo_related_post').equalizer({ overflow : 'relatedthumb' });\n\t\t\t\t\t\t\tjQuery('.yuzo_related_post .yuzo_wraps').equalizer({ columns : '> div' });\n\t\t\t\t\t\t   })\n\t\t\t\t\t\t  <\/script> <!-- End Yuzo :) -->","protected":false},"excerpt":{"rendered":"<p>No dia 22 de maio, o Movimento de Trabalhadoras e Trabalhadores por Direitos (MTD) realizou um ato na Prefeitura de Montes Claros pela regulariza\u00e7\u00e3o do Centro de Conv\u00edvio Luizinha Gon\u00e7alves. A manifesta\u00e7\u00e3o reuniu a comunidade da Vila Atl\u00e2ntida, movimentos populares, sindicatos e mandatos parlamentares. Com uma mobiliza\u00e7\u00e3o pac\u00edfica, marcada pela percuss\u00e3o como instrumento de luta, [&hellip;]<\/p>\n","protected":false},"author":2,"featured_media":0,"comment_status":"open","ping_status":"closed","sticky":false,"template":"","format":"standard","meta":{"fifu_image_url":"","fifu_image_alt":"","footnotes":""},"categories":[42996,8524,63327,40505,63328,309,2259,4126,2957,17861,42503,63329,63330,63331,2551,4898,63332,1954,47383,182,63333,8228,53353,214,56987,184,47443,626,431,63334],"tags":[],"class_list":["post-89734","post","type-post","status-publish","format-standard","hentry","category-artigo-de-opiniao","category-ato","category-centro-de-convivio","category-cineclube","category-concessao-de-uso","category-cultura","category-despejo","category-direitos","category-economia-solidaria","category-educacao-popular","category-financiamento-coletivo","category-gestao-popular","category-jornada-nacional-por-direitos","category-luizinha-goncalves","category-mobilizacao","category-montes-claros","category-movimento-de-trabalhadoras-e-trabalhadores-por-direitos","category-movimento-social","category-mtd","category-ocupacao","category-oficinas-profissionalizantes","category-patrimonio-cultural","category-peticao","category-politicas-publicas","category-ponto-de-cultura","category-prefeitura","category-regularizacao","category-resistencia","category-solidariedade","category-vila-atlantida"],"_links":{"self":[{"href":"https:\/\/redept.com.br\/blogosfera\/wp-json\/wp\/v2\/posts\/89734","targetHints":{"allow":["GET"]}}],"collection":[{"href":"https:\/\/redept.com.br\/blogosfera\/wp-json\/wp\/v2\/posts"}],"about":[{"href":"https:\/\/redept.com.br\/blogosfera\/wp-json\/wp\/v2\/types\/post"}],"author":[{"embeddable":true,"href":"https:\/\/redept.com.br\/blogosfera\/wp-json\/wp\/v2\/users\/2"}],"replies":[{"embeddable":true,"href":"https:\/\/redept.com.br\/blogosfera\/wp-json\/wp\/v2\/comments?post=89734"}],"version-history":[{"count":0,"href":"https:\/\/redept.com.br\/blogosfera\/wp-json\/wp\/v2\/posts\/89734\/revisions"}],"wp:attachment":[{"href":"https:\/\/redept.com.br\/blogosfera\/wp-json\/wp\/v2\/media?parent=89734"}],"wp:term":[{"taxonomy":"category","embeddable":true,"href":"https:\/\/redept.com.br\/blogosfera\/wp-json\/wp\/v2\/categories?post=89734"},{"taxonomy":"post_tag","embeddable":true,"href":"https:\/\/redept.com.br\/blogosfera\/wp-json\/wp\/v2\/tags?post=89734"}],"curies":[{"name":"wp","href":"https:\/\/api.w.org\/{rel}","templated":true}]}}