{"id":89737,"date":"2026-06-01T15:58:28","date_gmt":"2026-06-01T18:58:28","guid":{"rendered":"https:\/\/redept.com.br\/blogosfera\/bolivia-entra-no-segundo-mes-de-protestos-sem-saida-a-vista-para-a-crise\/"},"modified":"2026-06-01T15:58:28","modified_gmt":"2026-06-01T18:58:28","slug":"bolivia-entra-no-segundo-mes-de-protestos-sem-saida-a-vista-para-a-crise","status":"publish","type":"post","link":"https:\/\/redept.com.br\/blogosfera\/bolivia-entra-no-segundo-mes-de-protestos-sem-saida-a-vista-para-a-crise\/","title":{"rendered":"Bol\u00edvia entra no segundo m\u00eas de protestos sem sa\u00edda \u00e0 vista para a crise"},"content":{"rendered":"<p>Os protestos sociais que atingem a Bol\u00edvia entram em seu segundo m\u00eas sem perspectiva de uma solu\u00e7\u00e3o clara. Os diversos setores que pedem a sa\u00edda do presidente de extrema direita, Rodrigo Paz, n\u00e3o d\u00e3o sinais de recuarem e a Administradora Boliviana de Estradas (ABC) contabiliza nesta segunda-feira (1) mais de 90 bloqueios de estradas. Os [\u2026]<\/p>\n<p><a href=\"https:\/\/www.brasildefato.com.br\/2026\/06\/01\/bolivia-entra-no-segundo-mes-de-protestos-sem-saida-a-vista-para-a-crise\/\" rel=\"nofollow\">Fonte<\/a><\/p>\n<!-- Begin Yuzo --><div class='yuzo_related_post style-1'  data-version='5.12.89'><!-- without result --><div class='yuzo_clearfixed yuzo__title yuzo__title'><h3>Related Post<\/h3><\/div>\n\t\t\t\t\t\t  <div class=\"relatedthumb \" style=\"width:125px;float:left;overflow:hidden;\">  \n\t\t\t\t\t\t\t  \n\t\t\t\t\t\t\t  <a  href=\"https:\/\/sul21.com.br\/noticias\/internacional\/2025\/11\/gustavo-petro-critica-ausencia-dos-eua-na-cupula-de-lideres-da-cop30\/\"  >\n\t\t\t\t\t\t\t\t\t  <div class=\"yuzo-img-wrap \" style=\"width: 125px;height:90px;\">\n\t\t\t\t\t\t\t\t\t\t\n\t\t\t\t\t\t\t\t\t\t<div class=\"yuzo-img\" style=\"background:url('https:\/\/agenciabrasil.ebc.com.br\/ebc.png?id=1666463&amp;o=node') 50% 50% no-repeat;width: 125px;height:90px;margin-bottom: 5px;background-size: cover; \"><\/div>\n\t\t\t\t\t\t\t\t\t  <\/div>\n\t\t\t\t\t\t\t\t\t  \n\t\t\t\t\t\t\t\t   <span class=\"yuzo__text--title\" style=\"font-size:13px;\">Gustavo Petro critica aus\u00eancia dos EUA na C\u00fapula d...<\/span>\n\t\t\t\t\t\t\t  \n\t\t\t\t\t\t\t  \n\t\t\t\t\t\t\t  <\/a>\n\n\t\t\t\t\t\t  <\/div>\n\t\t\t\t\t\t  <div class=\"relatedthumb \" style=\"width:125px;float:left;overflow:hidden;\">  \n\t\t\t\t\t\t\t  \n\t\t\t\t\t\t\t  <a  href=\"https:\/\/redept.com.br\/blogosfera\/entregadores-mochila-nas-costas-e-fardo-mental\/\"  >\n\t\t\t\t\t\t\t\t\t  <div class=\"yuzo-img-wrap \" style=\"width: 125px;height:90px;\">\n\t\t\t\t\t\t\t\t\t\t\n\t\t\t\t\t\t\t\t\t\t<div class=\"yuzo-img\" style=\"background:url('https:\/\/redept.com.br\/blogosfera\/wp-content\/uploads\/2025\/10\/sob-pressao-como-o-dia-a-dia-afeta-a-saude-de-entr_00925875_0_-150x150.jpg') 50% 50% no-repeat;width: 125px;height:90px;margin-bottom: 5px;background-size: cover; \"><\/div>\n\t\t\t\t\t\t\t\t\t  <\/div>\n\t\t\t\t\t\t\t\t\t  \n\t\t\t\t\t\t\t\t   <span class=\"yuzo__text--title\" style=\"font-size:13px;\">Entregadores: Mochila nas costas e fardo mental<\/span>\n\t\t\t\t\t\t\t  \n\t\t\t\t\t\t\t  \n\t\t\t\t\t\t\t  <\/a>\n\n\t\t\t\t\t\t  <\/div>\n\t\t\t\t\t\t  <div class=\"relatedthumb \" style=\"width:125px;float:left;overflow:hidden;\">  \n\t\t\t\t\t\t\t  \n\t\t\t\t\t\t\t  <a  href=\"https:\/\/redept.com.br\/blogosfera\/bndes-e-defesa-firmam-acordo-para-restaurar-monumento-aos-pracinhas\/\"  >\n\t\t\t\t\t\t\t\t\t  <div class=\"yuzo-img-wrap \" style=\"width: 125px;height:90px;\">\n\t\t\t\t\t\t\t\t\t\t\n\t\t\t\t\t\t\t\t\t\t<div class=\"yuzo-img\" style=\"background:url('https:\/\/redept.org\/blogosfera\/wp-content\/plugins\/yuzo-related-post\/assets\/images\/default.png') 50% 50% no-repeat;width: 125px;height:90px;margin-bottom: 5px;background-size: cover; \"><\/div>\n\t\t\t\t\t\t\t\t\t  <\/div>\n\t\t\t\t\t\t\t\t\t  \n\t\t\t\t\t\t\t\t   <span class=\"yuzo__text--title\" style=\"font-size:13px;\">BNDES e Defesa firmam acordo para restaurar Monume...<\/span>\n\t\t\t\t\t\t\t  \n\t\t\t\t\t\t\t  \n\t\t\t\t\t\t\t  <\/a>\n\n\t\t\t\t\t\t  <\/div>\n\t\t\t\t\t\t  <div class=\"relatedthumb \" style=\"width:125px;float:left;overflow:hidden;\">  \n\t\t\t\t\t\t\t  \n\t\t\t\t\t\t\t  <a  href=\"https:\/\/redept.com.br\/blogosfera\/uniao-brasil-da-24h-para-filiados-deixarem-governo-lula-gleisi-chama-acusacoes-de-levianas\/\"  >\n\t\t\t\t\t\t\t\t\t  <div class=\"yuzo-img-wrap \" style=\"width: 125px;height:90px;\">\n\t\t\t\t\t\t\t\t\t\t\n\t\t\t\t\t\t\t\t\t\t<div class=\"yuzo-img\" style=\"background:url('https:\/\/redept.org\/blogosfera\/wp-content\/plugins\/yuzo-related-post\/assets\/images\/default.png') 50% 50% no-repeat;width: 125px;height:90px;margin-bottom: 5px;background-size: cover; \"><\/div>\n\t\t\t\t\t\t\t\t\t  <\/div>\n\t\t\t\t\t\t\t\t\t  \n\t\t\t\t\t\t\t\t   <span class=\"yuzo__text--title\" style=\"font-size:13px;\">Uni\u00e3o Brasil d\u00e1 24h para filiados deixarem governo...<\/span>\n\t\t\t\t\t\t\t  \n\t\t\t\t\t\t\t  \n\t\t\t\t\t\t\t  <\/a>\n\n\t\t\t\t\t\t  <\/div>\n<\/div> <script>\n\t\t\t\t\t\t  jQuery(document).ready(function( $ ){\n\t\t\t\t\t\t\t\/\/jQuery('.yuzo_related_post').equalizer({ overflow : 'relatedthumb' });\n\t\t\t\t\t\t\tjQuery('.yuzo_related_post .yuzo_wraps').equalizer({ columns : '> div' });\n\t\t\t\t\t\t   })\n\t\t\t\t\t\t  <\/script> <!-- End Yuzo :) -->","protected":false},"excerpt":{"rendered":"<p>Os protestos sociais que atingem a Bol\u00edvia entram em seu segundo m\u00eas sem perspectiva de uma solu\u00e7\u00e3o clara. Os diversos setores que pedem a sa\u00edda do presidente de extrema direita, Rodrigo Paz, n\u00e3o d\u00e3o sinais de recuarem e a Administradora Boliviana de Estradas (ABC) contabiliza nesta segunda-feira (1) mais de 90 bloqueios de estradas. Os [&hellip;]<\/p>\n","protected":false},"author":2,"featured_media":0,"comment_status":"open","ping_status":"closed","sticky":false,"template":"","format":"standard","meta":{"fifu_image_url":"","fifu_image_alt":"","footnotes":""},"categories":[3357,63344,57906,2708,63345,63346,63347,63348,63349,4014,63350,40896,10686,2958,44168,4362,63351,2314,2826,63352,59319,50,5515,8341,2091,58979,63353,63354,63355],"tags":[],"class_list":["post-89737","post","type-post","status-publish","format-standard","hentry","category-america-do-sul","category-analista-politico","category-bloqueios-de-estradas","category-camponeses","category-central-operaria-boliviana","category-chapare","category-cocaleros","category-cooperativistas","category-corredores-humanitarios","category-crise-economica","category-crise-politica-na-bolivia","category-desabastecimento","category-dialogo","category-eleicoes-antecipadas","category-estado-de-emergencia","category-evo-morales","category-exportacoes-de-gas","category-forcas-armadas","category-gas-natural","category-governo-rodrigo-paz","category-hugo-moldiz","category-internacional","category-mas","category-mediacao","category-professores","category-protestos-na-bolivia","category-repressao-violenta","category-rodovia-oruro-cochabamba","category-setor-de-transporte"],"_links":{"self":[{"href":"https:\/\/redept.com.br\/blogosfera\/wp-json\/wp\/v2\/posts\/89737","targetHints":{"allow":["GET"]}}],"collection":[{"href":"https:\/\/redept.com.br\/blogosfera\/wp-json\/wp\/v2\/posts"}],"about":[{"href":"https:\/\/redept.com.br\/blogosfera\/wp-json\/wp\/v2\/types\/post"}],"author":[{"embeddable":true,"href":"https:\/\/redept.com.br\/blogosfera\/wp-json\/wp\/v2\/users\/2"}],"replies":[{"embeddable":true,"href":"https:\/\/redept.com.br\/blogosfera\/wp-json\/wp\/v2\/comments?post=89737"}],"version-history":[{"count":0,"href":"https:\/\/redept.com.br\/blogosfera\/wp-json\/wp\/v2\/posts\/89737\/revisions"}],"wp:attachment":[{"href":"https:\/\/redept.com.br\/blogosfera\/wp-json\/wp\/v2\/media?parent=89737"}],"wp:term":[{"taxonomy":"category","embeddable":true,"href":"https:\/\/redept.com.br\/blogosfera\/wp-json\/wp\/v2\/categories?post=89737"},{"taxonomy":"post_tag","embeddable":true,"href":"https:\/\/redept.com.br\/blogosfera\/wp-json\/wp\/v2\/tags?post=89737"}],"curies":[{"name":"wp","href":"https:\/\/api.w.org\/{rel}","templated":true}]}}