{"id":89961,"date":"2026-06-02T16:43:03","date_gmt":"2026-06-02T19:43:03","guid":{"rendered":"https:\/\/redept.com.br\/blogosfera\/a-fundacao-perseu-abramo-e-o-pt-30-anos-pela-memoria-e-pelo-futuro\/"},"modified":"2026-06-02T16:43:03","modified_gmt":"2026-06-02T19:43:03","slug":"a-fundacao-perseu-abramo-e-o-pt-30-anos-pela-memoria-e-pelo-futuro","status":"publish","type":"post","link":"https:\/\/redept.com.br\/blogosfera\/a-fundacao-perseu-abramo-e-o-pt-30-anos-pela-memoria-e-pelo-futuro\/","title":{"rendered":"A Funda\u00e7\u00e3o Perseu Abramo e o PT: 30 anos pela mem\u00f3ria e pelo futuro"},"content":{"rendered":"<\/p>\n<div>\n<div>\n<div>\n<div>\n<div><a href=\"https:\/\/teoriaedebate.org.br\/wp-content\/uploads\/sites\/2\/2026\/05\/Revista-TD-30-anos.pdf?swcfpc=1\" rel=\"noopener\" target=\"_blank\"><strong>Baixe Especial 30 anos da Funda\u00e7\u00e3o Perseu Abramo<\/strong><\/a><\/div>\n<\/div>\n<\/div>\n<\/div>\n<\/div>\n<p>A Funda\u00e7\u00e3o Perseu Abramo (FPA) completa 30 anos no per\u00edodo mais desafiador para a institui\u00e7\u00e3o e tamb\u00e9m para o Partido dos Trabalhadores (PT).\u00a0 S\u00e3o tempos de ascens\u00e3o do fascismo no mundo, em que os valores democr\u00e1ticos est\u00e3o amea\u00e7ados pela ultradireita organizada por todo o planeta, e a desinforma\u00e7\u00e3o ganha contornos imprevis\u00edveis por meio da Intelig\u00eancia Artificial (IA).<\/p>\n<p>Ao confirmar em tr\u00eas d\u00e9cadas de exist\u00eancia a sua import\u00e2ncia para o desenvolvimento de reflex\u00f5es para a sociedade e para o PT, o maior desafio da Funda\u00e7\u00e3o ser\u00e1 auxiliar no resgate da mem\u00f3ria, na forma\u00e7\u00e3o dos nossos quadros e tamb\u00e9m na constru\u00e7\u00e3o da base pol\u00edtica para a reelei\u00e7\u00e3o do presidente Lula, que representar\u00e1 uma manifesta\u00e7\u00e3o ao mundo da vit\u00f3ria da democracia e da conten\u00e7\u00e3o das for\u00e7as fascistas.<\/p>\n<p>Desde sua cria\u00e7\u00e3o, em 1996, a FPA cumpre, entre suas fun\u00e7\u00f5es estrat\u00e9gicas, com o resgate da mem\u00f3ria e da hist\u00f3ria do PT. Esse primeiro passo \u00e9 a base para as demais atribui\u00e7\u00f5es: reflex\u00e3o, estudo, forma\u00e7\u00e3o pol\u00edtica e produ\u00e7\u00e3o de conhecimento. Essas ferramentas s\u00e3o essenciais para dar densidade ao projeto democr\u00e1tico e popular constru\u00eddo ao longo das \u00faltimas d\u00e9cadas.<\/p>\n<p>Do resgate da mem\u00f3ria do passado autorit\u00e1rio at\u00e9 a forma\u00e7\u00e3o do PT a partir das lutas sindicais durante a ditadura militar, no fim da d\u00e9cada de 1970, da recupera\u00e7\u00e3o do per\u00edodo da tortura, das pris\u00f5es e mortes, do silenciamento do Judici\u00e1rio e Legislativo e da suspens\u00e3o de direitos b\u00e1sicos. Essa recupera\u00e7\u00e3o hist\u00f3rica \u00e9 fundamental para garantir que as gera\u00e7\u00f5es que n\u00e3o viveram o regime de exce\u00e7\u00e3o, por exemplo, saibam do passado para n\u00e3o repeti-lo no futuro e ainda tenham consci\u00eancia da quadra hist\u00f3rica e dos desafios impostos a partir deste 2026.<\/p>\n<p>Em um cen\u00e1rio dominado pela l\u00f3gica das redes sociais e pela superficialidade do debate p\u00fablico, a exist\u00eancia de uma institui\u00e7\u00e3o dedicada ao pensamento cr\u00edtico ajuda a interpretar o Brasil em suas contradi\u00e7\u00f5es e potencialidades.<\/p>\n<p>E \u00e9 justamente na constru\u00e7\u00e3o do futuro que a Funda\u00e7\u00e3o precisa seguir ampliando seu papel, o que exige a capacidade de estreitar a formula\u00e7\u00e3o de pol\u00edticas p\u00fablicas e forma\u00e7\u00e3o pol\u00edtica.<\/p>\n<p>Se a defesa da democracia, o enfrentamento das desigualdades e a constru\u00e7\u00e3o de um novo ciclo de desenvolvimento passam pela consci\u00eancia e reflex\u00e3o pol\u00edtica, precisamos voltar aos reais problemas do povo, diante da transforma\u00e7\u00e3o em curso da classe trabalhadora.<\/p>\n<p>Ganha centralidade o movimento de volta \u00e0s bases. Entender as novas formas de emprego, ouvir as necessidades desses trabalhadores para organizar, qualificar, e dar dignidade para essa base que sofre com a precariza\u00e7\u00e3o.<\/p>\n<p>Com a dimens\u00e3o continental do nosso pa\u00eds, a presen\u00e7a nos territ\u00f3rios significa ainda construir projetos de desenvolvimento para o Brasil que dialoguem com realidades distintas.<\/p>\n<p>\u00c9 imposs\u00edvel ter um projeto de transi\u00e7\u00e3o energ\u00e9tica que n\u00e3o dialogue com as comunidades e cidades da Amaz\u00f4nia Legal que pode auxiliar a impulsionar o desenvolvimento social e econ\u00f4mico na regi\u00e3o. Por\u00e9m, esse processo s\u00f3 ter\u00e1 impulso se houver participa\u00e7\u00e3o popular.<\/p>\n<p>Tamb\u00e9m \u00e9 preciso construir uma proposta para que as reservas de terras raras brasileiras tragam desenvolvimento tecnol\u00f3gico e industrial. O pa\u00eds n\u00e3o pode perder essa oportunidade e ser apenas um exportador de\u00a0<em>commodities<\/em>.<\/p>\n<p>A for\u00e7a hist\u00f3rica do PT sempre esteve ligada \u00e0 sua capacidade de organiza\u00e7\u00e3o territorial, ao di\u00e1logo com a popula\u00e7\u00e3o e \u00e0 constru\u00e7\u00e3o coletiva. A nuclea\u00e7\u00e3o, a retomada e o fortalecimento dos n\u00facleos de base, enquanto inst\u00e2ncia partid\u00e1ria, \u00e9 parte essencial desse processo de reconex\u00e3o.<\/p>\n<p>Nesse ponto, a FPA ser\u00e1 fundamental, por meio de sua capacidade de formula\u00e7\u00e3o, para atingirmos quem est\u00e1 se afastando do partido: jovens, trabalhadores de aplicativo e microempreendedores. Todos eles, beneficiados por pol\u00edticas p\u00fablicas dos governos do PT, mas que \u00e0s vezes n\u00e3o conseguem conectar os avan\u00e7os partid\u00e1rios com os proporcionados pelos nossos governos.<\/p>\n<p>O retorno aos territ\u00f3rios de forma presencial \u00e9 o que vai diferenciar nosso partido das iniciativas pol\u00edticas do neoliberalismo que tem o objetivo de isolar e dispersar a organiza\u00e7\u00e3o de classe.<\/p>\n<p>Nos territ\u00f3rios podemos ter uma constru\u00e7\u00e3o mais s\u00f3lida, junto aos coletivos, e conseguir aliar as reflex\u00f5es feitas pela academia, pela FPA, com o di\u00e1logo com a base popular, com a defesa do nosso projeto e a reelei\u00e7\u00e3o do presidente Lula. Assim, estaremos impondo uma derrota ao fascismo e reafirmando nosso projeto de Brasil.<\/p>\n<p>\u00c9 nos territ\u00f3rios, nas periferias, nos locais de trabalho e de vida que se constr\u00f3i confian\u00e7a pol\u00edtica. \u00c9 ali que se escuta, se aprende e se organiza. E \u00e9 exatamente nesse ponto que a FPA pode cumprir um papel ainda mais decisivo: apoiar a forma\u00e7\u00e3o de base, produzir conte\u00fados acess\u00edveis, estimular o debate pol\u00edtico e contribuir para que a milit\u00e2ncia esteja preparada para construir mudan\u00e7as no pa\u00eds.<\/p>\n<p>N\u00e3o se trata de ignorar os avan\u00e7os tecnol\u00f3gicos e as possibilidades de conex\u00f5es on-line. Entretanto, para desenvolver consci\u00eancia cr\u00edtica, a capacidade de di\u00e1logo e o compromisso com a transforma\u00e7\u00e3o social \u00e9 preciso estabelecer uma rela\u00e7\u00e3o de confian\u00e7a e de presen\u00e7a \u201colho no olho\u201d, de viv\u00eancia nos territ\u00f3rios.<\/p>\n<p>Juntos, PT e FPA, t\u00eam condi\u00e7\u00f5es de preparar mais uma nova gera\u00e7\u00e3o de militantes e dirigentes capazes de compreender um mundo mais complexo, mais digital e mais fragmentado, sem perder de vista os valores hist\u00f3ricos que orientam o projeto do partido.<\/p>\n<p>Aos 30 anos, a jovem Funda\u00e7\u00e3o Perseu Abramo reafirma sua import\u00e2ncia como ponte entre o passado e a constru\u00e7\u00e3o do futuro que n\u00f3s queremos para o Brasil: um pa\u00eds mais justo, menos desigual e mais digno para as fam\u00edlias.<\/p>\n<p>Celebrar esses 30 anos \u00e9 renovar um compromisso: o de seguir construindo, com consci\u00eancia e enraizamento social, um projeto capaz de transformar o Brasil.<\/p>\n<p><strong>Edinho Silva,<\/strong>\u00a0presidente nacional do Partido dos Trabalhadores<\/p>\n<!-- Begin Yuzo --><div class='yuzo_related_post style-1'  data-version='5.12.89'><!-- without result --><div class='yuzo_clearfixed yuzo__title yuzo__title'><h3>Related Post<\/h3><\/div>\n\t\t\t\t\t\t  <div class=\"relatedthumb \" style=\"width:125px;float:left;overflow:hidden;\">  \n\t\t\t\t\t\t\t  \n\t\t\t\t\t\t\t  <a  href=\"https:\/\/redept.com.br\/blogosfera\/kassio-nunes-suspende-pesquisa-que-apontou-queda-de-flavio-bolsonaro\/\"  >\n\t\t\t\t\t\t\t\t\t  <div class=\"yuzo-img-wrap \" style=\"width: 125px;height:90px;\">\n\t\t\t\t\t\t\t\t\t\t\n\t\t\t\t\t\t\t\t\t\t<div class=\"yuzo-img\" style=\"background:url('https:\/\/redept.org\/blogosfera\/wp-content\/plugins\/yuzo-related-post\/assets\/images\/default.png') 50% 50% no-repeat;width: 125px;height:90px;margin-bottom: 5px;background-size: cover; \"><\/div>\n\t\t\t\t\t\t\t\t\t  <\/div>\n\t\t\t\t\t\t\t\t\t  \n\t\t\t\t\t\t\t\t   <span class=\"yuzo__text--title\" style=\"font-size:13px;\">Kassio Nunes suspende pesquisa que apontou queda d...<\/span>\n\t\t\t\t\t\t\t  \n\t\t\t\t\t\t\t  \n\t\t\t\t\t\t\t  <\/a>\n\n\t\t\t\t\t\t  <\/div>\n\t\t\t\t\t\t  <div class=\"relatedthumb \" style=\"width:125px;float:left;overflow:hidden;\">  \n\t\t\t\t\t\t\t  \n\t\t\t\t\t\t\t  <a  href=\"https:\/\/redept.com.br\/blogosfera\/ataque-de-trump-a-ciencia-e-tiro-no-proprio-pe-mas-mundo-inteiro-vai-sentir-os-estilhacos\/\"  >\n\t\t\t\t\t\t\t\t\t  <div class=\"yuzo-img-wrap \" style=\"width: 125px;height:90px;\">\n\t\t\t\t\t\t\t\t\t\t\n\t\t\t\t\t\t\t\t\t\t<div class=\"yuzo-img\" style=\"background:url('https:\/\/redept.org\/blogosfera\/wp-content\/plugins\/yuzo-related-post\/assets\/images\/default.png') 50% 50% no-repeat;width: 125px;height:90px;margin-bottom: 5px;background-size: cover; \"><\/div>\n\t\t\t\t\t\t\t\t\t  <\/div>\n\t\t\t\t\t\t\t\t\t  \n\t\t\t\t\t\t\t\t   <span class=\"yuzo__text--title\" style=\"font-size:13px;\">Ataque de Trump \u00e0 ci\u00eancia \u00e9 tiro no pr\u00f3prio p\u00e9, ma...<\/span>\n\t\t\t\t\t\t\t  \n\t\t\t\t\t\t\t  \n\t\t\t\t\t\t\t  <\/a>\n\n\t\t\t\t\t\t  <\/div>\n\t\t\t\t\t\t  <div class=\"relatedthumb \" style=\"width:125px;float:left;overflow:hidden;\">  \n\t\t\t\t\t\t\t  \n\t\t\t\t\t\t\t  <a  href=\"https:\/\/redept.com.br\/blogosfera\/em-bh-1o-festival-de-teatro-do-oprimido-comeca-neste-sabado-5\/\"  >\n\t\t\t\t\t\t\t\t\t  <div class=\"yuzo-img-wrap \" style=\"width: 125px;height:90px;\">\n\t\t\t\t\t\t\t\t\t\t\n\t\t\t\t\t\t\t\t\t\t<div class=\"yuzo-img\" style=\"background:url('https:\/\/redept.org\/blogosfera\/wp-content\/plugins\/yuzo-related-post\/assets\/images\/default.png') 50% 50% no-repeat;width: 125px;height:90px;margin-bottom: 5px;background-size: cover; \"><\/div>\n\t\t\t\t\t\t\t\t\t  <\/div>\n\t\t\t\t\t\t\t\t\t  \n\t\t\t\t\t\t\t\t   <span class=\"yuzo__text--title\" style=\"font-size:13px;\">Em BH, 1\u00ba Festival de Teatro do Oprimido come\u00e7a ne...<\/span>\n\t\t\t\t\t\t\t  \n\t\t\t\t\t\t\t  \n\t\t\t\t\t\t\t  <\/a>\n\n\t\t\t\t\t\t  <\/div>\n\t\t\t\t\t\t  <div class=\"relatedthumb \" style=\"width:125px;float:left;overflow:hidden;\">  \n\t\t\t\t\t\t\t  \n\t\t\t\t\t\t\t  <a  href=\"https:\/\/redept.com.br\/blogosfera\/alemanha-emirados-arabes-e-reino-unido-rechacam-novas-anexacoes-de-israel\/\"  >\n\t\t\t\t\t\t\t\t\t  <div class=\"yuzo-img-wrap \" style=\"width: 125px;height:90px;\">\n\t\t\t\t\t\t\t\t\t\t\n\t\t\t\t\t\t\t\t\t\t<div class=\"yuzo-img\" style=\"background:url('https:\/\/redept.com.br\/blogosfera\/wp-content\/uploads\/2025\/09\/netanyahu_-_january_2018iiib-2-150x150.webp') 50% 50% no-repeat;width: 125px;height:90px;margin-bottom: 5px;background-size: cover; \"><\/div>\n\t\t\t\t\t\t\t\t\t  <\/div>\n\t\t\t\t\t\t\t\t\t  \n\t\t\t\t\t\t\t\t   <span class=\"yuzo__text--title\" style=\"font-size:13px;\">Alemanha, Emirados \u00c1rabes e Reino Unido recha\u00e7am n...<\/span>\n\t\t\t\t\t\t\t  \n\t\t\t\t\t\t\t  \n\t\t\t\t\t\t\t  <\/a>\n\n\t\t\t\t\t\t  <\/div>\n<\/div> <script>\n\t\t\t\t\t\t  jQuery(document).ready(function( $ ){\n\t\t\t\t\t\t\t\/\/jQuery('.yuzo_related_post').equalizer({ overflow : 'relatedthumb' });\n\t\t\t\t\t\t\tjQuery('.yuzo_related_post .yuzo_wraps').equalizer({ columns : '> div' });\n\t\t\t\t\t\t   })\n\t\t\t\t\t\t  <\/script> <!-- End Yuzo :) -->","protected":false},"excerpt":{"rendered":"<p>Baixe Especial 30 anos da Funda\u00e7\u00e3o Perseu Abramo A Funda\u00e7\u00e3o Perseu Abramo (FPA) completa 30 anos no per\u00edodo mais desafiador para a institui\u00e7\u00e3o e tamb\u00e9m para o Partido dos Trabalhadores (PT).\u00a0 S\u00e3o tempos de ascens\u00e3o do fascismo no mundo, em que os valores democr\u00e1ticos est\u00e3o amea\u00e7ados pela ultradireita organizada por todo o planeta, e a [&hellip;]<\/p>\n","protected":false},"author":2,"featured_media":0,"comment_status":"open","ping_status":"closed","sticky":false,"template":"","format":"standard","meta":{"fifu_image_url":"","fifu_image_alt":"","footnotes":""},"categories":[244,2770,63755,6905,4654],"tags":[],"class_list":["post-89961","post","type-post","status-publish","format-standard","hentry","category-artigos","category-formacao-politica","category-reflexao-politica","category-revista","category-trabalho-de-base"],"_links":{"self":[{"href":"https:\/\/redept.com.br\/blogosfera\/wp-json\/wp\/v2\/posts\/89961","targetHints":{"allow":["GET"]}}],"collection":[{"href":"https:\/\/redept.com.br\/blogosfera\/wp-json\/wp\/v2\/posts"}],"about":[{"href":"https:\/\/redept.com.br\/blogosfera\/wp-json\/wp\/v2\/types\/post"}],"author":[{"embeddable":true,"href":"https:\/\/redept.com.br\/blogosfera\/wp-json\/wp\/v2\/users\/2"}],"replies":[{"embeddable":true,"href":"https:\/\/redept.com.br\/blogosfera\/wp-json\/wp\/v2\/comments?post=89961"}],"version-history":[{"count":0,"href":"https:\/\/redept.com.br\/blogosfera\/wp-json\/wp\/v2\/posts\/89961\/revisions"}],"wp:attachment":[{"href":"https:\/\/redept.com.br\/blogosfera\/wp-json\/wp\/v2\/media?parent=89961"}],"wp:term":[{"taxonomy":"category","embeddable":true,"href":"https:\/\/redept.com.br\/blogosfera\/wp-json\/wp\/v2\/categories?post=89961"},{"taxonomy":"post_tag","embeddable":true,"href":"https:\/\/redept.com.br\/blogosfera\/wp-json\/wp\/v2\/tags?post=89961"}],"curies":[{"name":"wp","href":"https:\/\/api.w.org\/{rel}","templated":true}]}}