{"id":89963,"date":"2026-06-02T16:43:34","date_gmt":"2026-06-02T19:43:34","guid":{"rendered":"https:\/\/redept.com.br\/blogosfera\/fpa-30-anos-conhecimento-formacao-da-militancia-e-propostas-para-o-futuro\/"},"modified":"2026-06-02T16:43:34","modified_gmt":"2026-06-02T19:43:34","slug":"fpa-30-anos-conhecimento-formacao-da-militancia-e-propostas-para-o-futuro","status":"publish","type":"post","link":"https:\/\/redept.com.br\/blogosfera\/fpa-30-anos-conhecimento-formacao-da-militancia-e-propostas-para-o-futuro\/","title":{"rendered":"FPA 30 anos: conhecimento, forma\u00e7\u00e3o da milit\u00e2ncia e propostas para o futuro"},"content":{"rendered":"<\/p>\n<div>\n<div>\n<div>\n<div>\n<div><a href=\"https:\/\/teoriaedebate.org.br\/wp-content\/uploads\/sites\/2\/2026\/05\/Revista-TD-30-anos.pdf\" rel=\"noopener\" target=\"_blank\"><strong>Baixe especial 30 anos da Funda\u00e7\u00e3o Perseu Abramo<\/strong><\/a><\/div>\n<\/div>\n<\/div>\n<\/div>\n<\/div>\n<p>A Funda\u00e7\u00e3o Perseu Abramo (FPA) desenvolve atividades de reflex\u00e3o pol\u00edtica e ideol\u00f3gica e promove debates, estudos e pesquisas, com abrang\u00eancia e pluralidade de opini\u00f5es. Espa\u00e7o onde as ideias nascem e florescem com abertura para diverg\u00eancias, busca estimular a formula\u00e7\u00e3o de propostas com o intuito de ajudar o partido a construir um pa\u00eds mais justo e desenvolvido.<\/p>\n<p>H\u00e1 30 anos a FPA trabalha para contribuir com os debates te\u00f3ricos, formar e preparar a grande massa de filiados ao PT, al\u00e9m de oferecer forma\u00e7\u00f5es e informa\u00e7\u00f5es para qualquer cidad\u00e3o que queira conhecer o pensamento cr\u00edtico e de esquerda.<\/p>\n<p>Institu\u00edda por decis\u00e3o do Diret\u00f3rio Nacional no dia 5 de maio de 1996, a miss\u00e3o da institui\u00e7\u00e3o \u00e9 baseada em \u201cpesquisa, elabora\u00e7\u00e3o doutrin\u00e1ria e contribui\u00e7\u00e3o para a educa\u00e7\u00e3o pol\u00edtica dos filiados e filiadas do Partido dos Trabalhadores e do povo trabalhador brasileiro\u201d.<\/p>\n<p>A gest\u00e3o atual da FPA come\u00e7ou no in\u00edcio de 2020, poucos meses antes de um dos per\u00edodos mais preocupantes j\u00e1 enfrentados pela humanidade, a pandemia do Coronav\u00edrus. Enquanto sair \u00e0s ruas n\u00e3o era recomendado, a Funda\u00e7\u00e3o organizou uma s\u00e9rie de atividades remotas como debates e programas de entrevistas com o objetivo de manter o campo progressista informado a partir de an\u00e1lises feitas por grandes especialistas sobre os mandos e desmandos do desgoverno de Jair Bolsonaro, que ocupava a presid\u00eancia da Rep\u00fablica. A oferta de cursos \u00e0 dist\u00e2ncia continuou sendo feita como j\u00e1 acontecia.<\/p>\n<p>Durante aquele mandato, sob a presid\u00eancia de Aloizio Mercadante, a FPA criou os N\u00facleos de Acompanhamento de Pol\u00edticas P\u00fablicas (NAPPs) que eram formados por pol\u00edticos, pesquisadores e especialistas que tinham como tarefa analisar as pol\u00edticas institu\u00eddas pelo governo federal da \u00e9poca e criar propostas e solu\u00e7\u00f5es para os problemas que as referidas pol\u00edticas geravam. A partir do trabalho desses n\u00facleos foi pensado o Programa de Reconstru\u00e7\u00e3o e Transforma\u00e7\u00e3o do Brasil que reunia um conjunto de propostas para fazer com que o pa\u00eds sa\u00edsse da crise em que estava com o desmonte de tantas pol\u00edticas e programas.<\/p>\n<p>Esse documento redigido a v\u00e1rias m\u00e3os fez com que a Funda\u00e7\u00e3o ficasse com a responsabilidade de criar o programa de governo do presidente Luiz In\u00e1cio Lula da Silva para as elei\u00e7\u00f5es de 2022, tarefa que foi realizada com excel\u00eancia. Ap\u00f3s as elei\u00e7\u00f5es, Mercadante foi nomeado presidente do Banco Nacional de Desenvolvimento Social (BNDES) e Paulo Okamotto assumiu a presid\u00eancia da Funda\u00e7\u00e3o Perseu Abramo, em abril de 2023.<\/p>\n<p>Com Lula na Presid\u00eancia, o trabalho da FPA se voltou para a forma\u00e7\u00e3o e a produ\u00e7\u00e3o de conhecimento. Cursos de forma\u00e7\u00e3o sobre como ser dirigente partid\u00e1rio passaram a ser um dos focos centrais da entidade, al\u00e9m da cria\u00e7\u00e3o de uma longa lista de cartilhas sobre pr\u00e1ticas de atualiza\u00e7\u00e3o de discurso. Um exemplo de material bem sucedido \u00e9 a cartilha \u201cComo fazer trabalho de base\u201d. Em 2024, a Funda\u00e7\u00e3o realizou um trabalho in\u00e9dito e desenvolveu uma s\u00e9rie de materiais com o objetivo de oferecer suporte program\u00e1tico para candidaturas municipais, tanto para o Legislativo como para o Executivo. Materiais voltados para a milit\u00e2ncia tamb\u00e9m foram desenvolvidos. S\u00e3o trinta anos de desenvolvimento de ideias, forma\u00e7\u00e3o da milit\u00e2ncia e difus\u00e3o de conhecimento e conte\u00fados fundamentais para a democracia e a constru\u00e7\u00e3o de uma sociedade justa e igualit\u00e1ria.<\/p>\n<h5><strong>Diretoria de Forma<\/strong><strong>\u00e7\u00e3o FPA<\/strong><\/h5>\n<figure><img fetchpriority=\"high\" data-dominant-color=\"5f5f63\" data-has-transparency=\"false\" fetchpriority=\"high\" decoding=\"async\" width=\"1024\" height=\"683\" sizes=\"(max-width: 1024px) 100vw, 1024px\"src=\"https:\/\/redept.com.br\/blogosfera\/wp-content\/uploads\/2026\/06\/2024_07_01_Aula_Inaugural_Belluzzo_Ft_Sergio_Silva_FPA-17.webp\" alt=\"\" srcset=\"https:\/\/fpabramo.org.br\/wp-content\/uploads\/2026\/05\/2024_07_01_Aula_Inaugural_Belluzzo_Ft_Sergio_Silva_FPA-17-1024x683.webp 1024w, https:\/\/fpabramo.org.br\/wp-content\/uploads\/2026\/05\/2024_07_01_Aula_Inaugural_Belluzzo_Ft_Sergio_Silva_FPA-17-300x200.webp 300w, https:\/\/fpabramo.org.br\/wp-content\/uploads\/2026\/05\/2024_07_01_Aula_Inaugural_Belluzzo_Ft_Sergio_Silva_FPA-17-150x100.webp 150w, https:\/\/fpabramo.org.br\/wp-content\/uploads\/2026\/05\/2024_07_01_Aula_Inaugural_Belluzzo_Ft_Sergio_Silva_FPA-17-768x512.webp 768w, https:\/\/redept.com.br\/blogosfera\/wp-content\/uploads\/2026\/06\/2024_07_01_Aula_Inaugural_Belluzzo_Ft_Sergio_Silva_FPA-17.webp 1500w\"><figcaption>Foto: S\u00e9rgio Silva.<\/figcaption><\/figure>\n<\/p>\n<p>A Funda\u00e7\u00e3o Perseu Abramo tem se dedicado ao projeto de<a href=\"https:\/\/fpabramo.org.br\/formacao\/\"> Forma\u00e7\u00e3o Pol\u00edtica<\/a>, com cursos para a base partid\u00e1ria, movimentos sociais, dirigentes e gestores p\u00fablicos de esquerda, sempre com o objetivo de congregar a milit\u00e2ncia para o debate pol\u00edtico e estimular a reflex\u00e3o sobre as estrat\u00e9gias de organiza\u00e7\u00e3o e prepara\u00e7\u00e3o para os desafios e enfrentamentos atuais.<\/p>\n<p>Realiza semin\u00e1rios, cursos e atividades abertas ao p\u00fablico em plataformas de ensino a dist\u00e2ncia, discutindo variados temas para que a forma\u00e7\u00e3o melhore a a\u00e7\u00e3o pol\u00edtica de esquerda em todo o pa\u00eds. As videoaulas podem ser acessadas por todos, em qualquer dia e hor\u00e1rio, o que democratiza o debate e a reflex\u00e3o pol\u00edtica para milhares de pessoas.<\/p>\n<p>Em 2025 foram realizados v\u00e1rios cursos, com 16.593 inscritos: Hist\u00f3ria e Pol\u00edtica III \u2013 A extrema direita hoje; \u00d3dio e Guerra pelo Poder; Revisitando a Hist\u00f3ria do Brasil \u2013 Debates e Embates; Desenvolvimento, Trabalho e Pol\u00edticas P\u00fablicas, curso de extens\u00e3o em parceria com a Unicamp; Outra Economia: Economia Solid\u00e1ria \u2013 Estrat\u00e9gias de Mobiliza\u00e7\u00e3o e Engajamento; O poder global e a geopol\u00edtica do s\u00e9culo 21, curso de extens\u00e3o em parceria com a Universidade Estadual do Rio de Janeiro (UERJ).<\/p>\n<p>Foram ainda finalizados os livros<a href=\"https:\/\/fpabramo.org.br\/livro\/emergencia-climatica-reflexoes-a-partir-da-classe-trabalhadora\/\"><em><strong> Emerg\u00eancia Clim\u00e1tica<\/strong> <strong>e<\/strong><\/em> <\/a><em><a href=\"https:\/\/fpabramo.org.br\/livro\/emergencia-climatica-reflexoes-a-partir-da-classe-trabalhadora\/\"><strong>Trabalho <\/strong><\/a>e <\/em><a href=\"https:\/\/fpabramo.org.br\/livro\/desafios-e-solucoes-para-o-desenvolvimento-nacional-reconstrucao-e-transformacao-um-tributo-a-maria-da-conceicao-tavares\/\"><em><strong>Desafios e Solu\u00e7\u00f5es para o Desenvolvimento Nacional<\/strong><\/em><\/a>, ambos impressos para lan\u00e7amento, em parceria com a Editora da Funda\u00e7\u00e3o Perseu Abramo (Editora FPA).<\/p>\n<h5><strong>Escola Nacional de Forma<\/strong><strong>\u00e7\u00e3o<\/strong><\/h5>\n<figure><img data-dominant-color=\"655f5b\" data-has-transparency=\"false\" decoding=\"async\" width=\"1024\" height=\"683\" sizes=\"(max-width: 1024px) 100vw, 1024px\"src=\"https:\/\/redept.com.br\/blogosfera\/wp-content\/uploads\/2026\/06\/2025_01_31_Formacao_conselheiros_conselheiras_municipais_SP_Ft_SergioSilva_FPA_38.webp\" alt=\"\" srcset=\"https:\/\/fpabramo.org.br\/wp-content\/uploads\/2026\/05\/2025_01_31_Formacao_conselheiros_conselheiras_municipais_SP_Ft_SergioSilva_FPA_38-1024x683.webp 1024w, https:\/\/fpabramo.org.br\/wp-content\/uploads\/2026\/05\/2025_01_31_Formacao_conselheiros_conselheiras_municipais_SP_Ft_SergioSilva_FPA_38-300x200.webp 300w, https:\/\/fpabramo.org.br\/wp-content\/uploads\/2026\/05\/2025_01_31_Formacao_conselheiros_conselheiras_municipais_SP_Ft_SergioSilva_FPA_38-150x100.webp 150w, https:\/\/fpabramo.org.br\/wp-content\/uploads\/2026\/05\/2025_01_31_Formacao_conselheiros_conselheiras_municipais_SP_Ft_SergioSilva_FPA_38-768x512.webp 768w, https:\/\/redept.com.br\/blogosfera\/wp-content\/uploads\/2026\/06\/2025_01_31_Formacao_conselheiros_conselheiras_municipais_SP_Ft_SergioSilva_FPA_38.webp 1500w\"><figcaption><em>Foto: S\u00e9rgio Silva\/FPA<\/em><\/figcaption><\/figure>\n<\/p>\n<p>A Escola Nacional de Forma\u00e7\u00e3o (ENF) oferece processos formativos para novos filiados e militantes de base do PT; dirigentes e integrantes das inst\u00e2ncias partid\u00e1rias e setoriais; parlamentares, gestores p\u00fablicos, militantes que atuam em governos dos quais o PT participa; e petistas que atuam nos movimentos sociais. Para cumprir tal miss\u00e3o, desenvolve atividades presenciais e virtuais, orientadas por suas Diretrizes Curriculares e Metodol\u00f3gicas. Saiba mais em <a href=\"https:\/\/www.enfpt.org.br\/\" target=\"_blank\" rel=\"noopener\">https:\/\/www.enfpt.org.br\/<\/a><\/p>\n<p>A gest\u00e3o da Escola \u00e9 compartilhada entre a Secretaria Nacional de Forma\u00e7\u00e3o do Partido dos Trabalhadores e a Funda\u00e7\u00e3o Perseu Abramo, com foco na articula\u00e7\u00e3o de secretarias estaduais, setoriais e coletivos, al\u00e9m da organiza\u00e7\u00e3o de uma rede nacional integrada de a\u00e7\u00f5es nos n\u00edveis municipal, estadual e nacional. Em 2025, foi constru\u00eddo de forma participativa o <em>Plano Nacional de Forma\u00e7\u00e3o 2026<\/em>, com reuni\u00f5es nacionais, escuta das secretarias estaduais, consulta \u00e0 Rede de Educadores e consulta direta \u00e0 milit\u00e2ncia, consolidando as diretrizes do pr\u00f3ximo ciclo.<\/p>\n<p>A <em>Jornada Nova Primavera<\/em>, principal processo nacional de forma\u00e7\u00e3o do PT, na edi\u00e7\u00e3o 2024\/2025, marcou presen\u00e7a nos 27 estados. Foram realizadas oficinas nacionais, plen\u00e1rias estaduais, atividades territoriais e eventos virtuais de car\u00e1ter nacional, ao vivo. Aconteceram atividades formativas em munic\u00edpios de todas as regi\u00f5es do pa\u00eds, sempre articuladas \u00e0s oficinas nacionais com mobiliza\u00e7\u00e3o de militantes, dirigentes e educadores populares nos territ\u00f3rios. Houve ainda atividades voltadas \u00e0 organiza\u00e7\u00e3o popular e \u00e0 mobiliza\u00e7\u00e3o territorial, com capacita\u00e7\u00e3o de multiplicadores e apoio direto \u00e0s a\u00e7\u00f5es de base nos estados.<\/p>\n<p>A ENF articula h\u00e1 alguns anos a Rede de Educadores(as) e a Rede de Formadores Populares. Durante o ano de 2025 foram realizados encontros presenciais e virtuais para fortalecimento delas, buscando alinhamento metodol\u00f3gico, troca de experi\u00eancias e apoio \u00e0s forma\u00e7\u00f5es estaduais e nacionais. Outro projeto da Escola \u00e9 o Curso de Dirigentes, com etapas presenciais em v\u00e1rios estados.<\/p>\n<p>Cursos e oficinas virtuais voltadas \u00e0 qualifica\u00e7\u00e3o de candidaturas petistas inclu\u00edram conte\u00fados sobre campanha, organiza\u00e7\u00e3o, comunica\u00e7\u00e3o e estrat\u00e9gia eleitoral. A ENF tamb\u00e9m estabeleceu a forma\u00e7\u00e3o: <em>Modo Petista de A\u00e7\u00e3o Parlamentar Continuada<\/em>, voltada para vereadores, assessores e militantes. O foco do curso que continua dispon\u00edvel na plataforma virtual de ensino a dist\u00e2ncia foca em comunica\u00e7\u00e3o pol\u00edtica, or\u00e7amento p\u00fablico e rela\u00e7\u00e3o com a base social.<\/p>\n<p>Outro projeto formativo que teve uma s\u00e9rie de encontros em 2025 foi o <em>F\u00e9 e Democracia<\/em>. Em rodas de conversa ou em atividades online sobre f\u00e9, pol\u00edtica, democracia, ecologia e justi\u00e7a social percorrendo v\u00e1rios estados, a ENF tratou de um tema t\u00e3o importante na atualidade, que \u00e9 a rela\u00e7\u00e3o entre religi\u00e3o e pol\u00edtica.<\/p>\n<p>Em 2025, houve uma grande preocupa\u00e7\u00e3o com os conselhos participativos das cidades e, por isso, a Escola Nacional desenvolveu uma forma\u00e7\u00e3o espec\u00edfica para a atua\u00e7\u00e3o de Conselheiros Participativos nos munic\u00edpios, tanto titulares como suplentes.<\/p>\n<p>Por meio da inova\u00e7\u00e3o da plataforma digital de forma\u00e7\u00e3o (AVA), foi poss\u00edvel ampliar e atualizar o Ambiente Virtual de Aprendizagem, com cursos interativos e conte\u00fados digitais, al\u00e9m de oferecer suporte online \u00e0s a\u00e7\u00f5es formativas nacionais e estaduais, monitoramento pedag\u00f3gico e apoio aos estados.<\/p>\n<\/p>\n<h5><strong>N<\/strong><strong>\u00facleo de Opini\u00e3o P\u00fablica, Pesquisas e Estudos (NOPPE)<\/strong><\/h5>\n<\/p>\n<figure><img data-dominant-color=\"a49f9d\" data-has-transparency=\"false\" decoding=\"async\" width=\"1024\" height=\"683\" sizes=\"(max-width: 1024px) 100vw, 1024px\"src=\"https:\/\/redept.com.br\/blogosfera\/wp-content\/uploads\/2026\/06\/2025_09_23_pesquisa_Mulheres_Ft_Sergio_Silva_FPA_08-2048x1366-1.webp\" alt=\"\" srcset=\"https:\/\/fpabramo.org.br\/wp-content\/uploads\/2026\/05\/2025_09_23_pesquisa_Mulheres_Ft_Sergio_Silva_FPA_08-1024x683.webp 1024w, https:\/\/fpabramo.org.br\/wp-content\/uploads\/2026\/05\/2025_09_23_pesquisa_Mulheres_Ft_Sergio_Silva_FPA_08-300x200.webp 300w, https:\/\/fpabramo.org.br\/wp-content\/uploads\/2026\/05\/2025_09_23_pesquisa_Mulheres_Ft_Sergio_Silva_FPA_08-150x100.webp 150w, https:\/\/fpabramo.org.br\/wp-content\/uploads\/2026\/05\/2025_09_23_pesquisa_Mulheres_Ft_Sergio_Silva_FPA_08-768x512.webp 768w, https:\/\/fpabramo.org.br\/wp-content\/uploads\/2026\/05\/2025_09_23_pesquisa_Mulheres_Ft_Sergio_Silva_FPA_08-1536x1024.webp 1536w, https:\/\/redept.com.br\/blogosfera\/wp-content\/uploads\/2026\/06\/2025_09_23_pesquisa_Mulheres_Ft_Sergio_Silva_FPA_08-2048x1366-1.webp 2048w\"><figcaption><em>Foto: S\u00e9rgio Silva\/FPA<\/em><\/figcaption><\/figure>\n<\/p>\n<p>Na \u00e1rea de <a href=\"https:\/\/fpabramo.org.br\/pesquisa\/\">opini\u00e3o p\u00fablica<\/a>, a FPA realizou 7 pesquisas e acompanhamentos em 2025, incluindo a terceira edi\u00e7\u00e3o de uma pesquisa muito importante para todo o pa\u00eds sobre mulheres e g\u00eanero. Al\u00e9m disso, foram realizadas an\u00e1lises de levantamentos feitos por outros institutos para ler o Brasil de perto e orientar a estrat\u00e9gia com evid\u00eancia.<\/p>\n<p>O Noppe foi fundado em 1997 e possui um hist\u00f3rico robusto de produ\u00e7\u00e3o de pesquisas. J\u00e1 investigou temas como a juventude brasileira, o racismo no Brasil, a quest\u00e3o ind\u00edgena, as mulheres e a viol\u00eancia de g\u00eanero, os idosos, diversidade sexual e homofobia e a cultura pol\u00edtica dos brasileiros e brasileiras, trazendo em cada momento contribui\u00e7\u00f5es consider\u00e1veis para o debate p\u00fablico nacional.<\/p>\n<p>Nos \u00faltimos cinco anos o trabalho foi organizado a fim de produzir diagn\u00f3sticos para entender os caminhos percorridos pela opini\u00e3o p\u00fablica, especialmente nas tem\u00e1ticas relacionadas ao comportamento eleitoral, ao mundo do trabalho e \u00e0s mulheres brasileiras.<\/p>\n<\/p>\n<h5><strong>Editora<\/strong><\/h5>\n<\/p>\n<figure><img data-dominant-color=\"7b7371\" data-has-transparency=\"false\" decoding=\"async\" width=\"1024\" height=\"683\" sizes=\"(max-width: 1024px) 100vw, 1024px\"src=\"https:\/\/redept.com.br\/blogosfera\/wp-content\/uploads\/2026\/06\/2023_12_09_CE_stand_FPA_Ft_SergioSilva_25-2048x1366-1.webp\" alt=\"\" srcset=\"https:\/\/fpabramo.org.br\/wp-content\/uploads\/2026\/05\/2023_12_09_CE_stand_FPA_Ft_SergioSilva_25-1024x683.webp 1024w, https:\/\/fpabramo.org.br\/wp-content\/uploads\/2026\/05\/2023_12_09_CE_stand_FPA_Ft_SergioSilva_25-300x200.webp 300w, https:\/\/fpabramo.org.br\/wp-content\/uploads\/2026\/05\/2023_12_09_CE_stand_FPA_Ft_SergioSilva_25-150x100.webp 150w, https:\/\/fpabramo.org.br\/wp-content\/uploads\/2026\/05\/2023_12_09_CE_stand_FPA_Ft_SergioSilva_25-768x512.webp 768w, https:\/\/fpabramo.org.br\/wp-content\/uploads\/2026\/05\/2023_12_09_CE_stand_FPA_Ft_SergioSilva_25-1536x1024.webp 1536w, https:\/\/redept.com.br\/blogosfera\/wp-content\/uploads\/2026\/06\/2023_12_09_CE_stand_FPA_Ft_SergioSilva_25-2048x1366-1.webp 2048w\"><figcaption>Foto: S\u00e9rgio Silva\/FPA<\/figcaption><\/figure>\n<p>A <a href=\"https:\/\/fpabramo.org.br\/editora\/\">Editora da FPA<\/a> tem seu marco inicial em 1997, com o livro em homenagem a Perseu Abramo (1929-1996). Se destaca com autores e obras importantes na disputa de ideias e assim conquista a aten\u00e7\u00e3o de militantes, pesquisadores, estudantes e educadores. Cl\u00e1ssicos foram publicados, como Marilena Chaui (<em>Brasil: mito fundador e sociedade autorit\u00e1ria, primeiro volume da cole\u00e7\u00e3o Hist\u00f3ria do Povo Brasileiro<\/em>), Michael Lowy (<em>Marxismo na Am\u00e9rica Latina<\/em>), Alo\u00edsio Biondi (<em>Brasil privatizado<\/em>), Jacob Gorender (<em>O escravismo colonial<\/em>), Denise Paran\u00e1 (<em>Lula, o filho do Brasil<\/em>), John French (<em>Lula e a pol\u00edtica da ast\u00facia<\/em>), Paul Singer (<em>Introdu\u00e7\u00e3o \u00e0 economia solid\u00e1ria, Uma utopia militante, Desenvolvimento e crise<\/em>), Mario Pedrosa-Leon Trotsky (<em>Revolu\u00e7\u00e3o e contrarrevolu\u00e7\u00e3o na Alemanha<\/em>). Mais de 300 t\u00edtulos est\u00e3o dispon\u00edveis para download no <a href=\"https:\/\/fpabramo.org.br\/livro\/\">site da Funda\u00e7\u00e3o<\/a>.<\/p>\n<\/p>\n<h5><strong>CSBH<\/strong><\/h5>\n<figure><img loading=\"lazy\" data-dominant-color=\"837f8a\" data-has-transparency=\"false\" decoding=\"async\" width=\"1024\" height=\"576\" sizes=\"(max-width: 1024px) 100vw, 1024px\"src=\"https:\/\/redept.com.br\/blogosfera\/wp-content\/uploads\/2026\/06\/Memoria_da_luta_antirracista_matilde_ribeiro.webp\" alt=\"\" srcset=\"https:\/\/fpabramo.org.br\/wp-content\/uploads\/2026\/05\/Memoria_da_luta_antirracista_matilde_ribeiro-1024x576.webp 1024w, https:\/\/fpabramo.org.br\/wp-content\/uploads\/2026\/05\/Memoria_da_luta_antirracista_matilde_ribeiro-300x169.webp 300w, https:\/\/fpabramo.org.br\/wp-content\/uploads\/2026\/05\/Memoria_da_luta_antirracista_matilde_ribeiro-150x84.webp 150w, https:\/\/fpabramo.org.br\/wp-content\/uploads\/2026\/05\/Memoria_da_luta_antirracista_matilde_ribeiro-768x432.webp 768w, https:\/\/fpabramo.org.br\/wp-content\/uploads\/2026\/05\/Memoria_da_luta_antirracista_matilde_ribeiro-1536x864.webp 1536w, https:\/\/redept.com.br\/blogosfera\/wp-content\/uploads\/2026\/06\/Memoria_da_luta_antirracista_matilde_ribeiro.webp 1920w\"><figcaption>Matilde Ribeiro<\/figcaption><\/figure>\n<p>O <a href=\"https:\/\/fpabramo.org.br\/csbh\/\">Centro de Documenta\u00e7\u00e3o e Mem\u00f3ria Pol\u00edtica S\u00e9rgio Buarque de Holanda (CSBH)<\/a>\u00a0 tem sob sua guarda registros de uma das experi\u00eancias mais importantes da classe trabalhadora na hist\u00f3ria recente do Brasil. O CSBH \u00e9 respons\u00e1vel pelo tratamento do arquivo hist\u00f3rico do Diret\u00f3rio Nacional do PT, bem como pelo fomento \u00e0 pesquisa e \u00e0 reflex\u00e3o sobre a hist\u00f3ria do partido, da esquerda e da classe trabalhadora, atuando em diversas frentes de trabalho.<\/p>\n<p>No site \u00e9 poss\u00edvel conhecer o acervo, marcar visitas, saber mais sobre produ\u00e7\u00f5es, eventos e exposi\u00e7\u00f5es virtuais. Ao longo de 2025, foram realizadas tr\u00eas confer\u00eancias do ciclo de debates \u201cMem\u00f3ria da Luta Antirracista\u201d. As discuss\u00f5es aconteceram na Bahia, no Rio Grande do Sul e em S\u00e3o Paulo, com sucesso de participa\u00e7\u00e3o e p\u00fablico.<\/p>\n<figure><img loading=\"lazy\" data-dominant-color=\"8a817e\" data-has-transparency=\"false\" decoding=\"async\" width=\"1024\" height=\"683\" sizes=\"(max-width: 1024px) 100vw, 1024px\"src=\"https:\/\/redept.com.br\/blogosfera\/wp-content\/uploads\/2026\/06\/2024_0_27_Homenagem_Flavio_Jorge_SP_Ft_Sergio_Silva_FPA-2048x1366-1.webp\" alt=\"\" srcset=\"https:\/\/fpabramo.org.br\/wp-content\/uploads\/2026\/05\/2024_0_27_Homenagem_Flavio_Jorge_SP_Ft_Sergio_Silva_FPA-1024x683.webp 1024w, https:\/\/fpabramo.org.br\/wp-content\/uploads\/2026\/05\/2024_0_27_Homenagem_Flavio_Jorge_SP_Ft_Sergio_Silva_FPA-300x200.webp 300w, https:\/\/fpabramo.org.br\/wp-content\/uploads\/2026\/05\/2024_0_27_Homenagem_Flavio_Jorge_SP_Ft_Sergio_Silva_FPA-150x100.webp 150w, https:\/\/fpabramo.org.br\/wp-content\/uploads\/2026\/05\/2024_0_27_Homenagem_Flavio_Jorge_SP_Ft_Sergio_Silva_FPA-768x512.webp 768w, https:\/\/fpabramo.org.br\/wp-content\/uploads\/2026\/05\/2024_0_27_Homenagem_Flavio_Jorge_SP_Ft_Sergio_Silva_FPA-1536x1024.webp 1536w, https:\/\/redept.com.br\/blogosfera\/wp-content\/uploads\/2026\/06\/2024_0_27_Homenagem_Flavio_Jorge_SP_Ft_Sergio_Silva_FPA-2048x1366-1.webp 2048w\"><figcaption>Homenagem a Fl\u00e1vio Jorge\/Foto: S\u00e9rgio Silva\/FPA<\/figcaption><\/figure>\n<p>Nas atividades do eixo Mem\u00f3ria da Milit\u00e2ncia, foram organizados acervos e produzidas entrevistas em v\u00eddeo que fazem parte de uma s\u00e9rie intitulada\u00a0 Hist\u00f3ria Oral com os ex-presidentes da FPA, tendo em vista as celebra\u00e7\u00f5es dos 30 anos da institui\u00e7\u00e3o.<\/p>\n<p>O acervo da Secretaria Nacional de Meio Ambiente e Desenvolvimento do Partido dos Trabalhadores (SMAD-PT) foi recolhido, organizado e tratado. A partir desse trabalho foi organizada a exposi\u00e7\u00e3o documental \u201cEcologia sem luta de classes \u00e9 jardinagem\u2019: o Partido dos Trabalhadores na luta socioambiental\u201d. Outra publica\u00e7\u00e3o foi do Guia de Fundos e Cole\u00e7\u00f5es Arquiv\u00edsticos do CSBH, que apresenta o funcionamento do acervo.<\/p>\n<\/p>\n<p>O CSBH foi respons\u00e1vel pela edi\u00e7\u00e3o do livro que d\u00e1 origem \u00e0 Cole\u00e7\u00e3o Cadernos Antonio Candido, com o primeiro volume dedicado a esse intelectual. Al\u00e9m disso, o acervo f\u00edsico da revista Teoria e Debate est\u00e1 sendo digitalizado integralmente e estar\u00e1 dispon\u00edvel na internet. O Centro tamb\u00e9m contribui com a produ\u00e7\u00e3o de conte\u00fados formativos para redes sociais da FPA nos quais s\u00e3o celebradas datas hist\u00f3ricas, personalidades importantes para a hist\u00f3ria nacional e internacional da esquerda e momentos marcantes registrados em imagens.<\/p>\n<\/p>\n<h5><strong>Centro de Altos Estudos<\/strong><\/h5>\n<\/p>\n<figure><img loading=\"lazy\" data-dominant-color=\"706965\" data-has-transparency=\"false\" decoding=\"async\" width=\"1024\" height=\"683\" sizes=\"(max-width: 1024px) 100vw, 1024px\"src=\"https:\/\/redept.com.br\/blogosfera\/wp-content\/uploads\/2026\/06\/2025_09_19_SeminarioLGBTQIA_mesa_de_abertura_Ft_Sergio_Silva_FPA-2048x1366-1.webp\" alt=\"\" srcset=\"https:\/\/fpabramo.org.br\/wp-content\/uploads\/2026\/05\/2025_09_19_SeminarioLGBTQIA_mesa_de_abertura_Ft_Sergio_Silva_FPA-1024x683.webp 1024w, https:\/\/fpabramo.org.br\/wp-content\/uploads\/2026\/05\/2025_09_19_SeminarioLGBTQIA_mesa_de_abertura_Ft_Sergio_Silva_FPA-300x200.webp 300w, https:\/\/fpabramo.org.br\/wp-content\/uploads\/2026\/05\/2025_09_19_SeminarioLGBTQIA_mesa_de_abertura_Ft_Sergio_Silva_FPA-150x100.webp 150w, https:\/\/fpabramo.org.br\/wp-content\/uploads\/2026\/05\/2025_09_19_SeminarioLGBTQIA_mesa_de_abertura_Ft_Sergio_Silva_FPA-768x512.webp 768w, https:\/\/fpabramo.org.br\/wp-content\/uploads\/2026\/05\/2025_09_19_SeminarioLGBTQIA_mesa_de_abertura_Ft_Sergio_Silva_FPA-1536x1024.webp 1536w, https:\/\/redept.com.br\/blogosfera\/wp-content\/uploads\/2026\/06\/2025_09_19_SeminarioLGBTQIA_mesa_de_abertura_Ft_Sergio_Silva_FPA-2048x1366-1.webp 2048w\"><figcaption>Mesa de abertura do Semin\u00e1rio Nacional \u2013 A realidade das pessoas LGBTQIA+ e os desafios do PT.  Foto: S\u00e9rgio Silva.<\/figcaption><\/figure>\n<p>O <strong>Centro de Altos Estudos (CAE)<\/strong> realiza projetos com o objetivo de discutir e elaborar com profundidade quest\u00f5es importantes para o Brasil. O Plano de Reconstru\u00e7\u00e3o e Transforma\u00e7\u00e3o do Brasil, por exemplo, foi gestado dentro do CAE, nos chamados N\u00facleos de Acompanhamento de Pol\u00edticas P\u00fablicas (NAPPs). Esses N\u00facleos v\u00eam sendo uma parte importante do Centro de Altos Estudos, re\u00fanem pessoas especializadas, pesquisadoras, gestoras e militantes para debater e elaborar propostas para o aprimoramento de pol\u00edticas p\u00fablicas no Brasil. Trabalham fomentando debates, produzindo conhecimento e apoiando lideran\u00e7as petistas do Executivo e do Legislativo.<\/p>\n<p>Em 2025, funcionaram os NAPPs Agr\u00edcola e Agr\u00e1rio; Cidades; Ci\u00eancia, Tecnologia e Inova\u00e7\u00e3o; Comunica\u00e7\u00e3o; Cultura; Desenvolvimento Social; Direitos dos Animais; Direitos Humanos; Economia Solid\u00e1ria; Educa\u00e7\u00e3o; Energia; Esporte e Lazer; Estado, Democracia e Institui\u00e7\u00f5es; Igualdade Racial; Ind\u00fastria; Infraestrutura, Transporte e Log\u00edstica; Juventude; LGBT; Meio Ambiente; Micro e Pequena Empresa; Mulheres; Nordeste; Pessoa Idosa; Pol\u00edtica Externa; Sa\u00fade; Seguran\u00e7a P\u00fablica; Tecnologia da Informa\u00e7\u00e3o e Comunica\u00e7\u00e3o; Trabalho e Turismo.<\/p>\n<p>O CAE tem atuado em tr\u00eas grandes frentes: constru\u00e7\u00e3o de conhecimento e subs\u00eddio para a milit\u00e2ncia; formula\u00e7\u00e3o e discuss\u00e3o sobre pol\u00edticas p\u00fablicas e agenda emergente; e subs\u00eddio ao debate com a sociedade e \u00e0 forma\u00e7\u00e3o de quadros dirigentes.<\/p>\n<p>Entre as atividades realizadas em 2025, est\u00e3o eventos tem\u00e1ticos estrat\u00e9gicos, como os semin\u00e1rios sobre experi\u00eancias progressistas bem sucedidas na Am\u00e9rica Latina e COP 30 e o Desenvolvimento da Amaz\u00f4nia, ambos realizados na celebra\u00e7\u00e3o dos 45 anos do PT.<\/p>\n<\/p>\n<h5><strong>Comunica<\/strong><strong>\u00e7\u00e3o<\/strong><\/h5>\n<figure>\n<figure><img loading=\"lazy\" data-dominant-color=\"76706d\" data-has-transparency=\"false\" decoding=\"async\" width=\"1024\" height=\"683\" sizes=\"(max-width: 1024px) 100vw, 1024px\" data-id=\"193794\"src=\"https:\/\/redept.com.br\/blogosfera\/wp-content\/uploads\/2026\/06\/Leitura_revista-2048x1366-1.webp\" alt=\"\" srcset=\"https:\/\/fpabramo.org.br\/wp-content\/uploads\/2026\/05\/Leitura_revista-1024x683.webp 1024w, https:\/\/fpabramo.org.br\/wp-content\/uploads\/2026\/05\/Leitura_revista-300x200.webp 300w, https:\/\/fpabramo.org.br\/wp-content\/uploads\/2026\/05\/Leitura_revista-150x100.webp 150w, https:\/\/fpabramo.org.br\/wp-content\/uploads\/2026\/05\/Leitura_revista-768x512.webp 768w, https:\/\/fpabramo.org.br\/wp-content\/uploads\/2026\/05\/Leitura_revista-1536x1024.webp 1536w, https:\/\/redept.com.br\/blogosfera\/wp-content\/uploads\/2026\/06\/Leitura_revista-2048x1366-1.webp 2048w\"><\/figure>\n<figure><img loading=\"lazy\" data-dominant-color=\"afb2b1\" data-has-transparency=\"false\" decoding=\"async\" width=\"1024\" height=\"683\" sizes=\"(max-width: 1024px) 100vw, 1024px\" data-id=\"193797\"src=\"https:\/\/redept.com.br\/blogosfera\/wp-content\/uploads\/2026\/06\/2024_04_24_Fernanda_Teoria_e_Debate_Ft_Joao_Heitor_06-scaled-1-2048x1366-1.webp\" alt=\"\" srcset=\"https:\/\/fpabramo.org.br\/wp-content\/uploads\/2026\/05\/2024_04_24_Fernanda_Teoria_e_Debate_Ft_Joao_Heitor_06-scaled-1-1024x683.webp 1024w, https:\/\/fpabramo.org.br\/wp-content\/uploads\/2026\/05\/2024_04_24_Fernanda_Teoria_e_Debate_Ft_Joao_Heitor_06-scaled-1-300x200.webp 300w, https:\/\/fpabramo.org.br\/wp-content\/uploads\/2026\/05\/2024_04_24_Fernanda_Teoria_e_Debate_Ft_Joao_Heitor_06-scaled-1-150x100.webp 150w, https:\/\/fpabramo.org.br\/wp-content\/uploads\/2026\/05\/2024_04_24_Fernanda_Teoria_e_Debate_Ft_Joao_Heitor_06-scaled-1-768x512.webp 768w, https:\/\/fpabramo.org.br\/wp-content\/uploads\/2026\/05\/2024_04_24_Fernanda_Teoria_e_Debate_Ft_Joao_Heitor_06-scaled-1-1536x1024.webp 1536w, https:\/\/redept.com.br\/blogosfera\/wp-content\/uploads\/2026\/06\/2024_04_24_Fernanda_Teoria_e_Debate_Ft_Joao_Heitor_06-scaled-1-2048x1366-1.webp 2048w\"><\/figure>\n<\/figure>\n<p>A <strong>Comunica\u00e7\u00e3o da FPA<\/strong> tem a tarefa de cuidar da imagem institucional da institui\u00e7\u00e3o e, ao mesmo tempo, difundir toda a produ\u00e7\u00e3o das diferentes \u00e1reas e projetos, al\u00e9m de atender aos pedidos da imprensa brasileira e estrangeira. O p\u00fablico que a comunica\u00e7\u00e3o da FPA tem a miss\u00e3o de atingir s\u00e3o os dirigentes, os filiados e tamb\u00e9m os militantes do Partido dos Trabalhadores. Os meios para conversar com essas pessoas s\u00e3o: o site da institui\u00e7\u00e3o que re\u00fane tudo o que \u00e9 produzido e que vem sendo remodelado desde 2025; o disparo de e-mails para quem se cadastra no site; o canal de atendimento e os grupos criados na plataforma de mensagens WhatsApp e os canais no Instagram, Facebook, Tiktok, X e Youtube. Esses s\u00e3o os meios de comunica\u00e7\u00e3o direta. Tamb\u00e9m trabalha com a comunica\u00e7\u00e3o por meio dos \u00f3rg\u00e3os de imprensa. E publica as revistas digitais <em>Teoria e Debate<\/em> (mensal) e <em>Focus Brasil<\/em> (semanal).<\/p>\n<p>Nesta gest\u00e3o, iniciada em 2020, a comunica\u00e7\u00e3o tamb\u00e9m foi respons\u00e1vel por projetos e programas que j\u00e1 se encerraram. O in\u00edcio da TV PT ocorreu durante a pandemia, com a equipe de comunica\u00e7\u00e3o da FPA, que produzia e realizava entrevistas ao vivo de forma remota diariamente. Depois, foi criado o programa Observa BR, que teve 66 edi\u00e7\u00f5es. Na sequ\u00eancia, veio o programa Pauta Brasil, que contou com 183 edi\u00e7\u00f5es. Todos esses programas eram voltados a discutir temas da conjuntura em profundidade e continuam dispon\u00edveis no Youtube da FPA para quem quiser assistir. Hoje, o canal tem pouco mais de 73 mil seguidores.<\/p>\n<p>O Instagram \u00e9 a plataforma na qual a Funda\u00e7\u00e3o Perseu Abramo mais cresceu nos \u00faltimos anos. Em 2023, o perfil oficial da FPA somava 11,4 mil seguidores e hoje tem 121 mil. O perfil do Facebook tem 59 mil seguidores. O Tiktok, plataforma mais recente na qual a FPA passou a publicar conte\u00fados, tem quase 8 mil seguidores. Por fim, no X (antigo Twitter) s\u00e3o mais de 26 mil seguidores. A comunica\u00e7\u00e3o trabalha para aumentar todas essas audi\u00eancias publicando conte\u00fados formativos e informativos com uma vis\u00e3o cr\u00edtica e anal\u00edtica da realidade brasileira e internacional.<\/p>\n<p>Em 2021, foi criada a revista semanal <em>Focus Brasil<\/em>. O peri\u00f3dico publicado em pdf\u00a0 transformou-se em refer\u00eancia de informa\u00e7\u00e3o ao longo dos anos. Hoje, j\u00e1 est\u00e1 na sua edi\u00e7\u00e3o n\u00ba 228 e, atualmente, alcan\u00e7a em m\u00e9dia 10 mil usu\u00e1rios por semana. Em 2025, foi criado um programa derivado da revista, o \u201cA Semana em Debate\u201d, dispon\u00edvel no Youtube e no Spotify.<\/p>\n<\/p>\n<h5><strong>N<\/strong><strong>\u00facleo de Coopera\u00e7\u00e3o Internacional<\/strong><\/h5>\n<\/p>\n<figure><img loading=\"lazy\" data-dominant-color=\"938b83\" data-has-transparency=\"false\" decoding=\"async\" width=\"1024\" height=\"544\" sizes=\"(max-width: 1024px) 100vw, 1024px\"src=\"https:\/\/redept.com.br\/blogosfera\/wp-content\/uploads\/2026\/06\/palop.webp\" alt=\"\" srcset=\"https:\/\/fpabramo.org.br\/wp-content\/uploads\/2026\/05\/palop-1024x544.webp 1024w, https:\/\/fpabramo.org.br\/wp-content\/uploads\/2026\/05\/palop-300x159.webp 300w, https:\/\/fpabramo.org.br\/wp-content\/uploads\/2026\/05\/palop-150x80.webp 150w, https:\/\/fpabramo.org.br\/wp-content\/uploads\/2026\/05\/palop-768x408.webp 768w, https:\/\/redept.com.br\/blogosfera\/wp-content\/uploads\/2026\/06\/palop.webp 1378w\"><figcaption>Foto: S\u00e9rgio Silva\/FPA<\/figcaption><\/figure>\n<p>O <a href=\"https:\/\/fpabramo.org.br\/cooperacao-internacional\/\">N\u00facleo de Coopera\u00e7\u00e3o Internacional<\/a> tem como objetivo estimular e fomentar o debate pol\u00edtico sobre as grandes quest\u00f5es mundiais, a pol\u00edtica externa dos governos petistas e a pol\u00edtica internacional dos partidos de esquerda e progressistas, especialmente na Am\u00e9rica Latina e Caribe. O NCI realiza confer\u00eancias, semin\u00e1rios, cursos, debates, publica\u00e7\u00e3o de textos, viagens de interc\u00e2mbio \u2013 sempre que poss\u00edvel em coopera\u00e7\u00e3o com funda\u00e7\u00f5es, institui\u00e7\u00f5es acad\u00eamicas e organiza\u00e7\u00f5es de estudos e pesquisas nacionais e internacionais.<\/p>\n<p>Ao longo de 2025, o N\u00facleo realizou uma s\u00e9rie de atividades com vistas ao fortalecimento da integra\u00e7\u00e3o latino-americana e caribenha; participou de atividades em f\u00f3runs internacionais das for\u00e7as de esquerda e progressistas; manteve rela\u00e7\u00f5es permanentes de interc\u00e2mbio com funda\u00e7\u00f5es partid\u00e1rias parceiras, universidades e outras institui\u00e7\u00f5es; realizou debates e produziu programas sobre a conjuntura internacional transmitidos por suas redes sociais. No \u00e2mbito das atividades permanentes, recebeu a visita de representa\u00e7\u00f5es diplom\u00e1ticas, partid\u00e1rias, universit\u00e1rias, etc; e editou livros da Cole\u00e7\u00e3o Internacional da Editora e do N\u00facleo de Coopera\u00e7\u00e3o Internacional.<\/p>\n<p>Al\u00e9m de diversos eventos, visitas estrangeiras, publica\u00e7\u00f5es e livros, a conjuntura internacional foi tratada no programa Janela Internacional, que foi ao ar todas \u00e0s quartas-feiras no canal Youtube da Funda\u00e7\u00e3o.<\/p>\n<h5><strong>Reconex<\/strong><strong>\u00e3o Periferias<\/strong><\/h5>\n<\/p>\n<figure><img loading=\"lazy\" data-dominant-color=\"907372\" data-has-transparency=\"false\" decoding=\"async\" width=\"1024\" height=\"577\" sizes=\"(max-width: 1024px) 100vw, 1024px\"src=\"https:\/\/redept.com.br\/blogosfera\/wp-content\/uploads\/2026\/06\/reconexao-01.webp\" alt=\"\" srcset=\"https:\/\/fpabramo.org.br\/wp-content\/uploads\/2026\/05\/reconexao-01-1024x577.webp 1024w, https:\/\/fpabramo.org.br\/wp-content\/uploads\/2026\/05\/reconexao-01-300x169.webp 300w, https:\/\/fpabramo.org.br\/wp-content\/uploads\/2026\/05\/reconexao-01-150x85.webp 150w, https:\/\/fpabramo.org.br\/wp-content\/uploads\/2026\/05\/reconexao-01-768x433.webp 768w, https:\/\/redept.com.br\/blogosfera\/wp-content\/uploads\/2026\/06\/reconexao-01.webp 1386w\"><\/figure>\n<p>O projeto <a href=\"https:\/\/fpabramo.org.br\/reconexaoperiferias\/\">Reconex\u00e3o Periferias<\/a> busca dar visibilidade aos atores perif\u00e9ricos, suas pautas e movimentos, a forma como se organizam, seus anseios e sonhos, quais problemas sociais os mobilizam. O conceito de periferia abarcado pelo projeto n\u00e3o se restringe apenas ao aspecto urbano, contempla segmentos populacionais que historicamente foram alijados dos espa\u00e7os de poder, tais como mulheres, negros, ind\u00edgenas, ribeirinhos, quilombolas e coletivos culturais perif\u00e9ricos. Em 2025, a Rede Reconex\u00e3o Periferias chegou a 1.100 coletivos mapeados.<\/p>\n<p>O projeto organizou rodas de conversa sobre empreendedorismo, meio ambiente, seguran\u00e7a alimentar e transi\u00e7\u00e3o energ\u00e9tica, al\u00e9m de duas reuni\u00f5es do Conselho Reconex\u00e3o Periferias. Participou da a\u00e7\u00e3o institucional da Funda\u00e7\u00e3o Perseu Abramo durante a Marcha das Mulheres Negras e colaborou com a pesquisa Quest\u00f5es Organizativas do Partido dos Trabalhadores. Acompanhou ainda o F\u00f3rum Popular de Seguran\u00e7a P\u00fablica e Pol\u00edtica de Drogas do Estado de S\u00e3o Paulo.<\/p>\n<!-- Begin Yuzo --><div class='yuzo_related_post style-1'  data-version='5.12.89'><!-- without result --><div class='yuzo_clearfixed yuzo__title yuzo__title'><h3>Related Post<\/h3><\/div>\n\t\t\t\t\t\t  <div class=\"relatedthumb \" style=\"width:125px;float:left;overflow:hidden;\">  \n\t\t\t\t\t\t\t  \n\t\t\t\t\t\t\t  <a  href=\"https:\/\/redept.com.br\/blogosfera\/samba-cultura-periferica-e-moda-sustentavel-sao-opcoes-para-curtir-o-final-de-semana-no-df\/\"  >\n\t\t\t\t\t\t\t\t\t  <div class=\"yuzo-img-wrap \" style=\"width: 125px;height:90px;\">\n\t\t\t\t\t\t\t\t\t\t\n\t\t\t\t\t\t\t\t\t\t<div class=\"yuzo-img\" style=\"background:url('https:\/\/redept.org\/blogosfera\/wp-content\/plugins\/yuzo-related-post\/assets\/images\/default.png') 50% 50% no-repeat;width: 125px;height:90px;margin-bottom: 5px;background-size: cover; \"><\/div>\n\t\t\t\t\t\t\t\t\t  <\/div>\n\t\t\t\t\t\t\t\t\t  \n\t\t\t\t\t\t\t\t   <span class=\"yuzo__text--title\" style=\"font-size:13px;\">Samba, cultura perif\u00e9rica e moda sustent\u00e1vel s\u00e3o o...<\/span>\n\t\t\t\t\t\t\t  \n\t\t\t\t\t\t\t  \n\t\t\t\t\t\t\t  <\/a>\n\n\t\t\t\t\t\t  <\/div>\n\t\t\t\t\t\t  <div class=\"relatedthumb \" style=\"width:125px;float:left;overflow:hidden;\">  \n\t\t\t\t\t\t\t  \n\t\t\t\t\t\t\t  <a  href=\"https:\/\/redept.com.br\/blogosfera\/confira-a-programacao-completa-dos-polos-de-shows-do-carnaval-de-olinda\/\"  >\n\t\t\t\t\t\t\t\t\t  <div class=\"yuzo-img-wrap \" style=\"width: 125px;height:90px;\">\n\t\t\t\t\t\t\t\t\t\t\n\t\t\t\t\t\t\t\t\t\t<div class=\"yuzo-img\" style=\"background:url('https:\/\/redept.org\/blogosfera\/wp-content\/plugins\/yuzo-related-post\/assets\/images\/default.png') 50% 50% no-repeat;width: 125px;height:90px;margin-bottom: 5px;background-size: cover; \"><\/div>\n\t\t\t\t\t\t\t\t\t  <\/div>\n\t\t\t\t\t\t\t\t\t  \n\t\t\t\t\t\t\t\t   <span class=\"yuzo__text--title\" style=\"font-size:13px;\">Confira a programa\u00e7\u00e3o completa dos polos de shows ...<\/span>\n\t\t\t\t\t\t\t  \n\t\t\t\t\t\t\t  \n\t\t\t\t\t\t\t  <\/a>\n\n\t\t\t\t\t\t  <\/div>\n\t\t\t\t\t\t  <div class=\"relatedthumb \" style=\"width:125px;float:left;overflow:hidden;\">  \n\t\t\t\t\t\t\t  \n\t\t\t\t\t\t\t  <a  href=\"https:\/\/redept.com.br\/blogosfera\/descoberto-esquema-de-corrupcao-na-mineracao-em-minas-gerais\/\"  >\n\t\t\t\t\t\t\t\t\t  <div class=\"yuzo-img-wrap \" style=\"width: 125px;height:90px;\">\n\t\t\t\t\t\t\t\t\t\t\n\t\t\t\t\t\t\t\t\t\t<div class=\"yuzo-img\" style=\"background:url('https:\/\/redept.com.br\/blogosfera\/wp-content\/uploads\/2025\/11\/P5-_-operacao-rejeito-copiar-150x150.jpg') 50% 50% no-repeat;width: 125px;height:90px;margin-bottom: 5px;background-size: cover; \"><\/div>\n\t\t\t\t\t\t\t\t\t  <\/div>\n\t\t\t\t\t\t\t\t\t  \n\t\t\t\t\t\t\t\t   <span class=\"yuzo__text--title\" style=\"font-size:13px;\">Descoberto esquema de corrup\u00e7\u00e3o na minera\u00e7\u00e3o em Mi...<\/span>\n\t\t\t\t\t\t\t  \n\t\t\t\t\t\t\t  \n\t\t\t\t\t\t\t  <\/a>\n\n\t\t\t\t\t\t  <\/div>\n\t\t\t\t\t\t  <div class=\"relatedthumb \" style=\"width:125px;float:left;overflow:hidden;\">  \n\t\t\t\t\t\t\t  \n\t\t\t\t\t\t\t  <a  href=\"https:\/\/redept.com.br\/blogosfera\/brasil-teve-14-massacres-e-374-assassinatos-no-campo-nos-ultimos-dez-anos-mais-violentos-da-historia-recente\/\"  >\n\t\t\t\t\t\t\t\t\t  <div class=\"yuzo-img-wrap \" style=\"width: 125px;height:90px;\">\n\t\t\t\t\t\t\t\t\t\t\n\t\t\t\t\t\t\t\t\t\t<div class=\"yuzo-img\" style=\"background:url('https:\/\/redept.org\/blogosfera\/wp-content\/plugins\/yuzo-related-post\/assets\/images\/default.png') 50% 50% no-repeat;width: 125px;height:90px;margin-bottom: 5px;background-size: cover; \"><\/div>\n\t\t\t\t\t\t\t\t\t  <\/div>\n\t\t\t\t\t\t\t\t\t  \n\t\t\t\t\t\t\t\t   <span class=\"yuzo__text--title\" style=\"font-size:13px;\">Brasil teve 14 massacres e 374 assassinatos no cam...<\/span>\n\t\t\t\t\t\t\t  \n\t\t\t\t\t\t\t  \n\t\t\t\t\t\t\t  <\/a>\n\n\t\t\t\t\t\t  <\/div>\n<\/div> <script>\n\t\t\t\t\t\t  jQuery(document).ready(function( $ ){\n\t\t\t\t\t\t\t\/\/jQuery('.yuzo_related_post').equalizer({ overflow : 'relatedthumb' });\n\t\t\t\t\t\t\tjQuery('.yuzo_related_post .yuzo_wraps').equalizer({ columns : '> div' });\n\t\t\t\t\t\t   })\n\t\t\t\t\t\t  <\/script> <!-- End Yuzo :) -->","protected":false},"excerpt":{"rendered":"<p>Baixe especial 30 anos da Funda\u00e7\u00e3o Perseu Abramo A Funda\u00e7\u00e3o Perseu Abramo (FPA) desenvolve atividades de reflex\u00e3o pol\u00edtica e ideol\u00f3gica e promove debates, estudos e pesquisas, com abrang\u00eancia e pluralidade de opini\u00f5es. Espa\u00e7o onde as ideias nascem e florescem com abertura para diverg\u00eancias, busca estimular a formula\u00e7\u00e3o de propostas com o intuito de ajudar o [&hellip;]<\/p>\n","protected":false},"author":2,"featured_media":0,"comment_status":"open","ping_status":"closed","sticky":false,"template":"","format":"standard","meta":{"fifu_image_url":"","fifu_image_alt":"","footnotes":""},"categories":[244,2770,63755,6905],"tags":[],"class_list":["post-89963","post","type-post","status-publish","format-standard","hentry","category-artigos","category-formacao-politica","category-reflexao-politica","category-revista"],"_links":{"self":[{"href":"https:\/\/redept.com.br\/blogosfera\/wp-json\/wp\/v2\/posts\/89963","targetHints":{"allow":["GET"]}}],"collection":[{"href":"https:\/\/redept.com.br\/blogosfera\/wp-json\/wp\/v2\/posts"}],"about":[{"href":"https:\/\/redept.com.br\/blogosfera\/wp-json\/wp\/v2\/types\/post"}],"author":[{"embeddable":true,"href":"https:\/\/redept.com.br\/blogosfera\/wp-json\/wp\/v2\/users\/2"}],"replies":[{"embeddable":true,"href":"https:\/\/redept.com.br\/blogosfera\/wp-json\/wp\/v2\/comments?post=89963"}],"version-history":[{"count":0,"href":"https:\/\/redept.com.br\/blogosfera\/wp-json\/wp\/v2\/posts\/89963\/revisions"}],"wp:attachment":[{"href":"https:\/\/redept.com.br\/blogosfera\/wp-json\/wp\/v2\/media?parent=89963"}],"wp:term":[{"taxonomy":"category","embeddable":true,"href":"https:\/\/redept.com.br\/blogosfera\/wp-json\/wp\/v2\/categories?post=89963"},{"taxonomy":"post_tag","embeddable":true,"href":"https:\/\/redept.com.br\/blogosfera\/wp-json\/wp\/v2\/tags?post=89963"}],"curies":[{"name":"wp","href":"https:\/\/api.w.org\/{rel}","templated":true}]}}