{"id":90019,"date":"2026-06-02T19:40:47","date_gmt":"2026-06-02T22:40:47","guid":{"rendered":"https:\/\/redept.com.br\/blogosfera\/cuba-responde-a-sancoes-dos-eua-e-defende-o-papel-da-gaesa-na-economia-nacional\/"},"modified":"2026-06-02T19:40:47","modified_gmt":"2026-06-02T22:40:47","slug":"cuba-responde-a-sancoes-dos-eua-e-defende-o-papel-da-gaesa-na-economia-nacional","status":"publish","type":"post","link":"https:\/\/redept.com.br\/blogosfera\/cuba-responde-a-sancoes-dos-eua-e-defende-o-papel-da-gaesa-na-economia-nacional\/","title":{"rendered":"Cuba responde a san\u00e7\u00f5es dos EUA e defende o papel da Gaesa na economia nacional"},"content":{"rendered":"<p>Havana rejeita san\u00e7\u00f5es dos EUA contra a GAESA e critica medidas extraterritoriais de Washington sobre a ilha<\/p>\n<p><a href=\"https:\/\/www.brasildefato.com.br\/2026\/06\/02\/cuba-responde-a-sancoes-dos-eua-e-defende-o-papel-da-gaesa-na-economia-nacional\/\" rel=\"nofollow\">Fonte<\/a><\/p>\n<!-- Begin Yuzo --><div class='yuzo_related_post style-1'  data-version='5.12.89'><!-- without result --><div class='yuzo_clearfixed yuzo__title yuzo__title'><h3>Related Post<\/h3><\/div>\n\t\t\t\t\t\t  <div class=\"relatedthumb \" style=\"width:125px;float:left;overflow:hidden;\">  \n\t\t\t\t\t\t\t  \n\t\t\t\t\t\t\t  <a  href=\"https:\/\/redept.com.br\/blogosfera\/senado-ir-contra-o-fim-da-escala-6x1-e-um-projeto-suicida-afirma-cientista-politico\/\"  >\n\t\t\t\t\t\t\t\t\t  <div class=\"yuzo-img-wrap \" style=\"width: 125px;height:90px;\">\n\t\t\t\t\t\t\t\t\t\t\n\t\t\t\t\t\t\t\t\t\t<div class=\"yuzo-img\" style=\"background:url('https:\/\/redept.org\/blogosfera\/wp-content\/plugins\/yuzo-related-post\/assets\/images\/default.png') 50% 50% no-repeat;width: 125px;height:90px;margin-bottom: 5px;background-size: cover; \"><\/div>\n\t\t\t\t\t\t\t\t\t  <\/div>\n\t\t\t\t\t\t\t\t\t  \n\t\t\t\t\t\t\t\t   <span class=\"yuzo__text--title\" style=\"font-size:13px;\">\u2018Senado ir contra o fim da escala 6\u00d71 \u00e9 um projeto...<\/span>\n\t\t\t\t\t\t\t  \n\t\t\t\t\t\t\t  \n\t\t\t\t\t\t\t  <\/a>\n\n\t\t\t\t\t\t  <\/div>\n\t\t\t\t\t\t  <div class=\"relatedthumb \" style=\"width:125px;float:left;overflow:hidden;\">  \n\t\t\t\t\t\t\t  \n\t\t\t\t\t\t\t  <a  href=\"https:\/\/redept.com.br\/blogosfera\/agressao-militar-contra-cuba-e-contra-a-america-latina-afirma-petro\/\"  >\n\t\t\t\t\t\t\t\t\t  <div class=\"yuzo-img-wrap \" style=\"width: 125px;height:90px;\">\n\t\t\t\t\t\t\t\t\t\t\n\t\t\t\t\t\t\t\t\t\t<div class=\"yuzo-img\" style=\"background:url('https:\/\/redept.org\/blogosfera\/wp-content\/plugins\/yuzo-related-post\/assets\/images\/default.png') 50% 50% no-repeat;width: 125px;height:90px;margin-bottom: 5px;background-size: cover; \"><\/div>\n\t\t\t\t\t\t\t\t\t  <\/div>\n\t\t\t\t\t\t\t\t\t  \n\t\t\t\t\t\t\t\t   <span class=\"yuzo__text--title\" style=\"font-size:13px;\">\u2018Agress\u00e3o militar contra Cuba \u00e9 contra a Am\u00e9rica L...<\/span>\n\t\t\t\t\t\t\t  \n\t\t\t\t\t\t\t  \n\t\t\t\t\t\t\t  <\/a>\n\n\t\t\t\t\t\t  <\/div>\n\t\t\t\t\t\t  <div class=\"relatedthumb \" style=\"width:125px;float:left;overflow:hidden;\">  \n\t\t\t\t\t\t\t  \n\t\t\t\t\t\t\t  <a  href=\"https:\/\/redept.com.br\/blogosfera\/marx-inconstitucional-o-espectro-que-ronda-um-tribunal-de-hamburgo\/\"  >\n\t\t\t\t\t\t\t\t\t  <div class=\"yuzo-img-wrap \" style=\"width: 125px;height:90px;\">\n\t\t\t\t\t\t\t\t\t\t\n\t\t\t\t\t\t\t\t\t\t<div class=\"yuzo-img\" style=\"background:url('https:\/\/redept.com.br\/blogosfera\/wp-content\/uploads\/2025\/09\/karl_marx_stadt_karl_marx_emlekmu_a_bruckenstrasse_karl_marx_allee_es_a_strasse_der_nationen_keresztezodesenel_fortepan_75385-e1756311849645-150x150.jpg') 50% 50% no-repeat;width: 125px;height:90px;margin-bottom: 5px;background-size: cover; \"><\/div>\n\t\t\t\t\t\t\t\t\t  <\/div>\n\t\t\t\t\t\t\t\t\t  \n\t\t\t\t\t\t\t\t   <span class=\"yuzo__text--title\" style=\"font-size:13px;\">Marx inconstitucional? O espectro que ronda um tri...<\/span>\n\t\t\t\t\t\t\t  \n\t\t\t\t\t\t\t  \n\t\t\t\t\t\t\t  <\/a>\n\n\t\t\t\t\t\t  <\/div>\n\t\t\t\t\t\t  <div class=\"relatedthumb \" style=\"width:125px;float:left;overflow:hidden;\">  \n\t\t\t\t\t\t\t  \n\t\t\t\t\t\t\t  <a  href=\"https:\/\/sul21.com.br\/noticias\/politica\/2026\/08\/cnj-condena-ex-juiza-da-lava-jato-por-homologar-criacao-da-fundacao-dallagnol\/\"  >\n\t\t\t\t\t\t\t\t\t  <div class=\"yuzo-img-wrap \" style=\"width: 125px;height:90px;\">\n\t\t\t\t\t\t\t\t\t\t\n\t\t\t\t\t\t\t\t\t\t<div class=\"yuzo-img\" style=\"background:url('https:\/\/redept.org\/blogosfera\/wp-content\/plugins\/yuzo-related-post\/assets\/images\/default.png') 50% 50% no-repeat;width: 125px;height:90px;margin-bottom: 5px;background-size: cover; \"><\/div>\n\t\t\t\t\t\t\t\t\t  <\/div>\n\t\t\t\t\t\t\t\t\t  \n\t\t\t\t\t\t\t\t   <span class=\"yuzo__text--title\" style=\"font-size:13px;\">CNJ condena ex-ju\u00edza da Lava Jato por homologar cr...<\/span>\n\t\t\t\t\t\t\t  \n\t\t\t\t\t\t\t  \n\t\t\t\t\t\t\t  <\/a>\n\n\t\t\t\t\t\t  <\/div>\n<\/div> <script>\n\t\t\t\t\t\t  jQuery(document).ready(function( $ ){\n\t\t\t\t\t\t\t\/\/jQuery('.yuzo_related_post').equalizer({ overflow : 'relatedthumb' });\n\t\t\t\t\t\t\tjQuery('.yuzo_related_post .yuzo_wraps').equalizer({ columns : '> div' });\n\t\t\t\t\t\t   })\n\t\t\t\t\t\t  <\/script> <!-- End Yuzo :) -->","protected":false},"excerpt":{"rendered":"<p>Havana rejeita san\u00e7\u00f5es dos EUA contra a GAESA e critica medidas extraterritoriais de Washington sobre a ilha Fonte Related Post Jornada de Agroecologia da Bahia acontece em Salva&#8230; Angela Ro Ro morre aos 75 anos, deixando legado ma&#8230; Haiti: Constitui\u00e7\u00e3o que p\u00f4s fim \u00e0 ditadura n\u00e3o aca&#8230; Lula e Trump: contato telef\u00f4nico em avalia\u00e7\u00e3o e [&hellip;]<\/p>\n","protected":false},"author":2,"featured_media":0,"comment_status":"open","ping_status":"closed","sticky":false,"template":"","format":"standard","meta":{"fifu_image_url":"","fifu_image_alt":"","footnotes":""},"categories":[32825,729,63905,61296,1426,1185,45346,53458,394,423,63906,17894,63907,55342,63908,9909,61303,63909,63910,50,1298,3508,31060,3523,43321,11196,61328,294,56006,1453,1232],"tags":[],"class_list":["post-90019","post","type-post","status-publish","format-standard","hentry","category-agressao-militar","category-bloqueio","category-blue-diamond-resorts","category-cma-cgm","category-crise-energetica","category-cuba","category-divisas","category-economia-cubana","category-estados-unidos","category-extrema-direita","category-far","category-financas","category-forcas-armadas-revolucionarias","category-gaesa","category-grupo-de-administracion-empresarial","category-guerra-economica","category-hapag-lloyd","category-holding-estatal","category-iberostar","category-internacional","category-logistica","category-marco-rubio","category-miami","category-mineracao","category-navegacao","category-ordem-executiva","category-periodo-especial","category-sancoes","category-sherritt-international","category-trump","category-turismo"],"_links":{"self":[{"href":"https:\/\/redept.com.br\/blogosfera\/wp-json\/wp\/v2\/posts\/90019","targetHints":{"allow":["GET"]}}],"collection":[{"href":"https:\/\/redept.com.br\/blogosfera\/wp-json\/wp\/v2\/posts"}],"about":[{"href":"https:\/\/redept.com.br\/blogosfera\/wp-json\/wp\/v2\/types\/post"}],"author":[{"embeddable":true,"href":"https:\/\/redept.com.br\/blogosfera\/wp-json\/wp\/v2\/users\/2"}],"replies":[{"embeddable":true,"href":"https:\/\/redept.com.br\/blogosfera\/wp-json\/wp\/v2\/comments?post=90019"}],"version-history":[{"count":0,"href":"https:\/\/redept.com.br\/blogosfera\/wp-json\/wp\/v2\/posts\/90019\/revisions"}],"wp:attachment":[{"href":"https:\/\/redept.com.br\/blogosfera\/wp-json\/wp\/v2\/media?parent=90019"}],"wp:term":[{"taxonomy":"category","embeddable":true,"href":"https:\/\/redept.com.br\/blogosfera\/wp-json\/wp\/v2\/categories?post=90019"},{"taxonomy":"post_tag","embeddable":true,"href":"https:\/\/redept.com.br\/blogosfera\/wp-json\/wp\/v2\/tags?post=90019"}],"curies":[{"name":"wp","href":"https:\/\/api.w.org\/{rel}","templated":true}]}}