{"id":90259,"date":"2026-06-03T21:13:28","date_gmt":"2026-06-04T00:13:28","guid":{"rendered":"https:\/\/redept.com.br\/blogosfera\/terra-indigena-em-rio-das-cobras-pr-lanca-duas-toneladas-de-sementes-de-jucara-na-4a-jornada-da-natureza\/"},"modified":"2026-06-03T21:13:28","modified_gmt":"2026-06-04T00:13:28","slug":"terra-indigena-em-rio-das-cobras-pr-lanca-duas-toneladas-de-sementes-de-jucara-na-4a-jornada-da-natureza","status":"publish","type":"post","link":"https:\/\/redept.com.br\/blogosfera\/terra-indigena-em-rio-das-cobras-pr-lanca-duas-toneladas-de-sementes-de-jucara-na-4a-jornada-da-natureza\/","title":{"rendered":"Terra ind\u00edgena em Rio das Cobras (PR) lan\u00e7a duas toneladas de sementes de ju\u00e7ara na 4\u00aa Jornada da Natureza"},"content":{"rendered":"<p>A maior Terra Ind\u00edgena (TI) do Paran\u00e1 recebeu a abertura da 4\u00aa Jornada da Natureza, nesta segunda-feira, 1\u00ba de junho, no munic\u00edpio de Nova Laranjeiras. As diversas comunidades da TI Rio das Cobras semearam duas toneladas de sementes de palmeira ju\u00e7ara, esp\u00e9cie-chave no bioma Mata Atl\u00e2ntica, amea\u00e7ada de extin\u00e7\u00e3o. Esta edi\u00e7\u00e3o \u00e9 realizada a partir [\u2026]<\/p>\n<p><a href=\"https:\/\/www.brasildefato.com.br\/2026\/06\/03\/terra-indigena-em-rio-das-cobras-pr-lanca-duas-toneladas-de-sementes-de-jucara-na-4a-jornada-da-natureza\/\" rel=\"nofollow\">Fonte<\/a><\/p>\n<!-- Begin Yuzo --><div class='yuzo_related_post style-1'  data-version='5.12.89'><!-- without result --><div class='yuzo_clearfixed yuzo__title yuzo__title'><h3>Related Post<\/h3><\/div>\n\t\t\t\t\t\t  <div class=\"relatedthumb \" style=\"width:125px;float:left;overflow:hidden;\">  \n\t\t\t\t\t\t\t  \n\t\t\t\t\t\t\t  <a  href=\"https:\/\/redept.com.br\/blogosfera\/cna-inaugura-agrizone-na-cop30-e-intensifica-narrativa-de-sustentabilidade\/\"  >\n\t\t\t\t\t\t\t\t\t  <div class=\"yuzo-img-wrap \" style=\"width: 125px;height:90px;\">\n\t\t\t\t\t\t\t\t\t\t\n\t\t\t\t\t\t\t\t\t\t<div class=\"yuzo-img\" style=\"background:url('https:\/\/redept.org\/blogosfera\/wp-content\/plugins\/yuzo-related-post\/assets\/images\/default.png') 50% 50% no-repeat;width: 125px;height:90px;margin-bottom: 5px;background-size: cover; \"><\/div>\n\t\t\t\t\t\t\t\t\t  <\/div>\n\t\t\t\t\t\t\t\t\t  \n\t\t\t\t\t\t\t\t   <span class=\"yuzo__text--title\" style=\"font-size:13px;\">CNA inaugura Agrizone na COP30 e intensifica narra...<\/span>\n\t\t\t\t\t\t\t  \n\t\t\t\t\t\t\t  \n\t\t\t\t\t\t\t  <\/a>\n\n\t\t\t\t\t\t  <\/div>\n\t\t\t\t\t\t  <div class=\"relatedthumb \" style=\"width:125px;float:left;overflow:hidden;\">  \n\t\t\t\t\t\t\t  \n\t\t\t\t\t\t\t  <a  href=\"https:\/\/redept.com.br\/blogosfera\/centro-popular-de-solidariedade-recebe-acao-da-defensoria-publica-em-alusao-aos-20-anos-da-lei-maria-da-penha\/\"  >\n\t\t\t\t\t\t\t\t\t  <div class=\"yuzo-img-wrap \" style=\"width: 125px;height:90px;\">\n\t\t\t\t\t\t\t\t\t\t\n\t\t\t\t\t\t\t\t\t\t<div class=\"yuzo-img\" style=\"background:url('https:\/\/redept.org\/blogosfera\/wp-content\/plugins\/yuzo-related-post\/assets\/images\/default.png') 50% 50% no-repeat;width: 125px;height:90px;margin-bottom: 5px;background-size: cover; \"><\/div>\n\t\t\t\t\t\t\t\t\t  <\/div>\n\t\t\t\t\t\t\t\t\t  \n\t\t\t\t\t\t\t\t   <span class=\"yuzo__text--title\" style=\"font-size:13px;\">Centro Popular de Solidariedade recebe a\u00e7\u00e3o da Def...<\/span>\n\t\t\t\t\t\t\t  \n\t\t\t\t\t\t\t  \n\t\t\t\t\t\t\t  <\/a>\n\n\t\t\t\t\t\t  <\/div>\n\t\t\t\t\t\t  <div class=\"relatedthumb \" style=\"width:125px;float:left;overflow:hidden;\">  \n\t\t\t\t\t\t\t  \n\t\t\t\t\t\t\t  <a  href=\"https:\/\/redept.com.br\/blogosfera\/onu-buraco-na-camada-de-ozonio-tem-previsao-de-recuperacao-ate-2066\/\"  >\n\t\t\t\t\t\t\t\t\t  <div class=\"yuzo-img-wrap \" style=\"width: 125px;height:90px;\">\n\t\t\t\t\t\t\t\t\t\t\n\t\t\t\t\t\t\t\t\t\t<div class=\"yuzo-img\" style=\"background:url('https:\/\/redept.com.br\/blogosfera\/wp-content\/uploads\/2025\/09\/63588523_303-150x150.png') 50% 50% no-repeat;width: 125px;height:90px;margin-bottom: 5px;background-size: cover; \"><\/div>\n\t\t\t\t\t\t\t\t\t  <\/div>\n\t\t\t\t\t\t\t\t\t  \n\t\t\t\t\t\t\t\t   <span class=\"yuzo__text--title\" style=\"font-size:13px;\">ONU: buraco na camada de oz\u00f4nio tem previs\u00e3o de re...<\/span>\n\t\t\t\t\t\t\t  \n\t\t\t\t\t\t\t  \n\t\t\t\t\t\t\t  <\/a>\n\n\t\t\t\t\t\t  <\/div>\n\t\t\t\t\t\t  <div class=\"relatedthumb \" style=\"width:125px;float:left;overflow:hidden;\">  \n\t\t\t\t\t\t\t  \n\t\t\t\t\t\t\t  <a  href=\"https:\/\/redept.com.br\/blogosfera\/instituto-marielle-franco-apresenta-nova-diretora\/\"  >\n\t\t\t\t\t\t\t\t\t  <div class=\"yuzo-img-wrap \" style=\"width: 125px;height:90px;\">\n\t\t\t\t\t\t\t\t\t\t\n\t\t\t\t\t\t\t\t\t\t<div class=\"yuzo-img\" style=\"background:url('https:\/\/redept.com.br\/blogosfera\/wp-content\/uploads\/2026\/01\/instituto-marielle-franco-150x150.jpg') 50% 50% no-repeat;width: 125px;height:90px;margin-bottom: 5px;background-size: cover; \"><\/div>\n\t\t\t\t\t\t\t\t\t  <\/div>\n\t\t\t\t\t\t\t\t\t  \n\t\t\t\t\t\t\t\t   <span class=\"yuzo__text--title\" style=\"font-size:13px;\">Instituto Marielle Franco apresenta nova diretora<\/span>\n\t\t\t\t\t\t\t  \n\t\t\t\t\t\t\t  \n\t\t\t\t\t\t\t  <\/a>\n\n\t\t\t\t\t\t  <\/div>\n<\/div> <script>\n\t\t\t\t\t\t  jQuery(document).ready(function( $ ){\n\t\t\t\t\t\t\t\/\/jQuery('.yuzo_related_post').equalizer({ overflow : 'relatedthumb' });\n\t\t\t\t\t\t\tjQuery('.yuzo_related_post .yuzo_wraps').equalizer({ columns : '> div' });\n\t\t\t\t\t\t   })\n\t\t\t\t\t\t  <\/script> <!-- End Yuzo :) -->","protected":false},"excerpt":{"rendered":"<p>A maior Terra Ind\u00edgena (TI) do Paran\u00e1 recebeu a abertura da 4\u00aa Jornada da Natureza, nesta segunda-feira, 1\u00ba de junho, no munic\u00edpio de Nova Laranjeiras. As diversas comunidades da TI Rio das Cobras semearam duas toneladas de sementes de palmeira ju\u00e7ara, esp\u00e9cie-chave no bioma Mata Atl\u00e2ntica, amea\u00e7ada de extin\u00e7\u00e3o. Esta edi\u00e7\u00e3o \u00e9 realizada a partir [&hellip;]<\/p>\n","protected":false},"author":2,"featured_media":0,"comment_status":"open","ping_status":"closed","sticky":false,"template":"","format":"standard","meta":{"fifu_image_url":"","fifu_image_alt":"","footnotes":""},"categories":[64355,16146,64356,60323,64357,64358,64359,41531,154,64360,17861,6923,15954,5969,302,9133,64361,7674,319,3309,64362,34,19961,28996,64363,64364,1807,4711,39416,64365,64366],"tags":[],"class_list":["post-90259","post","type-post","status-publish","format-standard","hentry","category-4a-jornada-da-natureza","category-acai","category-acaibot","category-adrianopolis","category-agricultura-ancestral","category-brigada-ancestral","category-comunidade-joao-sura","category-conservacao-ambiental","category-crise-climatica","category-dom-tomas-balduino","category-educacao-popular","category-guarani","category-kaingang","category-mata-atlantica","category-mst","category-mulheres-indigenas","category-nova-laranjeiras","category-palmeira-jucara","category-parana","category-policia-rodoviaria-federal","category-quedas-do-iguacu","category-quilombolas","category-reflorestamento","category-rio-bonito-do-iguacu","category-robo-colheita","category-semeadura-aerea","category-sementes","category-socioambiental","category-tecnologia-agricola","category-terra-indigena-rio-das-cobras","category-vale-do-ribeira"],"_links":{"self":[{"href":"https:\/\/redept.com.br\/blogosfera\/wp-json\/wp\/v2\/posts\/90259","targetHints":{"allow":["GET"]}}],"collection":[{"href":"https:\/\/redept.com.br\/blogosfera\/wp-json\/wp\/v2\/posts"}],"about":[{"href":"https:\/\/redept.com.br\/blogosfera\/wp-json\/wp\/v2\/types\/post"}],"author":[{"embeddable":true,"href":"https:\/\/redept.com.br\/blogosfera\/wp-json\/wp\/v2\/users\/2"}],"replies":[{"embeddable":true,"href":"https:\/\/redept.com.br\/blogosfera\/wp-json\/wp\/v2\/comments?post=90259"}],"version-history":[{"count":0,"href":"https:\/\/redept.com.br\/blogosfera\/wp-json\/wp\/v2\/posts\/90259\/revisions"}],"wp:attachment":[{"href":"https:\/\/redept.com.br\/blogosfera\/wp-json\/wp\/v2\/media?parent=90259"}],"wp:term":[{"taxonomy":"category","embeddable":true,"href":"https:\/\/redept.com.br\/blogosfera\/wp-json\/wp\/v2\/categories?post=90259"},{"taxonomy":"post_tag","embeddable":true,"href":"https:\/\/redept.com.br\/blogosfera\/wp-json\/wp\/v2\/tags?post=90259"}],"curies":[{"name":"wp","href":"https:\/\/api.w.org\/{rel}","templated":true}]}}