{"id":9056,"date":"2024-12-20T14:44:44","date_gmt":"2024-12-20T17:44:44","guid":{"rendered":"https:\/\/redept.org\/blogosfera\/obmep-2024-divulga-lista-de-premiados-confira-o-resultado\/"},"modified":"2024-12-20T14:44:44","modified_gmt":"2024-12-20T17:44:44","slug":"obmep-2024-divulga-lista-de-premiados-confira-o-resultado","status":"publish","type":"post","link":"https:\/\/redept.com.br\/blogosfera\/obmep-2024-divulga-lista-de-premiados-confira-o-resultado\/","title":{"rendered":"Obmep 2024 divulga lista de premiados; confira o resultado"},"content":{"rendered":"<p>A Olimp\u00edada Brasileira de Matem\u00e1tica das Escolas P\u00fablicas (<strong>Obmep<\/strong>) divulgou nesta sexta-feira (20) a lista de premiados na 19\u00aa edi\u00e7\u00e3o. Os ganhadores podem ser conferidos no\u00a0<em>site<\/em>\u00a0da\u00a0<a href=\"http:\/\/obmep.org.br\/\" target=\"_blank\" rel=\"noreferrer noopener nofollow\">Obmep<\/a>. Assim como no ano passado, medalhistas do n\u00edvel 3 poder\u00e3o disputar uma das 100 vagas no Impa Tech, que \u00e9 a primeira gradua\u00e7\u00e3o do Instituto de Matem\u00e1tica Pura e Aplicada (Impa).<\/p>\n<p>A Obmep \u00e9 a maior competi\u00e7\u00e3o cient\u00edfica do pa\u00eds. Criada pelo Impa em 2005, a olimp\u00edada \u00e9 promovida com recursos dos minist\u00e9rios da Ci\u00eancia, Tecnologia e Inova\u00e7\u00e3o (MCTI) e da Educa\u00e7\u00e3o (MEC). A competi\u00e7\u00e3o \u00e9 destinada a estudantes do 6\u00ba ano do ensino fundamental ao 3\u00ba ano do ensino m\u00e9dio.\u00a0<\/p>\n<p>Neste ano, a Obmep bateu recorde no n\u00famero de escolas e munic\u00edpios inscritos: 56.516 mil institui\u00e7\u00f5es de 5.564 cidades \u2013 o que representa uma cobertura de 99,9% dos munic\u00edpios brasileiros. Ao todo, mais de 18,5 milh\u00f5es de estudantes participaram da primeira fase da competi\u00e7\u00e3o.<\/p>\n<h2>Pr\u00eamios<\/h2>\n<p>Nesta edi\u00e7\u00e3o, ser\u00e3o distribu\u00eddas 8.450 medalhas nacionais, al\u00e9m de mais de 20 mil medalhas para os estudantes mais bem colocados de cada estado.<\/p>\n<p>Alunos de escolas p\u00fablicas e privadas ser\u00e3o premiados separadamente. Os estudantes de escolas p\u00fablicas receber\u00e3o 6,5 mil medalhas, sendo 500 de ouro, 1.500 de prata e 4.500 de bronze, e at\u00e9 45 mil certificados de men\u00e7\u00e3o honrosa.<\/p>\n<p>J\u00e1 os estudantes de institui\u00e7\u00f5es particulares receber\u00e3o 1.950 medalhas: 150 de ouro, 450 de prata e 1.350 de bronze, e at\u00e9 6 mil certificados de men\u00e7\u00e3o honrosa.<\/p>\n<p>Escolas, secretarias municipais de Educa\u00e7\u00e3o e professores que se destacaram pelo desempenho dos alunos ser\u00e3o tamb\u00e9m contemplados. A data da cerim\u00f4nia de entrega de pr\u00eamios da 19\u00aa Obmep ser\u00e1 anunciada em 2025.<\/p>\n<h2>Impa Tech e inicia\u00e7\u00e3o cient\u00edfica<\/h2>\n<p>Medalhistas nacionais s\u00e3o convidados a participar do Programa de Inicia\u00e7\u00e3o Cient\u00edfica Jr. (PIC), que contar\u00e1 com aulas avan\u00e7adas para que aprimorem os conhecimentos. Alunos de escolas p\u00fablicas receber\u00e3o do Conselho Nacional de Desenvolvimento Cient\u00edfico e Tecnol\u00f3gico (CNPq) uma bolsa de R$ 300 para integrarem o programa.\u00a0<\/p>\n<p>Os vencedores do n\u00edvel 3, que \u00e9 voltado para alunos do ensino m\u00e9dio, poder\u00e3o concorrer a uma das 100 vagas no Impa Tech. Inaugurada no ano passado, a institui\u00e7\u00e3o oferece bacharelado em matem\u00e1tica da tecnologia e inova\u00e7\u00e3o, que conta com alojamento estudantil e aux\u00edlio financeiro para os aprovados no processo seletivo.<\/p>\n<p>As inscri\u00e7\u00f5es para a gradua\u00e7\u00e3o v\u00e3o at\u00e9 27 de dezembro no site do\u00a0<a href=\"http:\/\/impatech.impa.br\/\" target=\"_blank\" rel=\"noreferrer noopener nofollow\">Impatech<\/a>. O edital reserva 80% das vagas para estudantes premiados em cinco olimp\u00edadas de conhecimento, como a Obmep, e 20% para aqueles que obtiveram as melhores notas na prova de matem\u00e1tica do Exame Nacional do Ensino M\u00e9dio (Enem). O edital est\u00e1 dispon\u00edvel na internet.<\/p>\n<p><em>Mariana Tokarnia, rep\u00f3rter da <a href=\"https:\/\/agenciabrasil.ebc.com.br\/educacao\/noticia\/2024-12\/olimpiada-brasileira-de-matematica-divulga-lista-de-premiados\" target=\"_blank\" rel=\"noopener noreferrer nofollow\">Ag\u00eancia Brasil<\/a><\/em><\/p>\n<div>\n<div><a href=\"https:\/\/tvtnews.com.br\/\">Mais not\u00edcias em TVT News<\/a><\/div>\n<\/div>\n<p>The post <a rel=\"nofollow\" href=\"https:\/\/tvtnews.com.br\/obmep-2024-divulga-lista-de-premiados-confira-o-resultado\/\">Obmep 2024 divulga lista de premiados; confira o resultado<\/a> appeared first on <a rel=\"nofollow\" href=\"https:\/\/tvtnews.com.br\/\">TVT News<\/a>.<\/p>\n<!-- Begin Yuzo --><div class='yuzo_related_post style-1'  data-version='5.12.89'><!-- without result --><div class='yuzo_clearfixed yuzo__title yuzo__title'><h3>Related Post<\/h3><\/div>\n\t\t\t\t\t\t  <div class=\"relatedthumb \" style=\"width:125px;float:left;overflow:hidden;\">  \n\t\t\t\t\t\t\t  \n\t\t\t\t\t\t\t  <a  href=\"https:\/\/redept.com.br\/blogosfera\/governo-lula-reage-a-ofensa-machista-contra-arbitra-e-cobra-punicao\/\"  >\n\t\t\t\t\t\t\t\t\t  <div class=\"yuzo-img-wrap \" style=\"width: 125px;height:90px;\">\n\t\t\t\t\t\t\t\t\t\t\n\t\t\t\t\t\t\t\t\t\t<div class=\"yuzo-img\" style=\"background:url('https:\/\/redept.com.br\/blogosfera\/wp-content\/uploads\/2026\/02\/image-6-2-150x150.png') 50% 50% no-repeat;width: 125px;height:90px;margin-bottom: 5px;background-size: cover; \"><\/div>\n\t\t\t\t\t\t\t\t\t  <\/div>\n\t\t\t\t\t\t\t\t\t  \n\t\t\t\t\t\t\t\t   <span class=\"yuzo__text--title\" style=\"font-size:13px;\">Governo Lula reage \u00e0 ofensa machista contra \u00e1rbitr...<\/span>\n\t\t\t\t\t\t\t  \n\t\t\t\t\t\t\t  \n\t\t\t\t\t\t\t  <\/a>\n\n\t\t\t\t\t\t  <\/div>\n\t\t\t\t\t\t  <div class=\"relatedthumb \" style=\"width:125px;float:left;overflow:hidden;\">  \n\t\t\t\t\t\t\t  \n\t\t\t\t\t\t\t  <a  href=\"https:\/\/redept.com.br\/blogosfera\/entre-alices-e-christinas-mg-foi-o-estado-que-mais-matou-pessoas-trans-em-2025\/\"  >\n\t\t\t\t\t\t\t\t\t  <div class=\"yuzo-img-wrap \" style=\"width: 125px;height:90px;\">\n\t\t\t\t\t\t\t\t\t\t\n\t\t\t\t\t\t\t\t\t\t<div class=\"yuzo-img\" style=\"background:url('https:\/\/redept.org\/blogosfera\/wp-content\/plugins\/yuzo-related-post\/assets\/images\/default.png') 50% 50% no-repeat;width: 125px;height:90px;margin-bottom: 5px;background-size: cover; \"><\/div>\n\t\t\t\t\t\t\t\t\t  <\/div>\n\t\t\t\t\t\t\t\t\t  \n\t\t\t\t\t\t\t\t   <span class=\"yuzo__text--title\" style=\"font-size:13px;\">Entre Alices e Christinas, MG foi o estado que mai...<\/span>\n\t\t\t\t\t\t\t  \n\t\t\t\t\t\t\t  \n\t\t\t\t\t\t\t  <\/a>\n\n\t\t\t\t\t\t  <\/div>\n\t\t\t\t\t\t  <div class=\"relatedthumb \" style=\"width:125px;float:left;overflow:hidden;\">  \n\t\t\t\t\t\t\t  \n\t\t\t\t\t\t\t  <a  href=\"https:\/\/sul21.com.br\/noticias\/geral\/2025\/09\/subnotificacao-e-demanda-por-acolhimento-comissao-analisa-protecao-as-mulheres-em-porto-alegre\/\"  >\n\t\t\t\t\t\t\t\t\t  <div class=\"yuzo-img-wrap \" style=\"width: 125px;height:90px;\">\n\t\t\t\t\t\t\t\t\t\t\n\t\t\t\t\t\t\t\t\t\t<div class=\"yuzo-img\" style=\"background:url('https:\/\/redept.org\/blogosfera\/wp-content\/plugins\/yuzo-related-post\/assets\/images\/default.png') 50% 50% no-repeat;width: 125px;height:90px;margin-bottom: 5px;background-size: cover; \"><\/div>\n\t\t\t\t\t\t\t\t\t  <\/div>\n\t\t\t\t\t\t\t\t\t  \n\t\t\t\t\t\t\t\t   <span class=\"yuzo__text--title\" style=\"font-size:13px;\">Subnotifica\u00e7\u00e3o e demanda por acolhimento: Comiss\u00e3o...<\/span>\n\t\t\t\t\t\t\t  \n\t\t\t\t\t\t\t  \n\t\t\t\t\t\t\t  <\/a>\n\n\t\t\t\t\t\t  <\/div>\n\t\t\t\t\t\t  <div class=\"relatedthumb \" style=\"width:125px;float:left;overflow:hidden;\">  \n\t\t\t\t\t\t\t  \n\t\t\t\t\t\t\t  <a  href=\"https:\/\/redept.com.br\/blogosfera\/trump-quer-anexar-groenlandia-por-compra-ou-por-via-militar\/\"  >\n\t\t\t\t\t\t\t\t\t  <div class=\"yuzo-img-wrap \" style=\"width: 125px;height:90px;\">\n\t\t\t\t\t\t\t\t\t\t\n\t\t\t\t\t\t\t\t\t\t<div class=\"yuzo-img\" style=\"background:url('https:\/\/redept.com.br\/blogosfera\/wp-content\/uploads\/2026\/01\/AFP__20260107__89VH263__v1__MidRes__FilesGreenlandDenmarkUsEuropeDiplomacy-e1767807315216-150x150.jpg') 50% 50% no-repeat;width: 125px;height:90px;margin-bottom: 5px;background-size: cover; \"><\/div>\n\t\t\t\t\t\t\t\t\t  <\/div>\n\t\t\t\t\t\t\t\t\t  \n\t\t\t\t\t\t\t\t   <span class=\"yuzo__text--title\" style=\"font-size:13px;\">Trump quer anexar Groenl\u00e2ndia, por compra ou por v...<\/span>\n\t\t\t\t\t\t\t  \n\t\t\t\t\t\t\t  \n\t\t\t\t\t\t\t  <\/a>\n\n\t\t\t\t\t\t  <\/div>\n<\/div> <script>\n\t\t\t\t\t\t  jQuery(document).ready(function( $ ){\n\t\t\t\t\t\t\t\/\/jQuery('.yuzo_related_post').equalizer({ overflow : 'relatedthumb' });\n\t\t\t\t\t\t\tjQuery('.yuzo_related_post .yuzo_wraps').equalizer({ columns : '> div' });\n\t\t\t\t\t\t   })\n\t\t\t\t\t\t  <\/script> <!-- End Yuzo :) -->","protected":false},"excerpt":{"rendered":"<p>A Olimp\u00edada Brasileira de Matem\u00e1tica das Escolas P\u00fablicas (Obmep) divulgou nesta sexta-feira (20) a lista de premiados na 19\u00aa edi\u00e7\u00e3o. Os ganhadores podem ser conferidos no\u00a0site\u00a0da\u00a0Obmep. Assim como no ano passado, medalhistas do n\u00edvel 3 poder\u00e3o disputar uma das 100 vagas no Impa Tech, que \u00e9 a primeira gradua\u00e7\u00e3o do Instituto de Matem\u00e1tica Pura e [&hellip;]<\/p>\n","protected":false},"author":2,"featured_media":0,"comment_status":"closed","ping_status":"closed","sticky":false,"template":"","format":"standard","meta":{"fifu_image_url":"","fifu_image_alt":"","footnotes":""},"categories":[489,95,2875],"tags":[],"class_list":["post-9056","post","type-post","status-publish","format-standard","hentry","category-destaque-pequeno","category-educacao","category-obmep"],"_links":{"self":[{"href":"https:\/\/redept.com.br\/blogosfera\/wp-json\/wp\/v2\/posts\/9056","targetHints":{"allow":["GET"]}}],"collection":[{"href":"https:\/\/redept.com.br\/blogosfera\/wp-json\/wp\/v2\/posts"}],"about":[{"href":"https:\/\/redept.com.br\/blogosfera\/wp-json\/wp\/v2\/types\/post"}],"author":[{"embeddable":true,"href":"https:\/\/redept.com.br\/blogosfera\/wp-json\/wp\/v2\/users\/2"}],"replies":[{"embeddable":true,"href":"https:\/\/redept.com.br\/blogosfera\/wp-json\/wp\/v2\/comments?post=9056"}],"version-history":[{"count":0,"href":"https:\/\/redept.com.br\/blogosfera\/wp-json\/wp\/v2\/posts\/9056\/revisions"}],"wp:attachment":[{"href":"https:\/\/redept.com.br\/blogosfera\/wp-json\/wp\/v2\/media?parent=9056"}],"wp:term":[{"taxonomy":"category","embeddable":true,"href":"https:\/\/redept.com.br\/blogosfera\/wp-json\/wp\/v2\/categories?post=9056"},{"taxonomy":"post_tag","embeddable":true,"href":"https:\/\/redept.com.br\/blogosfera\/wp-json\/wp\/v2\/tags?post=9056"}],"curies":[{"name":"wp","href":"https:\/\/api.w.org\/{rel}","templated":true}]}}