{"id":90640,"date":"2026-06-07T17:50:01","date_gmt":"2026-06-07T20:50:01","guid":{"rendered":"https:\/\/redept.com.br\/blogosfera\/lula-exibe-musculos-durante-treino-em-pleno-domingo-tariflavio-cai-no-1o-round-digo-turno-reage-perfil-video\/"},"modified":"2026-06-07T17:50:01","modified_gmt":"2026-06-07T20:50:01","slug":"lula-exibe-musculos-durante-treino-em-pleno-domingo-tariflavio-cai-no-1o-round-digo-turno-reage-perfil-video","status":"publish","type":"post","link":"https:\/\/redept.com.br\/blogosfera\/lula-exibe-musculos-durante-treino-em-pleno-domingo-tariflavio-cai-no-1o-round-digo-turno-reage-perfil-video\/","title":{"rendered":"Lula exibe m\u00fasculos durante treino em pleno domingo: \u201cTarifl\u00e1vio cai no 1\u00ba round\u2026 digo turno\u201d, reage perfil (v\u00eddeo)"},"content":{"rendered":"<p>&#8220;Que v\u00e9i delicinha \u00e9 esse&#8221;, afirma dona de conta; &#8220;Se eu correr 5 minutos, n\u00e3o vou conseguir ver seu 4\u00b0 mandato&#8221;: leia as melhores rea\u00e7\u00f5es e coment\u00e1rio obsceno impublic\u00e1vel, advertindo Janja (classifica\u00e7\u00e3o 80 anos)<\/p>\n<p>O post Lula exibe m\u00fasculos durante treino em pleno domingo: \u201cTarifl\u00e1vio cai no 1\u00ba round\u2026 digo turno\u201d, reage perfil (v\u00eddeo) apareceu primeiro em Urbs Magna.<\/p>\n<!-- Begin Yuzo --><div class='yuzo_related_post style-1'  data-version='5.12.89'><!-- without result --><div class='yuzo_clearfixed yuzo__title yuzo__title'><h3>Related Post<\/h3><\/div>\n\t\t\t\t\t\t  <div class=\"relatedthumb \" style=\"width:125px;float:left;overflow:hidden;\">  \n\t\t\t\t\t\t\t  \n\t\t\t\t\t\t\t  <a  href=\"https:\/\/redept.com.br\/blogosfera\/declaracao-imposto-de-renda-2026-ja-pode-ser-enviada\/\"  >\n\t\t\t\t\t\t\t\t\t  <div class=\"yuzo-img-wrap \" style=\"width: 125px;height:90px;\">\n\t\t\t\t\t\t\t\t\t\t\n\t\t\t\t\t\t\t\t\t\t<div class=\"yuzo-img\" style=\"background:url('https:\/\/redept.com.br\/blogosfera\/wp-content\/uploads\/2026\/03\/IRPF-2026-150x150.jpg') 50% 50% no-repeat;width: 125px;height:90px;margin-bottom: 5px;background-size: cover; \"><\/div>\n\t\t\t\t\t\t\t\t\t  <\/div>\n\t\t\t\t\t\t\t\t\t  \n\t\t\t\t\t\t\t\t   <span class=\"yuzo__text--title\" style=\"font-size:13px;\">Declara\u00e7\u00e3o Imposto de Renda 2026 j\u00e1 pode ser envia...<\/span>\n\t\t\t\t\t\t\t  \n\t\t\t\t\t\t\t  \n\t\t\t\t\t\t\t  <\/a>\n\n\t\t\t\t\t\t  <\/div>\n\t\t\t\t\t\t  <div class=\"relatedthumb \" style=\"width:125px;float:left;overflow:hidden;\">  \n\t\t\t\t\t\t\t  \n\t\t\t\t\t\t\t  <a  href=\"https:\/\/redept.com.br\/blogosfera\/assedio-adoece-trabalhadores-e-e-subnotificado-no-brasil-avalia-especialista\/\"  >\n\t\t\t\t\t\t\t\t\t  <div class=\"yuzo-img-wrap \" style=\"width: 125px;height:90px;\">\n\t\t\t\t\t\t\t\t\t\t\n\t\t\t\t\t\t\t\t\t\t<div class=\"yuzo-img\" style=\"background:url('https:\/\/redept.org\/blogosfera\/wp-content\/plugins\/yuzo-related-post\/assets\/images\/default.png') 50% 50% no-repeat;width: 125px;height:90px;margin-bottom: 5px;background-size: cover; \"><\/div>\n\t\t\t\t\t\t\t\t\t  <\/div>\n\t\t\t\t\t\t\t\t\t  \n\t\t\t\t\t\t\t\t   <span class=\"yuzo__text--title\" style=\"font-size:13px;\">Ass\u00e9dio adoece trabalhadores e \u00e9 subnotificado no ...<\/span>\n\t\t\t\t\t\t\t  \n\t\t\t\t\t\t\t  \n\t\t\t\t\t\t\t  <\/a>\n\n\t\t\t\t\t\t  <\/div>\n\t\t\t\t\t\t  <div class=\"relatedthumb \" style=\"width:125px;float:left;overflow:hidden;\">  \n\t\t\t\t\t\t\t  \n\t\t\t\t\t\t\t  <a  href=\"https:\/\/redept.com.br\/blogosfera\/na-espanha-opositor-derrotado-quer-tomar-posse-na-venezuela-em-janeiro\/\"  >\n\t\t\t\t\t\t\t\t\t  <div class=\"yuzo-img-wrap \" style=\"width: 125px;height:90px;\">\n\t\t\t\t\t\t\t\t\t\t\n\t\t\t\t\t\t\t\t\t\t<div class=\"yuzo-img\" style=\"background:url('https:\/\/redept.org\/blogosfera\/wp-content\/plugins\/yuzo-related-post\/assets\/images\/default.png') 50% 50% no-repeat;width: 125px;height:90px;margin-bottom: 5px;background-size: cover; \"><\/div>\n\t\t\t\t\t\t\t\t\t  <\/div>\n\t\t\t\t\t\t\t\t\t  \n\t\t\t\t\t\t\t\t   <span class=\"yuzo__text--title\" style=\"font-size:13px;\">Na Espanha, opositor derrotado quer \u2018tomar p...<\/span>\n\t\t\t\t\t\t\t  \n\t\t\t\t\t\t\t  \n\t\t\t\t\t\t\t  <\/a>\n\n\t\t\t\t\t\t  <\/div>\n\t\t\t\t\t\t  <div class=\"relatedthumb \" style=\"width:125px;float:left;overflow:hidden;\">  \n\t\t\t\t\t\t\t  \n\t\t\t\t\t\t\t  <a  href=\"https:\/\/redept.com.br\/blogosfera\/comissao-temporaria-do-rio-grande-do-sul-aprova-relatorio-final\/\"  >\n\t\t\t\t\t\t\t\t\t  <div class=\"yuzo-img-wrap \" style=\"width: 125px;height:90px;\">\n\t\t\t\t\t\t\t\t\t\t\n\t\t\t\t\t\t\t\t\t\t<div class=\"yuzo-img\" style=\"background:url('https:\/\/redept.org\/blogosfera\/wp-content\/plugins\/yuzo-related-post\/assets\/images\/default.png') 50% 50% no-repeat;width: 125px;height:90px;margin-bottom: 5px;background-size: cover; \"><\/div>\n\t\t\t\t\t\t\t\t\t  <\/div>\n\t\t\t\t\t\t\t\t\t  \n\t\t\t\t\t\t\t\t   <span class=\"yuzo__text--title\" style=\"font-size:13px;\">Comiss\u00e3o tempor\u00e1ria do Rio Grande do Sul aprova re...<\/span>\n\t\t\t\t\t\t\t  \n\t\t\t\t\t\t\t  \n\t\t\t\t\t\t\t  <\/a>\n\n\t\t\t\t\t\t  <\/div>\n<\/div> <script>\n\t\t\t\t\t\t  jQuery(document).ready(function( $ ){\n\t\t\t\t\t\t\t\/\/jQuery('.yuzo_related_post').equalizer({ overflow : 'relatedthumb' });\n\t\t\t\t\t\t\tjQuery('.yuzo_related_post .yuzo_wraps').equalizer({ columns : '> div' });\n\t\t\t\t\t\t   })\n\t\t\t\t\t\t  <\/script> <!-- End Yuzo :) -->","protected":false},"excerpt":{"rendered":"<p>&#8220;Que v\u00e9i delicinha \u00e9 esse&#8221;, afirma dona de conta; &#8220;Se eu correr 5 minutos, n\u00e3o vou conseguir ver seu 4\u00b0 mandato&#8221;: leia as melhores rea\u00e7\u00f5es e coment\u00e1rio obsceno impublic\u00e1vel, advertindo Janja (classifica\u00e7\u00e3o 80 anos)<\/p>\n<p>O post <a rel=\"nofollow\" href=\"https:\/\/urbsmagna.com\/lula-treino-domingo-musculos-tariflavio-reacao-viral-2026\/\">Lula exibe m\u00fasculos durante treino em pleno domingo: \u201cTarifl\u00e1vio cai no 1\u00ba round\u2026 digo turno\u201d, reage perfil (v\u00eddeo)<\/a> apareceu primeiro em <a rel=\"nofollow\" href=\"https:\/\/urbsmagna.com\/\">Urbs Magna<\/a>.<\/p>\n","protected":false},"author":2,"featured_media":0,"comment_status":"open","ping_status":"closed","sticky":false,"template":"","format":"standard","meta":{"fifu_image_url":"","fifu_image_alt":"","footnotes":""},"categories":[114,536,65455,65456,1760,65457,65458,288,112,65459,65460,65461,191,132,5471,5017,65462,63646,65463],"tags":[],"class_list":["post-90640","post","type-post","status-publish","format-standard","hentry","category-bolsonarismo","category-democracia","category-democracia-brasil-lula","category-eleicao-2026-lula","category-eleicoes-2026","category-janja-publica-treino-lula","category-janja-video-lula","category-justica","category-lula","category-lula-80-anos-forte","category-lula-musculos-academia","category-lula-treino-domingo","category-noticias","category-politica","category-politica-nacional","category-progressismo","category-reacao-tariflavio-1o-round","category-tariflavio","category-vitalidade-lula-presidente"],"_links":{"self":[{"href":"https:\/\/redept.com.br\/blogosfera\/wp-json\/wp\/v2\/posts\/90640","targetHints":{"allow":["GET"]}}],"collection":[{"href":"https:\/\/redept.com.br\/blogosfera\/wp-json\/wp\/v2\/posts"}],"about":[{"href":"https:\/\/redept.com.br\/blogosfera\/wp-json\/wp\/v2\/types\/post"}],"author":[{"embeddable":true,"href":"https:\/\/redept.com.br\/blogosfera\/wp-json\/wp\/v2\/users\/2"}],"replies":[{"embeddable":true,"href":"https:\/\/redept.com.br\/blogosfera\/wp-json\/wp\/v2\/comments?post=90640"}],"version-history":[{"count":0,"href":"https:\/\/redept.com.br\/blogosfera\/wp-json\/wp\/v2\/posts\/90640\/revisions"}],"wp:attachment":[{"href":"https:\/\/redept.com.br\/blogosfera\/wp-json\/wp\/v2\/media?parent=90640"}],"wp:term":[{"taxonomy":"category","embeddable":true,"href":"https:\/\/redept.com.br\/blogosfera\/wp-json\/wp\/v2\/categories?post=90640"},{"taxonomy":"post_tag","embeddable":true,"href":"https:\/\/redept.com.br\/blogosfera\/wp-json\/wp\/v2\/tags?post=90640"}],"curies":[{"name":"wp","href":"https:\/\/api.w.org\/{rel}","templated":true}]}}