{"id":90791,"date":"2026-06-08T16:40:17","date_gmt":"2026-06-08T19:40:17","guid":{"rendered":"https:\/\/redept.com.br\/blogosfera\/projeto-garante-espaco-de-amamentacao-para-maes-trabalhadoras\/"},"modified":"2026-06-08T16:40:17","modified_gmt":"2026-06-08T19:40:17","slug":"projeto-garante-espaco-de-amamentacao-para-maes-trabalhadoras","status":"publish","type":"post","link":"https:\/\/redept.com.br\/blogosfera\/projeto-garante-espaco-de-amamentacao-para-maes-trabalhadoras\/","title":{"rendered":"Projeto garante espa\u00e7o de amamenta\u00e7\u00e3o para m\u00e3es trabalhadoras"},"content":{"rendered":"<p><img fetchpriority=\"high\" width=\"1024\" height=\"683\"src=\"https:\/\/redept.com.br\/blogosfera\/wp-content\/uploads\/2026\/06\/Sala-de-apoio-a-amamentacao-e-inaugurada-na-area-central-de-Brasilia-Foto_-Sandro-Araujo_Agencia-Saude-DF.jpg\" alt=\"\" decoding=\"async\" srcset=\"https:\/\/vermelho.org.br\/wp-content\/uploads\/2026\/06\/Sala-de-apoio-a-amamentacao-e-inaugurada-na-area-central-de-Brasilia-Foto_-Sandro-Araujo_Agencia-Saude-DF-1024x683.jpg 1024w, https:\/\/vermelho.org.br\/wp-content\/uploads\/2026\/06\/Sala-de-apoio-a-amamentacao-e-inaugurada-na-area-central-de-Brasilia-Foto_-Sandro-Araujo_Agencia-Saude-DF-300x200.jpg 300w, https:\/\/vermelho.org.br\/wp-content\/uploads\/2026\/06\/Sala-de-apoio-a-amamentacao-e-inaugurada-na-area-central-de-Brasilia-Foto_-Sandro-Araujo_Agencia-Saude-DF-768x512.jpg 768w, https:\/\/vermelho.org.br\/wp-content\/uploads\/2026\/06\/Sala-de-apoio-a-amamentacao-e-inaugurada-na-area-central-de-Brasilia-Foto_-Sandro-Araujo_Agencia-Saude-DF-1536x1024.jpg 1536w, https:\/\/vermelho.org.br\/wp-content\/uploads\/2026\/06\/Sala-de-apoio-a-amamentacao-e-inaugurada-na-area-central-de-Brasilia-Foto_-Sandro-Araujo_Agencia-Saude-DF-272x182.jpg 272w, https:\/\/redept.com.br\/blogosfera\/wp-content\/uploads\/2026\/06\/Sala-de-apoio-a-amamentacao-e-inaugurada-na-area-central-de-Brasilia-Foto_-Sandro-Araujo_Agencia-Saude-DF.jpg 1920w\" sizes=\"(max-width: 1024px) 100vw, 1024px\"><\/p>\n<p>Inspirado por uma decis\u00e3o recente do Supremo Tribunal Federal (STF), o vice-l\u00edder do Governo na C\u00e2mara, deputado federal M\u00e1rcio Jerry (PCdoB-MA), apresentou nesta segunda-feira (8) um projeto de lei que amplia a prote\u00e7\u00e3o \u00e0 maternidade e \u00e0 primeira inf\u00e2ncia em ambientes de trabalho coletivos. A proposta determina que shopping centers, galerias comerciais, mercados p\u00fablicos e outros empreendimentos semelhantes mantenham espa\u00e7os apropriados para guarda, assist\u00eancia e amamenta\u00e7\u00e3o dos filhos de trabalhadoras.<\/p>\n<p>Em defesa de m\u00e3es trabalhadoras, o PL incorpora ao texto da Consolida\u00e7\u00e3o das Leis do Trabalho (CLT) o entendimento firmado pelo STF no julgamento que reconheceu a responsabilidade dos shopping centers por oferecer esse tipo de estrutura \u00e0s funcion\u00e1rias das lojas instaladas em seus estabelecimentos. Na decis\u00e3o, os ministros entenderam que a prote\u00e7\u00e3o \u00e0 maternidade n\u00e3o pode ser limitada por quest\u00f5es formais relacionadas aos v\u00ednculos empregat\u00edcios das trabalhadoras. M\u00e1rcio Jerry argumenta que a realidade dos grandes centros comerciais exige atualiza\u00e7\u00e3o da legisla\u00e7\u00e3o. Segundo ele, centenas de mulheres trabalham diariamente em espa\u00e7os compartilhados, embora contratadas por empresas diferentes, o que n\u00e3o pode servir de obst\u00e1culo ao acesso aos direitos garantidos pela legisla\u00e7\u00e3o trabalhista.<\/p>\n<p>\u201cA decis\u00e3o do STF representa um avan\u00e7o importante na prote\u00e7\u00e3o \u00e0 maternidade. Nosso projeto busca transformar esse entendimento em lei, garantindo mais seguran\u00e7a jur\u00eddica e assegurando que trabalhadoras tenham acesso a condi\u00e7\u00f5es adequadas para cuidar e amamentar seus filhos durante o per\u00edodo previsto pela legisla\u00e7\u00e3o\u201d, afirmou o parlamentar.<\/p>\n<p>Para M\u00e1rcio Jerry, a proposta fortalece pol\u00edticas p\u00fablicas voltadas \u00e0 inf\u00e2ncia e contribui para tornar mais efetivos os direitos das mulheres no ambiente de trabalho. O texto tamb\u00e9m estende a obriga\u00e7\u00e3o a \u00f3rg\u00e3os p\u00fablicos que concentrem trabalhadores vinculados a diferentes empregadores ou prestadores de servi\u00e7o em um mesmo espa\u00e7o. O projeto come\u00e7ar\u00e1 a tramitar nas comiss\u00f5es tem\u00e1ticas da C\u00e2mara dos Deputados nas pr\u00f3ximas semanas.<\/p>\n<p>O post <a href=\"https:\/\/vermelho.org.br\/2026\/06\/08\/projeto-garante-espaco-de-amamentacao-para-maes-trabalhadoras\/\">Projeto garante espa\u00e7o de amamenta\u00e7\u00e3o para m\u00e3es trabalhadoras<\/a> apareceu primeiro em <a href=\"https:\/\/vermelho.org.br\/\">Vermelho<\/a>.<\/p>\n<!-- Begin Yuzo --><div class='yuzo_related_post style-1'  data-version='5.12.89'><!-- without result --><div class='yuzo_clearfixed yuzo__title yuzo__title'><h3>Related Post<\/h3><\/div>\n\t\t\t\t\t\t  <div class=\"relatedthumb \" style=\"width:125px;float:left;overflow:hidden;\">  \n\t\t\t\t\t\t\t  \n\t\t\t\t\t\t\t  <a  href=\"https:\/\/redept.com.br\/blogosfera\/governo-lula-emplaca-omar-aziz-na-relatoria-da-pec-do-fim-da-escala-6x1\/\"  >\n\t\t\t\t\t\t\t\t\t  <div class=\"yuzo-img-wrap \" style=\"width: 125px;height:90px;\">\n\t\t\t\t\t\t\t\t\t\t\n\t\t\t\t\t\t\t\t\t\t<div class=\"yuzo-img\" style=\"background:url('https:\/\/redept.com.br\/blogosfera\/wp-content\/uploads\/2026\/08\/fim-da-escala-6x1-Foto-Alessandro-Dantas-150x150.jpg') 50% 50% no-repeat;width: 125px;height:90px;margin-bottom: 5px;background-size: cover; \"><\/div>\n\t\t\t\t\t\t\t\t\t  <\/div>\n\t\t\t\t\t\t\t\t\t  \n\t\t\t\t\t\t\t\t   <span class=\"yuzo__text--title\" style=\"font-size:13px;\">Governo Lula emplaca Omar Aziz na relatoria da PEC...<\/span>\n\t\t\t\t\t\t\t  \n\t\t\t\t\t\t\t  \n\t\t\t\t\t\t\t  <\/a>\n\n\t\t\t\t\t\t  <\/div>\n\t\t\t\t\t\t  <div class=\"relatedthumb \" style=\"width:125px;float:left;overflow:hidden;\">  \n\t\t\t\t\t\t\t  \n\t\t\t\t\t\t\t  <a  href=\"https:\/\/redept.com.br\/blogosfera\/hospitais-privados-poderao-trocar-dividas-por-atendimento-ao-sus\/\"  >\n\t\t\t\t\t\t\t\t\t  <div class=\"yuzo-img-wrap \" style=\"width: 125px;height:90px;\">\n\t\t\t\t\t\t\t\t\t\t\n\t\t\t\t\t\t\t\t\t\t<div class=\"yuzo-img\" style=\"background:url('https:\/\/redept.org\/blogosfera\/wp-content\/plugins\/yuzo-related-post\/assets\/images\/default.png') 50% 50% no-repeat;width: 125px;height:90px;margin-bottom: 5px;background-size: cover; \"><\/div>\n\t\t\t\t\t\t\t\t\t  <\/div>\n\t\t\t\t\t\t\t\t\t  \n\t\t\t\t\t\t\t\t   <span class=\"yuzo__text--title\" style=\"font-size:13px;\">Hospitais privados poder\u00e3o trocar d\u00edvidas por aten...<\/span>\n\t\t\t\t\t\t\t  \n\t\t\t\t\t\t\t  \n\t\t\t\t\t\t\t  <\/a>\n\n\t\t\t\t\t\t  <\/div>\n\t\t\t\t\t\t  <div class=\"relatedthumb \" style=\"width:125px;float:left;overflow:hidden;\">  \n\t\t\t\t\t\t\t  \n\t\t\t\t\t\t\t  <a  href=\"https:\/\/redept.com.br\/blogosfera\/noticias-do-dia-com-o-jornal-tvt-news-segunda-edicao-16-01-2025\/\"  >\n\t\t\t\t\t\t\t\t\t  <div class=\"yuzo-img-wrap \" style=\"width: 125px;height:90px;\">\n\t\t\t\t\t\t\t\t\t\t\n\t\t\t\t\t\t\t\t\t\t<div class=\"yuzo-img\" style=\"background:url('https:\/\/redept.com.br\/blogosfera\/wp-content\/uploads\/2026\/01\/jornal_tvt_news-18-150x150.jpeg') 50% 50% no-repeat;width: 125px;height:90px;margin-bottom: 5px;background-size: cover; \"><\/div>\n\t\t\t\t\t\t\t\t\t  <\/div>\n\t\t\t\t\t\t\t\t\t  \n\t\t\t\t\t\t\t\t   <span class=\"yuzo__text--title\" style=\"font-size:13px;\">Not\u00edcias do dia com o Jornal TVT News Segunda Edi\u00e7...<\/span>\n\t\t\t\t\t\t\t  \n\t\t\t\t\t\t\t  \n\t\t\t\t\t\t\t  <\/a>\n\n\t\t\t\t\t\t  <\/div>\n\t\t\t\t\t\t  <div class=\"relatedthumb \" style=\"width:125px;float:left;overflow:hidden;\">  \n\t\t\t\t\t\t\t  \n\t\t\t\t\t\t\t  <a  href=\"https:\/\/redept.com.br\/blogosfera\/morte-do-trabalhador-senegales-acentua-criticas-a-violencia-policial-em-sp\/\"  >\n\t\t\t\t\t\t\t\t\t  <div class=\"yuzo-img-wrap \" style=\"width: 125px;height:90px;\">\n\t\t\t\t\t\t\t\t\t\t\n\t\t\t\t\t\t\t\t\t\t<div class=\"yuzo-img\" style=\"background:url('https:\/\/redept.com.br\/blogosfera\/wp-content\/uploads\/2025\/04\/protesto-senegales-150x150.jpg') 50% 50% no-repeat;width: 125px;height:90px;margin-bottom: 5px;background-size: cover; \"><\/div>\n\t\t\t\t\t\t\t\t\t  <\/div>\n\t\t\t\t\t\t\t\t\t  \n\t\t\t\t\t\t\t\t   <span class=\"yuzo__text--title\" style=\"font-size:13px;\">Morte do trabalhador senegal\u00eas acentua cr\u00edticas \u00e0 ...<\/span>\n\t\t\t\t\t\t\t  \n\t\t\t\t\t\t\t  \n\t\t\t\t\t\t\t  <\/a>\n\n\t\t\t\t\t\t  <\/div>\n<\/div> <script>\n\t\t\t\t\t\t  jQuery(document).ready(function( $ ){\n\t\t\t\t\t\t\t\/\/jQuery('.yuzo_related_post').equalizer({ overflow : 'relatedthumb' });\n\t\t\t\t\t\t\tjQuery('.yuzo_related_post .yuzo_wraps').equalizer({ columns : '> div' });\n\t\t\t\t\t\t   })\n\t\t\t\t\t\t  <\/script> <!-- End Yuzo :) -->","protected":false},"excerpt":{"rendered":"<p>Inspirado por uma decis\u00e3o recente do Supremo Tribunal Federal (STF), o vice-l\u00edder do Governo na C\u00e2mara, deputado federal M\u00e1rcio Jerry (PCdoB-MA), apresentou nesta segunda-feira (8) um projeto de lei que amplia a prote\u00e7\u00e3o \u00e0 maternidade e \u00e0 primeira inf\u00e2ncia em ambientes de trabalho coletivos. A proposta determina que shopping centers, galerias comerciais, mercados p\u00fablicos e [&hellip;]<\/p>\n","protected":false},"author":2,"featured_media":0,"comment_status":"open","ping_status":"closed","sticky":false,"template":"","format":"standard","meta":{"fifu_image_url":"","fifu_image_alt":"","footnotes":""},"categories":[65712,1441,65713,301,132,65714],"tags":[],"class_list":["post-90791","post","type-post","status-publish","format-standard","hentry","category-amamentacao-no-trabalho","category-clt","category-direitos-das-maes-trabalhadoras","category-marcio-jerry","category-politica","category-protecao-a-maternidade"],"_links":{"self":[{"href":"https:\/\/redept.com.br\/blogosfera\/wp-json\/wp\/v2\/posts\/90791","targetHints":{"allow":["GET"]}}],"collection":[{"href":"https:\/\/redept.com.br\/blogosfera\/wp-json\/wp\/v2\/posts"}],"about":[{"href":"https:\/\/redept.com.br\/blogosfera\/wp-json\/wp\/v2\/types\/post"}],"author":[{"embeddable":true,"href":"https:\/\/redept.com.br\/blogosfera\/wp-json\/wp\/v2\/users\/2"}],"replies":[{"embeddable":true,"href":"https:\/\/redept.com.br\/blogosfera\/wp-json\/wp\/v2\/comments?post=90791"}],"version-history":[{"count":0,"href":"https:\/\/redept.com.br\/blogosfera\/wp-json\/wp\/v2\/posts\/90791\/revisions"}],"wp:attachment":[{"href":"https:\/\/redept.com.br\/blogosfera\/wp-json\/wp\/v2\/media?parent=90791"}],"wp:term":[{"taxonomy":"category","embeddable":true,"href":"https:\/\/redept.com.br\/blogosfera\/wp-json\/wp\/v2\/categories?post=90791"},{"taxonomy":"post_tag","embeddable":true,"href":"https:\/\/redept.com.br\/blogosfera\/wp-json\/wp\/v2\/tags?post=90791"}],"curies":[{"name":"wp","href":"https:\/\/api.w.org\/{rel}","templated":true}]}}