{"id":91077,"date":"2026-06-09T16:41:03","date_gmt":"2026-06-09T19:41:03","guid":{"rendered":"https:\/\/redept.com.br\/blogosfera\/bolivia-entre-a-rebeldia-e-a-falta-de-perspectivas\/"},"modified":"2026-06-09T16:41:03","modified_gmt":"2026-06-09T19:41:03","slug":"bolivia-entre-a-rebeldia-e-a-falta-de-perspectivas","status":"publish","type":"post","link":"https:\/\/redept.com.br\/blogosfera\/bolivia-entre-a-rebeldia-e-a-falta-de-perspectivas\/","title":{"rendered":"Bol\u00edvia, entre a rebeldia e a falta de perspectivas"},"content":{"rendered":"<figure><img fetchpriority=\"high\" decoding=\"async\" width=\"900\" height=\"600\"src=\"https:\/\/redept.com.br\/blogosfera\/wp-content\/uploads\/2026\/06\/photo_4990121050536348700_y.jpg\" alt=\"\" srcset=\"https:\/\/redept.com.br\/blogosfera\/wp-content\/uploads\/2026\/06\/photo_4990121050536348700_y.jpg 900w, https:\/\/outraspalavras.net\/wp-content\/uploads\/2026\/06\/photo_4990121050536348700_y-300x200.jpg 300w, https:\/\/outraspalavras.net\/wp-content\/uploads\/2026\/06\/photo_4990121050536348700_y-768x512.jpg 768w, https:\/\/outraspalavras.net\/wp-content\/uploads\/2026\/06\/photo_4990121050536348700_y-272x182.jpg 272w\" sizes=\"(max-width: 900px) 100vw, 900px\"><figcaption>Foto: Reprodu\u00e7\u00e3o\/Telesur<\/figcaption><\/figure>\n<div>\n<div>\n<div>\n<div>\n<div>\n<div>\n<div>\n<h4>Boletim Outras Palavras<\/h4>\n<p>Receba por email, diariamente, todas as publica\u00e7\u00f5es do site<\/p>\n<\/p><\/div>\n<div>\n<div>\n<div>\n<div>\n<div><\/div>\n<\/p><\/div>\n<\/p><\/div>\n<div>\n                <button type=\"submit\">Assinar<\/button><br \/>\n                <button disabled type=\"button\"> <\/p>\n<div><\/div>\n<p> <span>Loading&#8230;<\/span> <\/button>\n              <\/div>\n<\/p><\/div>\n<\/p><\/div>\n<div>\n            <button type=\"submit\">Assinar<\/button><br \/>\n            <button disabled type=\"button\"> <\/p>\n<div><\/div>\n<p> <span>Loading&#8230;<\/span> <\/button>\n          <\/div>\n<\/p><\/div>\n<div>\n<div>\n<h4>Agradecemos!<\/h4>\n<p>Voc\u00ea j\u00e1 est\u00e1 inscrito e come\u00e7ar\u00e1 a receber os boletins em breve. Boa leitura!<\/p>\n<\/p><\/div>\n<\/p><\/div>\n<\/p><\/div>\n<\/p><\/div>\n<\/div>\n<p><imgsrc=\"\" width=\"1\" height=\"1\" alt=\".\" border=\"0\">\n<\/div>\n<\/div>\n<p>Por <strong>Susana Bejarano<\/strong>, no <em>Diario Red<\/em> | Tradu\u00e7\u00e3o: <strong>R\u00f4ney Rodrigues<\/strong><\/p>\n<p>Ap\u00f3s 40 dias, o conflito social na Bol\u00edvia parece ter entrado em uma fase de impasse. Nem o governo conseguiu recuperar a iniciativa pol\u00edtica, nem os setores mobilizados lograram for\u00e7ar uma negocia\u00e7\u00e3o nos seus termos. O resultado \u00e9 um pa\u00eds que oscila entre o desgaste e o confronto. A possibilidade de uma sa\u00edda negociada continua sendo mais um slogan do que uma realidade. E a press\u00e3o para declarar estado de exce\u00e7\u00e3o \u00e9 cada vez mais intensa.<\/p>\n<p>Em meados da semana passada, as organiza\u00e7\u00f5es mobilizadas enviaram um of\u00edcio ao Executivo apresentando condi\u00e7\u00f5es m\u00ednimas para iniciar conversas: fim da repress\u00e3o e da persegui\u00e7\u00e3o pol\u00edtica, liberta\u00e7\u00e3o imediata dos detidos e aten\u00e7\u00e3o e repara\u00e7\u00e3o aos feridos. O governo insistiu publicamente em sua disposi\u00e7\u00e3o para o di\u00e1logo. No entanto, as pris\u00f5es de l\u00edderes continuaram e acabaram por enfraquecer qualquer expectativa de aproxima\u00e7\u00e3o.<\/p>\n<div>\n<div><imgsrc=\"https:\/\/redept.com.br\/blogosfera\/wp-content\/uploads\/2026\/06\/1-18.png\" alt=\"\" srcset=\"https:\/\/redept.com.br\/blogosfera\/wp-content\/uploads\/2026\/06\/1-18.png 680w, https:\/\/outraspalavras.net\/wp-content\/uploads\/2025\/12\/15-300x110.png 300w\" sizes=\"(max-width: 680px) 100vw, 680px\" width=\"680\" height=\"250\"><\/div>\n<\/div>\n<p>O principal problema \u00e9 que o di\u00e1logo nunca se constituiu como um processo pol\u00edtico real. Houve reuni\u00f5es parciais, contatos setoriais e convoca\u00e7\u00f5es dispersas, mas nunca um convite formal com agenda definida, data, local e metodologia clara.<\/p>\n<p>Enquanto a desconfian\u00e7a se aprofundava, o governo avan\u00e7ou em outra frente. A Assembleia Legislativa aprovou uma lei que regulamenta os estados de exce\u00e7\u00e3o de que o Executivo precisava para mobilizar os militares contra os bloqueios.<\/p>\n<p>A advogada Ninoska Dur\u00e1n aponta que a maior preocupa\u00e7\u00e3o foi gerada pela incorpora\u00e7\u00e3o \u00e0 lei do princ\u00edpio da presun\u00e7\u00e3o de legalidade e boa-f\u00e9 nas atua\u00e7\u00f5es das for\u00e7as de seguran\u00e7a. Ela sustenta que a disposi\u00e7\u00e3o oferece garantias antecipadas contra poss\u00edveis questionamentos por uso excessivo da for\u00e7a. Os defensores da lei argumentam, por outro lado, que o que se busca \u00e9 conferir seguran\u00e7a jur\u00eddica \u00e0queles que executarem as medidas de conten\u00e7\u00e3o de emerg\u00eancias determinadas pelo Estado.<\/p>\n<p>Essa discuss\u00e3o n\u00e3o tem sido t\u00e9cnica, mas pol\u00edtica, pois a Bol\u00edvia \u00e9 um pa\u00eds marcado por uma longa hist\u00f3ria de estados de s\u00edtio e massacres em meio a conflitos sociais, de modo que qualquer amplia\u00e7\u00e3o das faculdades coercitivas e da discricionariedade das for\u00e7as de seguran\u00e7a desperta temores. Na mem\u00f3ria recente est\u00e3o os massacres executados no governo <em>de facto<\/em> de Jeanine \u00c1\u00f1ez, cujas v\u00edtimas at\u00e9 agora n\u00e3o encontraram justi\u00e7a.<\/p>\n<p>No s\u00e1bado, o governo realizou uma opera\u00e7\u00e3o de desbloqueio em San Juli\u00e1n, localidade de Santa Cruz tradicionalmente rebelde em rela\u00e7\u00e3o \u00e0s elites dessa regi\u00e3o, que s\u00e3o conservadoras. O objetivo foi romper um dos pontos estrat\u00e9gicos do conflito. Participaram efetivos policiais e grupos civis integrados pela Uni\u00e3o Juvenil Cruce\u00f1ista, grupo que especialistas em direitos humanos consideram \u201cparapolicial e violento\u201d. O saldo dessa a\u00e7\u00e3o foi de uma dezena de feridos e uma escalada da tens\u00e3o pol\u00edtica.<\/p>\n<p>O dado pol\u00edtico relevante \u00e9 que a opera\u00e7\u00e3o n\u00e3o atingiu seu objetivo. O bloqueio n\u00e3o p\u00f4de ser dissolvido de maneira sustent\u00e1vel, nem se modificou a correla\u00e7\u00e3o de for\u00e7as no terreno. Em vez disso, o que a a\u00e7\u00e3o policial de fato produziu foi um aprofundamento das fraturas entre os moradores de San Juli\u00e1n, que em grande parte s\u00e3o \u201ccollas\u201d ou camponeses imigrantes (provenientes da regi\u00e3o aimar\u00e1 do pa\u00eds), e a Uni\u00e3o Juvenil Cruce\u00f1ista, que se arroga representa\u00e7\u00f5es locais. A presen\u00e7a desses civis atuando junto \u00e0s for\u00e7as de seguran\u00e7a constitui um dos aspectos mais preocupantes de toda a crise. Aqui a fronteira est\u00e1 definida: a ordem p\u00fablica est\u00e1 nas m\u00e3os do Estado. Se essa regra for alterada, o governo acaba promovendo o confronto entre seus cidad\u00e3os, e os resultados podem dilacerar o tecido social que o Estado deveria proteger antes de qualquer outro.<\/p>\n<p>A opera\u00e7\u00e3o demonstrou que a for\u00e7a tampouco serve para resolver o conflito. Pelo contr\u00e1rio, cada interven\u00e7\u00e3o repressiva parece refor\u00e7ar a coes\u00e3o dos setores mobilizados.<\/p>\n<div>\n<div><imgsrc=\"https:\/\/redept.com.br\/blogosfera\/wp-content\/uploads\/2026\/06\/OUTRAS-PALAVRAS-_A-LA-CAARTE728x90px-1-1.jpg\" alt=\"\" srcset=\"https:\/\/redept.com.br\/blogosfera\/wp-content\/uploads\/2026\/06\/OUTRAS-PALAVRAS-_A-LA-CAARTE728x90px-1-1.jpg 728w, https:\/\/outraspalavras.net\/wp-content\/uploads\/2022\/08\/OUTRAS-PALAVRAS-_A-LA-CAARTE728x90px-1-1-300x37.jpg 300w\" sizes=\"(max-width: 728px) 100vw, 728px\" width=\"728\" height=\"90\"><\/div>\n<\/div>\n<p>Esta \u00e9 a raz\u00e3o pela qual muitos acreditam que a aprova\u00e7\u00e3o de um estado de exce\u00e7\u00e3o produziria resultados opostos aos que o governo espera. Uma escalada maior poderia reagrupar for\u00e7as dispersas, esclarecer e fortalecer lideran\u00e7as e reconstruir solidariedades que hoje, ap\u00f3s tantos dias de luta, mostram sinais de desgaste.<\/p>\n<p>Enquanto isso, a press\u00e3o continua aumentando em Chapare, sede dos cocaleros bolivianos e basti\u00e3o pol\u00edtico de Evo Morales; ele permanece l\u00e1 acuado h\u00e1 v\u00e1rios meses para evitar sua deten\u00e7\u00e3o por acusa\u00e7\u00f5es judiciais de suposto estupro e tr\u00e1fico de pessoas. Durante v\u00e1rios dias, houve cortes de energia el\u00e9trica na regi\u00e3o, que foram interpretados pelos cocaleros como mecanismos de intimida\u00e7\u00e3o pol\u00edtica, o que o governo negou.<\/p>\n<p>O governo mant\u00e9m a tese de que Morales \u00e9 o principal articulador das mobiliza\u00e7\u00f5es. Essa explica\u00e7\u00e3o \u00e9 muito limitada para descrever a complexidade do cen\u00e1rio atual. O evismo tem interesses pol\u00edticos no desenrolar da crise e participa ativamente dela, mas atribuir-lhe a condu\u00e7\u00e3o total do conflito implicaria desconhecer a diversidade de organiza\u00e7\u00f5es, demandas e atores que interv\u00eam no processo.<\/p>\n<p>De fato, uma das dificuldades que o Executivo enfrentou desde o in\u00edcio foi perder de vista que as organiza\u00e7\u00f5es camponesas, ind\u00edgenas, sindicais e de bairro que hoje participam dos protestos respondem a din\u00e2micas pr\u00f3prias e n\u00e3o necessariamente a um comando \u00fanico.<\/p>\n<p>Na madrugada de domingo, poucas horas ap\u00f3s a aprova\u00e7\u00e3o da lei dos estados de exce\u00e7\u00e3o, o presidente Paz publicou uma mensagem agradecendo a resist\u00eancia da popula\u00e7\u00e3o \u00e0s dificuldades provocadas pelos bloqueios. O tom buscou transmitir serenidade e firmeza. Em ess\u00eancia, a aposta governamental continua a mesma: administrar o desgaste at\u00e9 que as medidas percam a capacidade de press\u00e3o.<\/p>\n<p>A intelectualidade pr\u00f3xima ao governo defende que evitar medidas extremas e permitir que o conflito se desgaste por si s\u00f3 vai consolidar a imagem de Rodrigo Paz como um l\u00edder pacifista e marcar uma derrota hist\u00f3rica das formas tradicionais de protesto do movimento popular.<\/p>\n<p>Mas com que legitimidade governar\u00e1 Paz daqui para a frente? Para al\u00e9m de como termine o conflito, os bloqueios evidenciaram uma ruptura total entre o governo e os setores sociais que contribu\u00edram para sua vit\u00f3ria eleitoral.<\/p>\n<p>Um elemento internacional complicou ainda mais as possibilidades de di\u00e1logo. O secret\u00e1rio de Defesa dos Estados Unidos, Pete Hegseth, atribuiu a crise boliviana ao \u201cnarcoterrorismo\u201d, o que foi mal recebido entre os setores mobilizados e agradecido pelo governo. Para muitas organiza\u00e7\u00f5es, as palavras do funcion\u00e1rio estadunidense equivaleram a uma criminaliza\u00e7\u00e3o do protesto social e s\u00e3o a comprova\u00e7\u00e3o do \u201cintervencionismo gringo\u201d no pa\u00eds.<\/p>\n<p>Em outra frente, as elites econ\u00f4micas e pol\u00edticas que pediram m\u00e3o dura desde o in\u00edcio do conflito n\u00e3o se tornaram um sustento plenamente confi\u00e1vel para Rodrigo Paz. Persistem nelas as d\u00favidas quanto \u00e0 solidez pol\u00edtica do governo. A tentativa permanente de Paz de se tornar o representante pol\u00edtico desses setores n\u00e3o dissipou completamente essas reservas.<\/p>\n<p>A Bol\u00edvia est\u00e1, portanto, num impasse. Ningu\u00e9m consegue se impor. Ningu\u00e9m quer recuar. Os bloqueios mostram sinais de desgaste, mas cada interven\u00e7\u00e3o estatal lhes confere novamente energia pol\u00edtica. O governo resiste, mas n\u00e3o consegue reconstruir a legitimidade perdida. Os mobilizados mant\u00eam sua capacidade de press\u00e3o, mas tamb\u00e9m n\u00e3o encontram uma sa\u00edda clara.<\/p>\n<p>Enquanto n\u00e3o encontrar a forma de reconstruir n\u00edveis m\u00ednimos de confian\u00e7a, o pa\u00eds continuar\u00e1 preso em um conflito muito mais profundo do que um bloqueio de estradas. Isso tem hist\u00f3ria: <em>quem me representa?<\/em> <em>Quem tem o direito de ostentar o poder? A quem pertence esta na\u00e7\u00e3o?<\/em><\/p>\n<div>\n<div>\n<p><span><em>Outras Palavras \u00e9 feito por muitas m\u00e3os. Se voc\u00ea valoriza nossa produ\u00e7\u00e3o, contribua com um PIX para <strong>outrosquinhentos@outraspalavras.net<\/strong> e fortale\u00e7a o jornalismo cr\u00edtico.<\/em><\/span><\/p>\n<\/div>\n<\/div>\n<p>The post Bol\u00edvia, entre a rebeldia e a falta de perspectivas appeared first on Outras Palavras.<\/p>\n<!-- Begin Yuzo --><div class='yuzo_related_post style-1'  data-version='5.12.89'><!-- without result --><div class='yuzo_clearfixed yuzo__title yuzo__title'><h3>Related Post<\/h3><\/div>\n\t\t\t\t\t\t  <div class=\"relatedthumb \" style=\"width:125px;float:left;overflow:hidden;\">  \n\t\t\t\t\t\t\t  \n\t\t\t\t\t\t\t  <a  href=\"https:\/\/redept.com.br\/blogosfera\/educacao-e-instrumento-de-consciencia-e-soberania-para-brasil-e-africa\/\"  >\n\t\t\t\t\t\t\t\t\t  <div class=\"yuzo-img-wrap \" style=\"width: 125px;height:90px;\">\n\t\t\t\t\t\t\t\t\t\t\n\t\t\t\t\t\t\t\t\t\t<div class=\"yuzo-img\" style=\"background:url('https:\/\/redept.org\/blogosfera\/wp-content\/plugins\/yuzo-related-post\/assets\/images\/default.png') 50% 50% no-repeat;width: 125px;height:90px;margin-bottom: 5px;background-size: cover; \"><\/div>\n\t\t\t\t\t\t\t\t\t  <\/div>\n\t\t\t\t\t\t\t\t\t  \n\t\t\t\t\t\t\t\t   <span class=\"yuzo__text--title\" style=\"font-size:13px;\">Educa\u00e7\u00e3o \u00e9 instrumento de consci\u00eancia e soberania ...<\/span>\n\t\t\t\t\t\t\t  \n\t\t\t\t\t\t\t  \n\t\t\t\t\t\t\t  <\/a>\n\n\t\t\t\t\t\t  <\/div>\n\t\t\t\t\t\t  <div class=\"relatedthumb \" style=\"width:125px;float:left;overflow:hidden;\">  \n\t\t\t\t\t\t\t  \n\t\t\t\t\t\t\t  <a  href=\"https:\/\/redept.com.br\/blogosfera\/acompanhe-o-jornal-tvt-news-segunda-edicao-14-05\/\"  >\n\t\t\t\t\t\t\t\t\t  <div class=\"yuzo-img-wrap \" style=\"width: 125px;height:90px;\">\n\t\t\t\t\t\t\t\t\t\t\n\t\t\t\t\t\t\t\t\t\t<div class=\"yuzo-img\" style=\"background:url('https:\/\/redept.com.br\/blogosfera\/wp-content\/uploads\/2025\/05\/jornal_tvt_news-16-150x150.jpeg') 50% 50% no-repeat;width: 125px;height:90px;margin-bottom: 5px;background-size: cover; \"><\/div>\n\t\t\t\t\t\t\t\t\t  <\/div>\n\t\t\t\t\t\t\t\t\t  \n\t\t\t\t\t\t\t\t   <span class=\"yuzo__text--title\" style=\"font-size:13px;\">Acompanhe o Jornal TVT News Segunda Edi\u00e7\u00e3o | 14-05...<\/span>\n\t\t\t\t\t\t\t  \n\t\t\t\t\t\t\t  \n\t\t\t\t\t\t\t  <\/a>\n\n\t\t\t\t\t\t  <\/div>\n\t\t\t\t\t\t  <div class=\"relatedthumb \" style=\"width:125px;float:left;overflow:hidden;\">  \n\t\t\t\t\t\t\t  \n\t\t\t\t\t\t\t  <a  href=\"https:\/\/redept.com.br\/blogosfera\/senado-ouve-trabalhadores-sobre-aumento-da-faixa-de-isencao-do-ir\/\"  >\n\t\t\t\t\t\t\t\t\t  <div class=\"yuzo-img-wrap \" style=\"width: 125px;height:90px;\">\n\t\t\t\t\t\t\t\t\t\t\n\t\t\t\t\t\t\t\t\t\t<div class=\"yuzo-img\" style=\"background:url('https:\/\/redept.org\/blogosfera\/wp-content\/plugins\/yuzo-related-post\/assets\/images\/default.png') 50% 50% no-repeat;width: 125px;height:90px;margin-bottom: 5px;background-size: cover; \"><\/div>\n\t\t\t\t\t\t\t\t\t  <\/div>\n\t\t\t\t\t\t\t\t\t  \n\t\t\t\t\t\t\t\t   <span class=\"yuzo__text--title\" style=\"font-size:13px;\">Senado ouve trabalhadores sobre aumento da faixa d...<\/span>\n\t\t\t\t\t\t\t  \n\t\t\t\t\t\t\t  \n\t\t\t\t\t\t\t  <\/a>\n\n\t\t\t\t\t\t  <\/div>\n\t\t\t\t\t\t  <div class=\"relatedthumb \" style=\"width:125px;float:left;overflow:hidden;\">  \n\t\t\t\t\t\t\t  \n\t\t\t\t\t\t\t  <a  href=\"https:\/\/redept.com.br\/blogosfera\/sindbancarios-lanca-documentario-sobre-trabalhadores-atingidos-pela-enchente\/\"  >\n\t\t\t\t\t\t\t\t\t  <div class=\"yuzo-img-wrap \" style=\"width: 125px;height:90px;\">\n\t\t\t\t\t\t\t\t\t\t\n\t\t\t\t\t\t\t\t\t\t<div class=\"yuzo-img\" style=\"background:url('https:\/\/redept.org\/blogosfera\/wp-content\/plugins\/yuzo-related-post\/assets\/images\/default.png') 50% 50% no-repeat;width: 125px;height:90px;margin-bottom: 5px;background-size: cover; \"><\/div>\n\t\t\t\t\t\t\t\t\t  <\/div>\n\t\t\t\t\t\t\t\t\t  \n\t\t\t\t\t\t\t\t   <span class=\"yuzo__text--title\" style=\"font-size:13px;\">SindBanc\u00e1rios lan\u00e7a document\u00e1rio sobre trabalhador...<\/span>\n\t\t\t\t\t\t\t  \n\t\t\t\t\t\t\t  \n\t\t\t\t\t\t\t  <\/a>\n\n\t\t\t\t\t\t  <\/div>\n<\/div> <script>\n\t\t\t\t\t\t  jQuery(document).ready(function( $ ){\n\t\t\t\t\t\t\t\/\/jQuery('.yuzo_related_post').equalizer({ overflow : 'relatedthumb' });\n\t\t\t\t\t\t\tjQuery('.yuzo_related_post .yuzo_wraps').equalizer({ columns : '> div' });\n\t\t\t\t\t\t   })\n\t\t\t\t\t\t  <\/script> <!-- End Yuzo :) -->","protected":false},"excerpt":{"rendered":"<p>J\u00e1 s\u00e3o 40 dias de bloqueio no pa\u00eds. Apesar dos sinais de desgaste, povo n\u00e3o recua, mesmo sem ver sa\u00eddas claras. Governo pretende aplicar nova lei de estado de exce\u00e7\u00e3o, o que pode reacender os protestos. A \u00fanica certeza neste impasse: presidente perdeu sua legitimidade  <\/p>\n<p>The post <a href=\"https:\/\/outraspalavras.net\/descolonizacoes\/bolivia-entre-a-rebeldia-e-a-falta-de-perspectivas\/\">Bol\u00edvia, entre a rebeldia e a falta de perspectivas<\/a> appeared first on <a href=\"https:\/\/outraspalavras.net\/\">Outras Palavras<\/a>.<\/p>\n","protected":false},"author":2,"featured_media":91078,"comment_status":"open","ping_status":"closed","sticky":false,"template":"","format":"standard","meta":{"fifu_image_url":"","fifu_image_alt":"","footnotes":""},"categories":[4306,729,66263,2538,63346,60690,66264,5599,66265,66266,17045,66267,761,15033,28787,22286,66268,66269,626],"tags":[],"class_list":["post-91077","post","type-post","status-publish","format-standard","has-post-thumbnail","hentry","category-assembleia-legislativa","category-bloqueio","category-bloqueio-de-estradas","category-bolivia","category-chapare","category-conflitos-sociais","category-conforto","category-descolonizacoes","category-desgaste","category-elites-economicas","category-estado","category-evismo","category-indigenas","category-interesses-politicos","category-jeanine-anez","category-ordem-publica","category-organizacoes-camponesas","category-organizacoes-sindicais","category-resistencia"],"_links":{"self":[{"href":"https:\/\/redept.com.br\/blogosfera\/wp-json\/wp\/v2\/posts\/91077","targetHints":{"allow":["GET"]}}],"collection":[{"href":"https:\/\/redept.com.br\/blogosfera\/wp-json\/wp\/v2\/posts"}],"about":[{"href":"https:\/\/redept.com.br\/blogosfera\/wp-json\/wp\/v2\/types\/post"}],"author":[{"embeddable":true,"href":"https:\/\/redept.com.br\/blogosfera\/wp-json\/wp\/v2\/users\/2"}],"replies":[{"embeddable":true,"href":"https:\/\/redept.com.br\/blogosfera\/wp-json\/wp\/v2\/comments?post=91077"}],"version-history":[{"count":0,"href":"https:\/\/redept.com.br\/blogosfera\/wp-json\/wp\/v2\/posts\/91077\/revisions"}],"wp:featuredmedia":[{"embeddable":true,"href":"https:\/\/redept.com.br\/blogosfera\/wp-json\/wp\/v2\/media\/91078"}],"wp:attachment":[{"href":"https:\/\/redept.com.br\/blogosfera\/wp-json\/wp\/v2\/media?parent=91077"}],"wp:term":[{"taxonomy":"category","embeddable":true,"href":"https:\/\/redept.com.br\/blogosfera\/wp-json\/wp\/v2\/categories?post=91077"},{"taxonomy":"post_tag","embeddable":true,"href":"https:\/\/redept.com.br\/blogosfera\/wp-json\/wp\/v2\/tags?post=91077"}],"curies":[{"name":"wp","href":"https:\/\/api.w.org\/{rel}","templated":true}]}}