{"id":91170,"date":"2026-06-10T13:50:38","date_gmt":"2026-06-10T16:50:38","guid":{"rendered":"https:\/\/redept.com.br\/blogosfera\/sanchez-lidera-no-peru-e-decisao-final-deve-repetir-demora-do-primeiro-turno\/"},"modified":"2026-06-10T13:50:38","modified_gmt":"2026-06-10T16:50:38","slug":"sanchez-lidera-no-peru-e-decisao-final-deve-repetir-demora-do-primeiro-turno","status":"publish","type":"post","link":"https:\/\/redept.com.br\/blogosfera\/sanchez-lidera-no-peru-e-decisao-final-deve-repetir-demora-do-primeiro-turno\/","title":{"rendered":"S\u00e1nchez lidera no Peru e decis\u00e3o final deve repetir demora do primeiro turno"},"content":{"rendered":"<p><img loading=\"lazy\" width=\"1024\" height=\"683\"src=\"https:\/\/redept.com.br\/blogosfera\/wp-content\/uploads\/2026\/06\/angecia-andina.webp\" alt=\"\" decoding=\"async\" loading=\"lazy\" srcset=\"https:\/\/vermelho.org.br\/wp-content\/uploads\/2026\/06\/angecia-andina-1024x683.webp 1024w, https:\/\/vermelho.org.br\/wp-content\/uploads\/2026\/06\/angecia-andina-300x200.webp 300w, https:\/\/vermelho.org.br\/wp-content\/uploads\/2026\/06\/angecia-andina-768x512.webp 768w, https:\/\/vermelho.org.br\/wp-content\/uploads\/2026\/06\/angecia-andina-1536x1024.webp 1536w, https:\/\/vermelho.org.br\/wp-content\/uploads\/2026\/06\/angecia-andina-272x182.webp 272w, https:\/\/redept.com.br\/blogosfera\/wp-content\/uploads\/2026\/06\/angecia-andina.webp 1800w\" sizes=\"auto, (max-width: 1024px) 100vw, 1024px\"><\/p>\n<p>A contagem oficial do segundo turno das elei\u00e7\u00f5es presidenciais peruanas avan\u00e7a, mas o resultado final segue formalmente indefinido e deve arrastar o pa\u00eds para um cen\u00e1rio de longa espera institucional. Segundo a \u00faltima atualiza\u00e7\u00e3o da Oficina Nacional de Procesos Electorales (ONPE), o deputado Roberto S\u00e1nchez Palomino, do Juntos por el Per\u00fa, abriu uma vantagem m\u00ednima sobre Keiko Fujimori, da Fuerza Popular. S\u00e1nchez registra 50,068% dos votos v\u00e1lidos, contra 49,932% da candidata de direita. A diferen\u00e7a \u00e9 de apenas 24.485 votos \u2014 menos de 0,14 ponto percentual \u2014, o que mant\u00e9m o pleito sem um vencedor oficial e exige a apura\u00e7\u00e3o minuciosa de cada ata pendente.<\/p>\n<p>Diante deste cen\u00e1rio, as autoridades eleitorais indicam que a totaliza\u00e7\u00e3o oficial da disputa exigir\u00e1 paci\u00eancia. O presidente do Jurado Nacional de Elecciones (JNE), Roberto Burneo, sinalizou que o prazo para a proclama\u00e7\u00e3o oficial do novo presidente do Peru pode demorar at\u00e9 30 dias. Fontes diplom\u00e1ticas e t\u00e9cnicas do pa\u00eds apontam que a declara\u00e7\u00e3o do vencedor deve ocorrer apenas em meados de julho, restando ainda entre tr\u00eas e cinco semanas de an\u00e1lises jur\u00eddicas e contagem voto a voto. O processo envolve a valida\u00e7\u00e3o de mais de 1,5 mil atas enviadas para revis\u00e3o nos Jurados Electorales Especiales (JEE), al\u00e9m do processamento de votos do exterior e de atas contestadas pelos partidos.<\/p>\n<p>Esse cronograma repete o padr\u00e3o de lentid\u00e3o observado no primeiro turno do pleito presidencial peruano, realizado em meados de abril. Naquela ocasi\u00e3o, o JNE levou exatamente 34 dias para oficializar o resultado e confirmar os nomes de S\u00e1nchez e Fujimori na etapa final, emitindo a proclama\u00e7\u00e3o apenas em 17 de maio.\u00a0<\/p>\n<p>Enquanto no primeiro turno o atraso foi motivado pelo n\u00famero recorde de candidatos na c\u00e9dula e por problemas log\u00edsticos regionais, a demora no segundo turno decorre do rigor t\u00e9cnico exigido pela margem hist\u00f3rica estreita entre os dois concorrentes, o que intensifica a fiscaliza\u00e7\u00e3o de cada partido nos tribunais.<\/p>\n<p>O voto das popula\u00e7\u00f5es do interior do Peru<\/p>\n<p>A virada de S\u00e1nchez na contagem reflete a consolida\u00e7\u00e3o do voto nas regi\u00f5es andinas e no meio rural, onde o candidato de esquerda possui suas principais bases de apoio e superou a lideran\u00e7a inicial de Fujimori, impulsionada pelos votos da capital Lima e das \u00e1reas costeiras.\u00a0<\/p>\n<p>S\u00e1nchez, psic\u00f3logo de 57 anos e ex-ministro de Com\u00e9rcio Exterior e Turismo no governo de Pedro Castillo, tenta consolidar a vit\u00f3ria da coaliz\u00e3o progressista contra a l\u00edder do Fuerza Popular, que disputa a presid\u00eancia pela quarta vez. O Peru possui um hist\u00f3rico recente de forte judicializa\u00e7\u00e3o eleitoral e instabilidade pol\u00edtica, o que eleva a import\u00e2ncia do acompanhamento direto pelas plataformas oficiais da ONPE e do JNE at\u00e9 o encerramento total dos recursos jur\u00eddicos.<\/p>\n<p>Coaliz\u00e3o de esquerda apoia campanha de S\u00e1nchez<\/p>\n<p>A coaliz\u00e3o Juntos por el Per\u00fa (JP), que sustenta a candidatura presidencial de Roberto S\u00e1nchez, atua no segundo turno como uma frente \u00fanica progressista de base socialista e democr\u00e1tica. De acordo com os registros do Jurado Nacional de Elecciones (JNE), a alian\u00e7a \u2013\u00a0 que em sua origem reuniu partidos de matriz social-democrata, movimentos sindicais e frentes camponesas \u2013 consolidou uma plataforma voltada \u00e0 descentraliza\u00e7\u00e3o pol\u00edtica e \u00e0 soberania sobre os recursos naturais do pa\u00eds.<\/p>\n<p>Para consolidar a vantagem no interior rural e conter o avan\u00e7o da Fuerza Popular, de Keiko Fujimori, a campanha de S\u00e1nchez garantiu um importante refor\u00e7o pol\u00edtico com a formaliza\u00e7\u00e3o do apoio do Partido Comunista del Per\u00fa \u2013 Patria Roja e de entidades sociais e sindicais, como a Federa\u00e7\u00e3o de Professores (Sutep) e a Confedera\u00e7\u00e3o Geral dos Trabalhadores do Peru (CGTP).<\/p>\n<p>O post <a href=\"https:\/\/vermelho.org.br\/2026\/06\/10\/sanchez-lidera-no-peru-e-decisao-final-deve-repetir-demora-do-primeiro-turno\/\">S\u00e1nchez lidera no Peru e decis\u00e3o final deve repetir demora do primeiro turno<\/a> apareceu primeiro em <a href=\"https:\/\/vermelho.org.br\/\">Vermelho<\/a>.<\/p>\n<!-- Begin Yuzo --><div class='yuzo_related_post style-1'  data-version='5.12.89'><!-- without result --><div class='yuzo_clearfixed yuzo__title yuzo__title'><h3>Related Post<\/h3><\/div>\n\t\t\t\t\t\t  <div class=\"relatedthumb \" style=\"width:125px;float:left;overflow:hidden;\">  \n\t\t\t\t\t\t\t  \n\t\t\t\t\t\t\t  <a  href=\"https:\/\/redept.com.br\/blogosfera\/centrao-e-bolsonaristas-avancam-em-projeto-para-reduzir-penas-do-8-de-janeiro\/\"  >\n\t\t\t\t\t\t\t\t\t  <div class=\"yuzo-img-wrap \" style=\"width: 125px;height:90px;\">\n\t\t\t\t\t\t\t\t\t\t\n\t\t\t\t\t\t\t\t\t\t<div class=\"yuzo-img\" style=\"background:url('https:\/\/redept.com.br\/blogosfera\/wp-content\/uploads\/2025\/09\/175824408568ccacf5a1e20_1758244085_3x2_md-150x150.jpg') 50% 50% no-repeat;width: 125px;height:90px;margin-bottom: 5px;background-size: cover; \"><\/div>\n\t\t\t\t\t\t\t\t\t  <\/div>\n\t\t\t\t\t\t\t\t\t  \n\t\t\t\t\t\t\t\t   <span class=\"yuzo__text--title\" style=\"font-size:13px;\">Centr\u00e3o e bolsonaristas avan\u00e7am em projeto para re...<\/span>\n\t\t\t\t\t\t\t  \n\t\t\t\t\t\t\t  \n\t\t\t\t\t\t\t  <\/a>\n\n\t\t\t\t\t\t  <\/div>\n\t\t\t\t\t\t  <div class=\"relatedthumb \" style=\"width:125px;float:left;overflow:hidden;\">  \n\t\t\t\t\t\t\t  \n\t\t\t\t\t\t\t  <a  href=\"https:\/\/redept.com.br\/blogosfera\/apos-ligacao-trump-e-putin-marcam-reuniao-para-proxima-semana-em-budapeste\/\"  >\n\t\t\t\t\t\t\t\t\t  <div class=\"yuzo-img-wrap \" style=\"width: 125px;height:90px;\">\n\t\t\t\t\t\t\t\t\t\t\n\t\t\t\t\t\t\t\t\t\t<div class=\"yuzo-img\" style=\"background:url('https:\/\/redept.com.br\/blogosfera\/wp-content\/uploads\/2025\/10\/1456291-150x150.jpg') 50% 50% no-repeat;width: 125px;height:90px;margin-bottom: 5px;background-size: cover; \"><\/div>\n\t\t\t\t\t\t\t\t\t  <\/div>\n\t\t\t\t\t\t\t\t\t  \n\t\t\t\t\t\t\t\t   <span class=\"yuzo__text--title\" style=\"font-size:13px;\">Ap\u00f3s liga\u00e7\u00e3o, Trump e Putin marcam reuni\u00e3o para pr...<\/span>\n\t\t\t\t\t\t\t  \n\t\t\t\t\t\t\t  \n\t\t\t\t\t\t\t  <\/a>\n\n\t\t\t\t\t\t  <\/div>\n\t\t\t\t\t\t  <div class=\"relatedthumb \" style=\"width:125px;float:left;overflow:hidden;\">  \n\t\t\t\t\t\t\t  \n\t\t\t\t\t\t\t  <a  href=\"https:\/\/redept.com.br\/blogosfera\/apoiadoras-de-trump-empresas-de-tecnologia-perdem-bilhoes-apos-tarifaco\/\"  >\n\t\t\t\t\t\t\t\t\t  <div class=\"yuzo-img-wrap \" style=\"width: 125px;height:90px;\">\n\t\t\t\t\t\t\t\t\t\t\n\t\t\t\t\t\t\t\t\t\t<div class=\"yuzo-img\" style=\"background:url('https:\/\/redept.com.br\/blogosfera\/wp-content\/uploads\/2025\/04\/IMG_5472-150x150.jpeg') 50% 50% no-repeat;width: 125px;height:90px;margin-bottom: 5px;background-size: cover; \"><\/div>\n\t\t\t\t\t\t\t\t\t  <\/div>\n\t\t\t\t\t\t\t\t\t  \n\t\t\t\t\t\t\t\t   <span class=\"yuzo__text--title\" style=\"font-size:13px;\">Apoiadoras de Trump, empresas de tecnologia perdem...<\/span>\n\t\t\t\t\t\t\t  \n\t\t\t\t\t\t\t  \n\t\t\t\t\t\t\t  <\/a>\n\n\t\t\t\t\t\t  <\/div>\n\t\t\t\t\t\t  <div class=\"relatedthumb \" style=\"width:125px;float:left;overflow:hidden;\">  \n\t\t\t\t\t\t\t  \n\t\t\t\t\t\t\t  <a  href=\"https:\/\/redept.com.br\/blogosfera\/embrapa-recusa-acordo-de-cooperacao-e-obtem-despejo-de-familias-do-mst-no-rn\/\"  >\n\t\t\t\t\t\t\t\t\t  <div class=\"yuzo-img-wrap \" style=\"width: 125px;height:90px;\">\n\t\t\t\t\t\t\t\t\t\t\n\t\t\t\t\t\t\t\t\t\t<div class=\"yuzo-img\" style=\"background:url('https:\/\/redept.com.br\/blogosfera\/wp-content\/uploads\/2026\/05\/image-18-150x150.jpg') 50% 50% no-repeat;width: 125px;height:90px;margin-bottom: 5px;background-size: cover; \"><\/div>\n\t\t\t\t\t\t\t\t\t  <\/div>\n\t\t\t\t\t\t\t\t\t  \n\t\t\t\t\t\t\t\t   <span class=\"yuzo__text--title\" style=\"font-size:13px;\">Embrapa recusa acordo de coopera\u00e7\u00e3o e obt\u00e9m despej...<\/span>\n\t\t\t\t\t\t\t  \n\t\t\t\t\t\t\t  \n\t\t\t\t\t\t\t  <\/a>\n\n\t\t\t\t\t\t  <\/div>\n<\/div> <script>\n\t\t\t\t\t\t  jQuery(document).ready(function( $ ){\n\t\t\t\t\t\t\t\/\/jQuery('.yuzo_related_post').equalizer({ overflow : 'relatedthumb' });\n\t\t\t\t\t\t\tjQuery('.yuzo_related_post .yuzo_wraps').equalizer({ columns : '> div' });\n\t\t\t\t\t\t   })\n\t\t\t\t\t\t  <\/script> <!-- End Yuzo :) -->","protected":false},"excerpt":{"rendered":"<p>A contagem oficial do segundo turno das elei\u00e7\u00f5es presidenciais peruanas avan\u00e7a, mas o resultado final segue formalmente indefinido e deve arrastar o pa\u00eds para um cen\u00e1rio de longa espera institucional. Segundo a \u00faltima atualiza\u00e7\u00e3o da Oficina Nacional de Procesos Electorales (ONPE), o deputado Roberto S\u00e1nchez Palomino, do Juntos por el Per\u00fa, abriu uma vantagem m\u00ednima [&hellip;]<\/p>\n","protected":false},"author":2,"featured_media":0,"comment_status":"open","ping_status":"closed","sticky":false,"template":"","format":"standard","meta":{"fifu_image_url":"","fifu_image_alt":"","footnotes":""},"categories":[347,46102,50,48919,24941,46642,44265],"tags":[],"class_list":["post-91170","post","type-post","status-publish","format-standard","hentry","category-america-latina","category-eleicoes-no-peru","category-internacional","category-jne","category-keiko-fujimori","category-onpe","category-roberto-sanchez"],"_links":{"self":[{"href":"https:\/\/redept.com.br\/blogosfera\/wp-json\/wp\/v2\/posts\/91170","targetHints":{"allow":["GET"]}}],"collection":[{"href":"https:\/\/redept.com.br\/blogosfera\/wp-json\/wp\/v2\/posts"}],"about":[{"href":"https:\/\/redept.com.br\/blogosfera\/wp-json\/wp\/v2\/types\/post"}],"author":[{"embeddable":true,"href":"https:\/\/redept.com.br\/blogosfera\/wp-json\/wp\/v2\/users\/2"}],"replies":[{"embeddable":true,"href":"https:\/\/redept.com.br\/blogosfera\/wp-json\/wp\/v2\/comments?post=91170"}],"version-history":[{"count":0,"href":"https:\/\/redept.com.br\/blogosfera\/wp-json\/wp\/v2\/posts\/91170\/revisions"}],"wp:attachment":[{"href":"https:\/\/redept.com.br\/blogosfera\/wp-json\/wp\/v2\/media?parent=91170"}],"wp:term":[{"taxonomy":"category","embeddable":true,"href":"https:\/\/redept.com.br\/blogosfera\/wp-json\/wp\/v2\/categories?post=91170"},{"taxonomy":"post_tag","embeddable":true,"href":"https:\/\/redept.com.br\/blogosfera\/wp-json\/wp\/v2\/tags?post=91170"}],"curies":[{"name":"wp","href":"https:\/\/api.w.org\/{rel}","templated":true}]}}