{"id":91347,"date":"2026-06-11T10:20:25","date_gmt":"2026-06-11T13:20:25","guid":{"rendered":"https:\/\/redept.com.br\/blogosfera\/flavio-bolsonaro-trai-o-brasil-e-jura-fidelidade-a-trump\/"},"modified":"2026-06-11T10:20:25","modified_gmt":"2026-06-11T13:20:25","slug":"flavio-bolsonaro-trai-o-brasil-e-jura-fidelidade-a-trump","status":"publish","type":"post","link":"https:\/\/redept.com.br\/blogosfera\/flavio-bolsonaro-trai-o-brasil-e-jura-fidelidade-a-trump\/","title":{"rendered":"Fl\u00e1vio Bolsonaro trai o Brasil e jura fidelidade a Trump"},"content":{"rendered":"<p><img loading=\"lazy\" width=\"1024\" height=\"683\"src=\"https:\/\/redept.com.br\/blogosfera\/wp-content\/uploads\/2026\/06\/Donald-Trump-recebe-Flavio-Bolsonaro-no-Salao-Oval-na-Casa-Branca-_Credito_Reproducao_X-Eduardo-Bolsonaro.jpg\" alt=\"\" decoding=\"async\" loading=\"lazy\" srcset=\"https:\/\/vermelho.org.br\/wp-content\/uploads\/2026\/06\/Donald-Trump-recebe-Flavio-Bolsonaro-no-Salao-Oval-na-Casa-Branca-_Credito_Reproducao_X-Eduardo-Bolsonaro-1024x683.jpg 1024w, https:\/\/vermelho.org.br\/wp-content\/uploads\/2026\/06\/Donald-Trump-recebe-Flavio-Bolsonaro-no-Salao-Oval-na-Casa-Branca-_Credito_Reproducao_X-Eduardo-Bolsonaro-300x200.jpg 300w, https:\/\/vermelho.org.br\/wp-content\/uploads\/2026\/06\/Donald-Trump-recebe-Flavio-Bolsonaro-no-Salao-Oval-na-Casa-Branca-_Credito_Reproducao_X-Eduardo-Bolsonaro-768x512.jpg 768w, https:\/\/vermelho.org.br\/wp-content\/uploads\/2026\/06\/Donald-Trump-recebe-Flavio-Bolsonaro-no-Salao-Oval-na-Casa-Branca-_Credito_Reproducao_X-Eduardo-Bolsonaro-272x182.jpg 272w, https:\/\/redept.com.br\/blogosfera\/wp-content\/uploads\/2026\/06\/Donald-Trump-recebe-Flavio-Bolsonaro-no-Salao-Oval-na-Casa-Branca-_Credito_Reproducao_X-Eduardo-Bolsonaro.jpg 1500w\" sizes=\"auto, (max-width: 1024px) 100vw, 1024px\"><\/p>\n<p>A divulga\u00e7\u00e3o recente de um trecho da entrevista do senador e pr\u00e9-candidato Fl\u00e1vio Bolsonaro (PL-RJ) ao programa norte-americano <em>Real Talk with Marissa Streit<\/em>, da plataforma conservadora PragerU, gerou forte repercuss\u00e3o ao expor as diretrizes de sua estrat\u00e9gia pol\u00edtica e de seguran\u00e7a p\u00fablica.\u00a0<\/p>\n<p>Gravada originalmente durante sua agenda em Washington, a declara\u00e7\u00e3o ganhou ampla tra\u00e7\u00e3o na opini\u00e3o p\u00fablica nesta semana, ap\u00f3s um recorte com as afirma\u00e7\u00f5es mais expl\u00edcitas do parlamentar viralizar nas redes sociais.\u00a0<\/p>\n<p>Diante das c\u00e2meras, o senador afirmou estar cansado de ver o pa\u00eds entregue aos criminosos, prometeu pris\u00f5es em massa e a constru\u00e7\u00e3o de pres\u00eddios, e dirigiu-se diretamente ao atual mandat\u00e1rio da Casa Branca, Donald Trump, ao assegurar que, se eleito, a partir do ano de 2027, o Brasil ter\u00e1 um presidente que ser\u00e1 um aliado dos Estados Unidos.<\/p>\n<p>A manifesta\u00e7\u00e3o, que at\u00e9 ent\u00e3o vinha passando despercebida no cen\u00e1rio nacional, estabelece uma rela\u00e7\u00e3o direta de causa e efeito que transfere a centralidade da soberania nacional para uma pot\u00eancia estrangeira.\u00a0<\/p>\n<p>Em vez de projetar a reconstru\u00e7\u00e3o da autoridade soberana do Estado por meio das institui\u00e7\u00f5es e for\u00e7as de seguran\u00e7a brasileiras, a argumenta\u00e7\u00e3o apresentada subordina a efic\u00e1cia do combate \u00e0s organiza\u00e7\u00f5es criminosas \u00e0 garantia de fidelidade externa e ao reconhecimento pr\u00e9vio de Washington.<\/p>\n<p><strong>O padr\u00e3o das agendas em Washington<\/strong>\u00a0<\/p>\n<p>A postura repete o padr\u00e3o observado na agenda internacional do parlamentar nesta quinta-feira (23), quando cumpriu compromissos nos Estados Unidos. Pouco antes da entrevista \u00e0 plataforma digital, Fl\u00e1vio Bolsonaro esteve na Casa Branca, onde formalizou um pedido direto para que o governo norte-americano classificasse o Primeiro Comando da Capital (PCC) e o Comando Vermelho (CV) como organiza\u00e7\u00f5es terroristas. De acordo com relatos do pr\u00f3prio senador, a resposta obtida indicou que o tema estava sob an\u00e1lise, o que culminou no an\u00fancio posterior de medidas correlatas pelo secret\u00e1rio de Estado, Marco Rubio.<\/p>\n<p>O encaminhamento dessa agenda externa evidencia uma concep\u00e7\u00e3o de seguran\u00e7a p\u00fablica que abdica da soberania brasileira. Em vez de capitanear o enfrentamento \u00e0s fac\u00e7\u00f5es com base na intelig\u00eancia nacional, no fortalecimento das pol\u00edcias e na legisla\u00e7\u00e3o brasileira, o pr\u00e9-candidato preferiu delegar a Washington a primazia da chancela jur\u00eddica e pol\u00edtica sobre o crime organizado que atua em territ\u00f3rio nacional.\u00a0<\/p>\n<p><strong>A engrenagem do Escudo da Am\u00e9rica<\/strong>\u00a0<\/p>\n<p>O alinhamento do senador ocorre em um cen\u00e1rio geopol\u00edtico caracterizado pela intensifica\u00e7\u00e3o de programas norte-americanos voltados ao continente. A iniciativa conhecida como \u201cEscudo da Am\u00e9rica\u201d, voltada ao combate ao narcotr\u00e1fico e controle de fluxos na regi\u00e3o, \u00e9 apontada por analistas como um desdobramento contempor\u00e2neo da Doutrina Monroe, atualizada para assegurar a hegemonia dos Estados Unidos sobre o Hemisf\u00e9rio Ocidental. Sob a justificativa da seguran\u00e7a regional, tais mecanismos preveem a expans\u00e3o da presen\u00e7a militar e a coordena\u00e7\u00e3o de intelig\u00eancia sob a tutela de Washington, restringindo a autonomia de defesa dos Estados latino-americanos.<\/p>\n<p>Esse resgate conceitual promovido pela extrema direita norte-americana fundamenta-se na chamada \u201cDoutrina Donroe\u201d, ou \u201cCorol\u00e1rio Trump\u201d, uma releitura agressiva da Doutrina Monroe original de 1823 que imp\u00f5e o controle econ\u00f4mico e militar dos Estados Unidos sobre o continente, voltado a afastar a influ\u00eancia geopol\u00edtica e comercial de pot\u00eancias como a China e a R\u00fassia para consolidar a regi\u00e3o como zona de interesse exclusivo de Washington.<\/p>\n<p><strong>O Corol\u00e1rio Trump e a entrega de recursos<\/strong>\u00a0<\/p>\n<p>A submiss\u00e3o volunt\u00e1ria expressa nos discursos e agendas em Washington sintoniza a plataforma de Fl\u00e1vio Bolsonaro com os interesses estrat\u00e9gicos das pot\u00eancias norte-americanas para as Am\u00e9ricas Central e do Sul. Em termos econ\u00f4micos, a garantia de fidelidade irrestrita atua como facilitadora para que corpora\u00e7\u00f5es estrangeiras mantenham o livre acesso e explorem os recursos naturais e estrat\u00e9gicos da Am\u00e9rica Latina. Ao condicionar as solu\u00e7\u00f5es nacionais ao aval externo, a estrat\u00e9gia parlamentar endossa a hist\u00f3rica assimetria regional, trocando o desenvolvimento soberano e a preserva\u00e7\u00e3o das riquezas nacionais pela subordina\u00e7\u00e3o institucional e econ\u00f4mica do Brasil aos interesses geopol\u00edticos de Washington.<\/p>\n<\/p>\n<p>O post <a href=\"https:\/\/vermelho.org.br\/2026\/06\/11\/flavio-bolsonaro-trai-o-brasil-e-jura-fidelidade-a-trump\/\">Fl\u00e1vio Bolsonaro trai o Brasil e jura fidelidade a Trump<\/a> apareceu primeiro em <a href=\"https:\/\/vermelho.org.br\/\">Vermelho<\/a>.<\/p>\n<!-- Begin Yuzo --><div class='yuzo_related_post style-1'  data-version='5.12.89'><!-- without result --><div class='yuzo_clearfixed yuzo__title yuzo__title'><h3>Related Post<\/h3><\/div>\n\t\t\t\t\t\t  <div class=\"relatedthumb \" style=\"width:125px;float:left;overflow:hidden;\">  \n\t\t\t\t\t\t\t  \n\t\t\t\t\t\t\t  <a  href=\"https:\/\/redept.com.br\/blogosfera\/propostas-para-neoindustrializacao-do-nordeste-somam-r-1278-bilhoes\/\"  >\n\t\t\t\t\t\t\t\t\t  <div class=\"yuzo-img-wrap \" style=\"width: 125px;height:90px;\">\n\t\t\t\t\t\t\t\t\t\t\n\t\t\t\t\t\t\t\t\t\t<div class=\"yuzo-img\" style=\"background:url('https:\/\/redept.com.br\/blogosfera\/wp-content\/uploads\/2025\/09\/edificio_sede_do_bndes250620211182-150x150.jpg') 50% 50% no-repeat;width: 125px;height:90px;margin-bottom: 5px;background-size: cover; \"><\/div>\n\t\t\t\t\t\t\t\t\t  <\/div>\n\t\t\t\t\t\t\t\t\t  \n\t\t\t\t\t\t\t\t   <span class=\"yuzo__text--title\" style=\"font-size:13px;\">Propostas para neoindustrializa\u00e7\u00e3o do Nordeste som...<\/span>\n\t\t\t\t\t\t\t  \n\t\t\t\t\t\t\t  \n\t\t\t\t\t\t\t  <\/a>\n\n\t\t\t\t\t\t  <\/div>\n\t\t\t\t\t\t  <div class=\"relatedthumb \" style=\"width:125px;float:left;overflow:hidden;\">  \n\t\t\t\t\t\t\t  \n\t\t\t\t\t\t\t  <a  href=\"https:\/\/redept.com.br\/blogosfera\/quem-ainda-se-surpreende-com-um-nobel-da-paz-para-uma-golpista\/\"  >\n\t\t\t\t\t\t\t\t\t  <div class=\"yuzo-img-wrap \" style=\"width: 125px;height:90px;\">\n\t\t\t\t\t\t\t\t\t\t\n\t\t\t\t\t\t\t\t\t\t<div class=\"yuzo-img\" style=\"background:url('https:\/\/redept.com.br\/blogosfera\/wp-content\/uploads\/2025\/10\/nobel_2025-150x150.jpeg') 50% 50% no-repeat;width: 125px;height:90px;margin-bottom: 5px;background-size: cover; \"><\/div>\n\t\t\t\t\t\t\t\t\t  <\/div>\n\t\t\t\t\t\t\t\t\t  \n\t\t\t\t\t\t\t\t   <span class=\"yuzo__text--title\" style=\"font-size:13px;\">Quem ainda se surpreende com um Nobel da Paz para ...<\/span>\n\t\t\t\t\t\t\t  \n\t\t\t\t\t\t\t  \n\t\t\t\t\t\t\t  <\/a>\n\n\t\t\t\t\t\t  <\/div>\n\t\t\t\t\t\t  <div class=\"relatedthumb \" style=\"width:125px;float:left;overflow:hidden;\">  \n\t\t\t\t\t\t\t  \n\t\t\t\t\t\t\t  <a  href=\"https:\/\/redept.com.br\/blogosfera\/mcdonalds-em-pelotas-adota-escala-5x2-apos-mobilizacao-sindical-e-acordo-coletivo\/\"  >\n\t\t\t\t\t\t\t\t\t  <div class=\"yuzo-img-wrap \" style=\"width: 125px;height:90px;\">\n\t\t\t\t\t\t\t\t\t\t\n\t\t\t\t\t\t\t\t\t\t<div class=\"yuzo-img\" style=\"background:url('https:\/\/redept.org\/blogosfera\/wp-content\/plugins\/yuzo-related-post\/assets\/images\/default.png') 50% 50% no-repeat;width: 125px;height:90px;margin-bottom: 5px;background-size: cover; \"><\/div>\n\t\t\t\t\t\t\t\t\t  <\/div>\n\t\t\t\t\t\t\t\t\t  \n\t\t\t\t\t\t\t\t   <span class=\"yuzo__text--title\" style=\"font-size:13px;\">McDonald\u2019s em Pelotas adota escala 5\u00d72 ap\u00f3s mobili...<\/span>\n\t\t\t\t\t\t\t  \n\t\t\t\t\t\t\t  \n\t\t\t\t\t\t\t  <\/a>\n\n\t\t\t\t\t\t  <\/div>\n\t\t\t\t\t\t  <div class=\"relatedthumb \" style=\"width:125px;float:left;overflow:hidden;\">  \n\t\t\t\t\t\t\t  \n\t\t\t\t\t\t\t  <a  href=\"https:\/\/redept.com.br\/blogosfera\/camara-recorre-de-decisao-do-stf-sobre-acao-penal-contra-ramagem\/\"  >\n\t\t\t\t\t\t\t\t\t  <div class=\"yuzo-img-wrap \" style=\"width: 125px;height:90px;\">\n\t\t\t\t\t\t\t\t\t\t\n\t\t\t\t\t\t\t\t\t\t<div class=\"yuzo-img\" style=\"background:url('https:\/\/redept.org\/blogosfera\/wp-content\/plugins\/yuzo-related-post\/assets\/images\/default.png') 50% 50% no-repeat;width: 125px;height:90px;margin-bottom: 5px;background-size: cover; \"><\/div>\n\t\t\t\t\t\t\t\t\t  <\/div>\n\t\t\t\t\t\t\t\t\t  \n\t\t\t\t\t\t\t\t   <span class=\"yuzo__text--title\" style=\"font-size:13px;\">C\u00e2mara recorre de decis\u00e3o do STF sobre a\u00e7\u00e3o penal ...<\/span>\n\t\t\t\t\t\t\t  \n\t\t\t\t\t\t\t  \n\t\t\t\t\t\t\t  <\/a>\n\n\t\t\t\t\t\t  <\/div>\n<\/div> <script>\n\t\t\t\t\t\t  jQuery(document).ready(function( $ ){\n\t\t\t\t\t\t\t\/\/jQuery('.yuzo_related_post').equalizer({ overflow : 'relatedthumb' });\n\t\t\t\t\t\t\tjQuery('.yuzo_related_post .yuzo_wraps').equalizer({ columns : '> div' });\n\t\t\t\t\t\t   })\n\t\t\t\t\t\t  <\/script> <!-- End Yuzo :) -->","protected":false},"excerpt":{"rendered":"<p>A divulga\u00e7\u00e3o recente de um trecho da entrevista do senador e pr\u00e9-candidato Fl\u00e1vio Bolsonaro (PL-RJ) ao programa norte-americano Real Talk with Marissa Streit, da plataforma conservadora PragerU, gerou forte repercuss\u00e3o ao expor as diretrizes de sua estrat\u00e9gia pol\u00edtica e de seguran\u00e7a p\u00fablica.\u00a0 Gravada originalmente durante sua agenda em Washington, a declara\u00e7\u00e3o ganhou ampla tra\u00e7\u00e3o na [&hellip;]<\/p>\n","protected":false},"author":2,"featured_media":0,"comment_status":"open","ping_status":"closed","sticky":false,"template":"","format":"standard","meta":{"fifu_image_url":"","fifu_image_alt":"","footnotes":""},"categories":[347,1023,31543,3696,66776,394,2427,132,13968,73,66777],"tags":[],"class_list":["post-91347","post","type-post","status-publish","format-standard","hentry","category-america-latina","category-donald-trump","category-doutrina-donroe","category-doutrina-monroe","category-escudo-da-america","category-estados-unidos","category-flavio-bolsonaro","category-politica","category-recursos-naturais","category-seguranca-publica","category-soberanianacional"],"_links":{"self":[{"href":"https:\/\/redept.com.br\/blogosfera\/wp-json\/wp\/v2\/posts\/91347","targetHints":{"allow":["GET"]}}],"collection":[{"href":"https:\/\/redept.com.br\/blogosfera\/wp-json\/wp\/v2\/posts"}],"about":[{"href":"https:\/\/redept.com.br\/blogosfera\/wp-json\/wp\/v2\/types\/post"}],"author":[{"embeddable":true,"href":"https:\/\/redept.com.br\/blogosfera\/wp-json\/wp\/v2\/users\/2"}],"replies":[{"embeddable":true,"href":"https:\/\/redept.com.br\/blogosfera\/wp-json\/wp\/v2\/comments?post=91347"}],"version-history":[{"count":0,"href":"https:\/\/redept.com.br\/blogosfera\/wp-json\/wp\/v2\/posts\/91347\/revisions"}],"wp:attachment":[{"href":"https:\/\/redept.com.br\/blogosfera\/wp-json\/wp\/v2\/media?parent=91347"}],"wp:term":[{"taxonomy":"category","embeddable":true,"href":"https:\/\/redept.com.br\/blogosfera\/wp-json\/wp\/v2\/categories?post=91347"},{"taxonomy":"post_tag","embeddable":true,"href":"https:\/\/redept.com.br\/blogosfera\/wp-json\/wp\/v2\/tags?post=91347"}],"curies":[{"name":"wp","href":"https:\/\/api.w.org\/{rel}","templated":true}]}}