{"id":91446,"date":"2026-06-11T18:31:45","date_gmt":"2026-06-11T21:31:45","guid":{"rendered":"https:\/\/redept.com.br\/blogosfera\/dolar-recua-e-fecha-em-r-511\/"},"modified":"2026-06-11T18:31:45","modified_gmt":"2026-06-11T21:31:45","slug":"dolar-recua-e-fecha-em-r-511","status":"publish","type":"post","link":"https:\/\/redept.com.br\/blogosfera\/dolar-recua-e-fecha-em-r-511\/","title":{"rendered":"D\u00f3lar recua e fecha em R$ 5,11"},"content":{"rendered":"<p>O d\u00f3lar comercial encerrou a quinta-feira, 11 de junho, em forte queda de <strong>1,11%<\/strong>, cotado a <strong>R$ 5,11<\/strong>. <\/p>\n<p>O d\u00f3lar hoje oscilou entre a m\u00ednima de R$ 5,09 e a m\u00e1xima de R$ 5,19 ao longo do preg\u00e3o, acompanhando um movimento global de enfraquecimento da moeda americana frente a divisas de pa\u00edses emergentes.  <\/p>\n<p>Esse recuo foi impulsionado pelo otimismo no mercado ap\u00f3s not\u00edcias de que estaria pr\u00f3ximo um <a href=\"https:\/\/tvtnews.com.br\/trump-cancela-novos-ataques-ira\/\" data-type=\"link\" data-id=\"https:\/\/tvtnews.com.br\/trump-cancela-novos-ataques-ira\/\">acordo envolvendo Estados Unidos, Israel e Ir\u00e3<\/a>, o que reduziu a percep\u00e7\u00e3o de <a href=\"https:\/\/tvtnews.com.br\/tag\/oriente-medio\/\" data-type=\"post_tag\" data-id=\"4397\">risco geopol\u00edtico no Oriente M\u00e9dio<\/a>.<\/p>\n<p>Confira o valor do d\u00f3lar e outros indicadores da economia em <a href=\"https:\/\/tvtnews.com.br\/efemerides-datas-e-feriados-de-junho-de-2026\/\" data-type=\"post\" data-id=\"789883\">11 de junho de 2026<\/a>, com a <a href=\"http:\/\/tvtnews.com.br\/\" data-type=\"link\" data-id=\"tvtnews.com.br\" target=\"_blank\" rel=\"noopener noreferrer nofollow\">TVT News<\/a>.<\/p>\n<\/p>\n<h2>Rea\u00e7\u00f5es do mercado \u00e0s not\u00edcias do dia<\/h2>\n<ul>\n<li>Mercados reagem \u00e0 perspectiva de acordos no conflito no Oriente M\u00e9dio com ataques entre EUA e Ir\u00e3<\/li>\n<\/ul>\n<p>O <strong>Ibovespa fechou em forte alta de 1,71%<\/strong>, alcan\u00e7ando os <strong>171.497 pontos<\/strong> nesta quinta-feira. O otimismo global foi impulsionado ap\u00f3s o presidente dos EUA, Donald Trump, cancelar os ataques planejados ao Ir\u00e3 e sinalizar a proximidade de um acordo de paz no Oriente M\u00e9dio. <\/p>\n<p>O mercado de a\u00e7\u00f5es e o c\u00e2mbio refletiram diretamente essa redu\u00e7\u00e3o do risco geopol\u00edtico internacional. <\/p>\n<h3>Fechamento das Principais Bolsas<\/h3>\n<p>No exterior, as bolsas de Nova York acompanharam o forte apetite por risco e dispararam na reta final do preg\u00e3o: [<a href=\"https:\/\/valorinveste.globo.com\/mercados\/renda-variavel\/bolsas-e-indices\/noticia\/2026\/06\/11\/com-guerra-e-decisao-monetaria-da-europa-no-radar-bolsa-inicia-o-pregao-desta-quinta.ghtml\" target=\"_blank\" rel=\"noopener noreferrer nofollow\">1<\/a>, <a href=\"https:\/\/www.infomoney.com.br\/mercados\/ibovespa-hoje-bolsa-de-valores-ao-vivo-11062026\/\" target=\"_blank\" rel=\"noopener noreferrer nofollow\">2<\/a>]<\/p>\n<ul>\n<li><strong>Nasdaq (EUA)<\/strong>: Alta de <strong>+2,54%<\/strong>, aos 25.809 pontos.<\/li>\n<li><strong>Dow Jones (EUA)<\/strong>: Valoriza\u00e7\u00e3o de <strong>+1,86%<\/strong>, aos 50.848 pontos.<\/li>\n<li><strong>S&amp;P 500 (EUA)<\/strong>: Avan\u00e7o de <strong>+1,75%<\/strong>, aos 7.394 pontos.<\/li>\n<li><strong>Ibovespa (Brasil)<\/strong>: Ganho de <strong>+1,71%<\/strong>, retomando o patamar dos 171 mil pontos. [<a href=\"https:\/\/valorinveste.globo.com\/mercados\/renda-variavel\/bolsas-e-indices\/noticia\/2026\/06\/11\/com-guerra-e-decisao-monetaria-da-europa-no-radar-bolsa-inicia-o-pregao-desta-quinta.ghtml\" target=\"_blank\" rel=\"noopener noreferrer nofollow\">1<\/a>, <a href=\"https:\/\/www.infomoney.com.br\/mercados\/ibovespa-hoje-bolsa-de-valores-ao-vivo-11062026\/\" target=\"_blank\" rel=\"noopener noreferrer nofollow\">2<\/a>]<\/li>\n<li>\n<\/ul>\n<h3>Cota\u00e7\u00f5es de C\u00e2mbio e Turismo<\/h3>\n<p>Com o recuo global da moeda americana, as taxas do d\u00f3lar e do euro para turismo operaram em patamares mais baixos: <\/p>\n<ul>\n<li><strong>D\u00f3lar Comercial<\/strong>: Queda de <strong>-1,37%<\/strong>, cotado a <strong>R$ 5,101<\/strong>.<\/li>\n<li><strong>D\u00f3lar Turismo<\/strong>: Baixa de <strong>-0,56%<\/strong>, vendido a <strong>R$ 5,34<\/strong>.<\/li>\n<li><strong>Euro Comercial<\/strong>: Queda de <strong>-1,15%<\/strong>, cotado a <strong>R$ 5,90<\/strong>.<\/li>\n<li><strong>Euro Turismo<\/strong>: Baixa de <strong>-0,54%<\/strong>, vendido a <strong>R$ 6,18<\/strong>. [<a href=\"https:\/\/valor.globo.com\/valor-data\/\" target=\"_blank\" rel=\"noopener noreferrer nofollow\">1<\/a>, <a href=\"https:\/\/www.infomoney.com.br\/mercados\/ibovespa-hoje-bolsa-de-valores-ao-vivo-11062026\/\" target=\"_blank\" rel=\"noopener noreferrer nofollow\">2<\/a>]<\/li>\n<\/ul>\n<h2>D\u00f3lar hoje<\/h2>\n<p><!-- TradingView Single Ticker --><\/p>\n<div>\n<div><\/div>\n<\/div>\n<p><!-- TradingView Widget BEGIN --><\/p>\n<div>\n<div><\/div>\n<\/div>\n<p><!-- TradingView Widget END --><\/p>\n<p><\/p>\n<h2>Confira a cota\u00e7\u00e3o do d\u00f3lar hoje<\/h2>\n<\/p>\n<p><!-- TradingView Widget BEGIN --><\/p>\n<div>\n<div><\/div>\n<\/div>\n<p><!-- TradingView Widget END --><\/p>\n<\/p>\n<\/p>\n<\/p>\n<h2>Mercado financeiro em tempo real<\/h2>\n<p>Confira os n\u00fameros da economia brasileira<\/p>\n<ul>\n<li>\u00cdndice Bovespa<\/li>\n<li>Cota\u00e7\u00e3o do d\u00f3lar<\/li>\n<li>Pre\u00e7o do Petr\u00f3leo Brent<\/li>\n<li>Cota\u00e7\u00e3o do Euro<\/li>\n<\/ul>\n<div>\n<h3><imgsrc=\"\" alt=\"\ud83d\udcca\"> Economia ao vivo<\/h3>\n<p>  <!-- Linha 1 --><\/p>\n<div>\n<p>    <!-- D\u00f3lar --><\/p>\n<div>\n<div><\/div>\n<\/p><\/div>\n<p>    <!-- Euro --><\/p>\n<div>\n<div><\/div>\n<\/p><\/div>\n<\/p><\/div>\n<p>  <!-- Linha 2 --><\/p>\n<div>\n<p>    <!-- Brent --><\/p>\n<div>\n<div><\/div>\n<\/p><\/div>\n<p>    <!-- Ibovespa --><\/p>\n<div>\n<div><\/div>\n<\/p><\/div>\n<\/p><\/div>\n<\/div>\n<h2>Confira a cota\u00e7\u00e3o do dol\u00e1r e de outras moedas internacionais (euro e peso argentino)<\/h2>\n<p>Cota\u00e7\u00e3o atualizada do d\u00f3lar, euro e peso argentino em compara\u00e7\u00e3o ao Real. <\/p>\n<\/p>\n<p><!-- TradingView Forex Cross Rates --><\/p>\n<div>\n<div><\/div>\n<\/div>\n<\/p>\n<\/p>\n<figure><img fetchpriority=\"high\" decoding=\"async\" width=\"1600\" height=\"900\"src=\"https:\/\/redept.com.br\/blogosfera\/wp-content\/uploads\/2026\/06\/dolares-Marcello-Casal-Jr-Agencia-Brasil-6.jpg\" alt=\"oxfam-estima-em-us-3-55-tri-riqueza-escondida-em-paraisos-fiscais-0-1-mais-rico-detem-aproximadamente-80-de-toda-a-riqueza-offshore-nao-tributada-foto-marcello-casal-jr-agencia-brasil-tvt-news-cotacao-do-dolar\" title=\"D\u00f3lar recua e fecha em R$ 5,11 5\" srcset=\"https:\/\/redept.com.br\/blogosfera\/wp-content\/uploads\/2026\/06\/dolares-Marcello-Casal-Jr-Agencia-Brasil-6.jpg 1600w, https:\/\/tvtnews.com.br\/wp-content\/uploads\/2026\/04\/dolares-Marcello-Casal-Jr-Agencia-Brasil-300x169.jpg 300w, https:\/\/tvtnews.com.br\/wp-content\/uploads\/2026\/04\/dolares-Marcello-Casal-Jr-Agencia-Brasil-1024x576.jpg 1024w, https:\/\/tvtnews.com.br\/wp-content\/uploads\/2026\/04\/dolares-Marcello-Casal-Jr-Agencia-Brasil-768x432.jpg 768w, https:\/\/tvtnews.com.br\/wp-content\/uploads\/2026\/04\/dolares-Marcello-Casal-Jr-Agencia-Brasil-1536x864.jpg 1536w\" sizes=\"(max-width: 1600px) 100vw, 1600px\"><figcaption>Confira o valor do d\u00f3lar hoje. Foto: Marcello Casal Jr\/Ag\u00eancia Brasil<\/figcaption><\/figure>\n<\/p>\n<p><a href=\"https:\/\/chat.whatsapp.com\/HC8TJaWXK8t4wNAG0oRwZI?mode=gi_t\" target=\"_blank\" rel=\"noreferrer noopener nofollow\">&gt;&gt; Siga o grupo da\u00a0<strong>TVT News\u00a0<\/strong>no WhatsApp<\/a><\/p>\n<\/p>\n<\/p>\n<p>The post <a rel=\"nofollow\" href=\"https:\/\/tvtnews.com.br\/dolar-recua-e-fecha-em-r-511\/\">D\u00f3lar recua e fecha em R$ 5,11<\/a> appeared first on <a rel=\"nofollow\" href=\"https:\/\/tvtnews.com.br\/\">TVT News<\/a>.<\/p>\n<!-- Begin Yuzo --><div class='yuzo_related_post style-1'  data-version='5.12.89'><!-- without result --><div class='yuzo_clearfixed yuzo__title yuzo__title'><h3>Related Post<\/h3><\/div>\n\t\t\t\t\t\t  <div class=\"relatedthumb \" style=\"width:125px;float:left;overflow:hidden;\">  \n\t\t\t\t\t\t\t  \n\t\t\t\t\t\t\t  <a  href=\"https:\/\/redept.com.br\/blogosfera\/putin-na-china-um-sentido-especial-na-visita\/\"  >\n\t\t\t\t\t\t\t\t\t  <div class=\"yuzo-img-wrap \" style=\"width: 125px;height:90px;\">\n\t\t\t\t\t\t\t\t\t\t\n\t\t\t\t\t\t\t\t\t\t<div class=\"yuzo-img\" style=\"background:url('https:\/\/redept.com.br\/blogosfera\/wp-content\/uploads\/2026\/05\/photo_4934224422000856036_w-150x150.jpg') 50% 50% no-repeat;width: 125px;height:90px;margin-bottom: 5px;background-size: cover; \"><\/div>\n\t\t\t\t\t\t\t\t\t  <\/div>\n\t\t\t\t\t\t\t\t\t  \n\t\t\t\t\t\t\t\t   <span class=\"yuzo__text--title\" style=\"font-size:13px;\">Putin na China: um sentido especial na visita<\/span>\n\t\t\t\t\t\t\t  \n\t\t\t\t\t\t\t  \n\t\t\t\t\t\t\t  <\/a>\n\n\t\t\t\t\t\t  <\/div>\n\t\t\t\t\t\t  <div class=\"relatedthumb \" style=\"width:125px;float:left;overflow:hidden;\">  \n\t\t\t\t\t\t\t  \n\t\t\t\t\t\t\t  <a  href=\"https:\/\/redept.com.br\/blogosfera\/no-rio-evento-reune-25-etnias-e-celebra-dia-dos-povos-indigenas\/\"  >\n\t\t\t\t\t\t\t\t\t  <div class=\"yuzo-img-wrap \" style=\"width: 125px;height:90px;\">\n\t\t\t\t\t\t\t\t\t\t\n\t\t\t\t\t\t\t\t\t\t<div class=\"yuzo-img\" style=\"background:url('https:\/\/redept.org\/blogosfera\/wp-content\/plugins\/yuzo-related-post\/assets\/images\/default.png') 50% 50% no-repeat;width: 125px;height:90px;margin-bottom: 5px;background-size: cover; \"><\/div>\n\t\t\t\t\t\t\t\t\t  <\/div>\n\t\t\t\t\t\t\t\t\t  \n\t\t\t\t\t\t\t\t   <span class=\"yuzo__text--title\" style=\"font-size:13px;\">No Rio, evento re\u00fane 25 etnias e celebra Dia dos P...<\/span>\n\t\t\t\t\t\t\t  \n\t\t\t\t\t\t\t  \n\t\t\t\t\t\t\t  <\/a>\n\n\t\t\t\t\t\t  <\/div>\n\t\t\t\t\t\t  <div class=\"relatedthumb \" style=\"width:125px;float:left;overflow:hidden;\">  \n\t\t\t\t\t\t\t  \n\t\t\t\t\t\t\t  <a  href=\"https:\/\/redept.com.br\/blogosfera\/bolivia-expulsa-embaixadora-da-colombia-apos-declaracoes-de-petro-sobre-levante-popular-por-renuncia-do-presidente-rodrigo-paz\/\"  >\n\t\t\t\t\t\t\t\t\t  <div class=\"yuzo-img-wrap \" style=\"width: 125px;height:90px;\">\n\t\t\t\t\t\t\t\t\t\t\n\t\t\t\t\t\t\t\t\t\t<div class=\"yuzo-img\" style=\"background:url('https:\/\/redept.org\/blogosfera\/wp-content\/plugins\/yuzo-related-post\/assets\/images\/default.png') 50% 50% no-repeat;width: 125px;height:90px;margin-bottom: 5px;background-size: cover; \"><\/div>\n\t\t\t\t\t\t\t\t\t  <\/div>\n\t\t\t\t\t\t\t\t\t  \n\t\t\t\t\t\t\t\t   <span class=\"yuzo__text--title\" style=\"font-size:13px;\">Bol\u00edvia expulsa embaixadora da Col\u00f4mbia ap\u00f3s decla...<\/span>\n\t\t\t\t\t\t\t  \n\t\t\t\t\t\t\t  \n\t\t\t\t\t\t\t  <\/a>\n\n\t\t\t\t\t\t  <\/div>\n\t\t\t\t\t\t  <div class=\"relatedthumb \" style=\"width:125px;float:left;overflow:hidden;\">  \n\t\t\t\t\t\t\t  \n\t\t\t\t\t\t\t  <a  href=\"https:\/\/redept.com.br\/blogosfera\/newton-cardoso-ex-governador-de-minas-gerais-morre-aos-86-anos\/\"  >\n\t\t\t\t\t\t\t\t\t  <div class=\"yuzo-img-wrap \" style=\"width: 125px;height:90px;\">\n\t\t\t\t\t\t\t\t\t\t\n\t\t\t\t\t\t\t\t\t\t<div class=\"yuzo-img\" style=\"background:url('https:\/\/redept.org\/blogosfera\/wp-content\/plugins\/yuzo-related-post\/assets\/images\/default.png') 50% 50% no-repeat;width: 125px;height:90px;margin-bottom: 5px;background-size: cover; \"><\/div>\n\t\t\t\t\t\t\t\t\t  <\/div>\n\t\t\t\t\t\t\t\t\t  \n\t\t\t\t\t\t\t\t   <span class=\"yuzo__text--title\" style=\"font-size:13px;\">Newton Cardoso, ex-governador de Minas Gerais, mor...<\/span>\n\t\t\t\t\t\t\t  \n\t\t\t\t\t\t\t  \n\t\t\t\t\t\t\t  <\/a>\n\n\t\t\t\t\t\t  <\/div>\n<\/div> <script>\n\t\t\t\t\t\t  jQuery(document).ready(function( $ ){\n\t\t\t\t\t\t\t\/\/jQuery('.yuzo_related_post').equalizer({ overflow : 'relatedthumb' });\n\t\t\t\t\t\t\tjQuery('.yuzo_related_post .yuzo_wraps').equalizer({ columns : '> div' });\n\t\t\t\t\t\t   })\n\t\t\t\t\t\t  <\/script> <!-- End Yuzo :) -->","protected":false},"excerpt":{"rendered":"<p>O d\u00f3lar comercial encerrou a quinta-feira, 11 de junho, em forte queda de 1,11%, cotado a R$ 5,11. O d\u00f3lar hoje oscilou entre a m\u00ednima de R$ 5,09 e a m\u00e1xima de R$ 5,19 ao longo do preg\u00e3o, acompanhando um movimento global de enfraquecimento da moeda americana frente a divisas de pa\u00edses emergentes. Esse recuo [&hellip;]<\/p>\n","protected":false},"author":2,"featured_media":91447,"comment_status":"open","ping_status":"closed","sticky":false,"template":"","format":"standard","meta":{"fifu_image_url":"","fifu_image_alt":"","footnotes":""},"categories":[489,1401,221,1927,2827],"tags":[],"class_list":["post-91446","post","type-post","status-publish","format-standard","has-post-thumbnail","hentry","category-destaque-pequeno","category-dolar","category-economia","category-mercado","category-petroleo"],"_links":{"self":[{"href":"https:\/\/redept.com.br\/blogosfera\/wp-json\/wp\/v2\/posts\/91446","targetHints":{"allow":["GET"]}}],"collection":[{"href":"https:\/\/redept.com.br\/blogosfera\/wp-json\/wp\/v2\/posts"}],"about":[{"href":"https:\/\/redept.com.br\/blogosfera\/wp-json\/wp\/v2\/types\/post"}],"author":[{"embeddable":true,"href":"https:\/\/redept.com.br\/blogosfera\/wp-json\/wp\/v2\/users\/2"}],"replies":[{"embeddable":true,"href":"https:\/\/redept.com.br\/blogosfera\/wp-json\/wp\/v2\/comments?post=91446"}],"version-history":[{"count":0,"href":"https:\/\/redept.com.br\/blogosfera\/wp-json\/wp\/v2\/posts\/91446\/revisions"}],"wp:featuredmedia":[{"embeddable":true,"href":"https:\/\/redept.com.br\/blogosfera\/wp-json\/wp\/v2\/media\/91447"}],"wp:attachment":[{"href":"https:\/\/redept.com.br\/blogosfera\/wp-json\/wp\/v2\/media?parent=91446"}],"wp:term":[{"taxonomy":"category","embeddable":true,"href":"https:\/\/redept.com.br\/blogosfera\/wp-json\/wp\/v2\/categories?post=91446"},{"taxonomy":"post_tag","embeddable":true,"href":"https:\/\/redept.com.br\/blogosfera\/wp-json\/wp\/v2\/tags?post=91446"}],"curies":[{"name":"wp","href":"https:\/\/api.w.org\/{rel}","templated":true}]}}