{"id":92013,"date":"2026-06-16T08:12:46","date_gmt":"2026-06-16T11:12:46","guid":{"rendered":"https:\/\/redept.com.br\/blogosfera\/agu-garante-posse-de-servidora-exonerada-do-itamaraty-por-banca-racial\/"},"modified":"2026-06-16T08:12:46","modified_gmt":"2026-06-16T11:12:46","slug":"agu-garante-posse-de-servidora-exonerada-do-itamaraty-por-banca-racial","status":"publish","type":"post","link":"https:\/\/redept.com.br\/blogosfera\/agu-garante-posse-de-servidora-exonerada-do-itamaraty-por-banca-racial\/","title":{"rendered":"AGU garante posse de servidora exonerada do Itamaraty por banca racial"},"content":{"rendered":"<p>A Advocacia-Geral da Uni\u00e3o (AGU) informou nesta segunda-feira (15) que assinou um acordo para garantir a posse da candidata Fl\u00e1via Henriques Goes de Medeiros (ao centro da foto) no cargo de oficial da chancelaria do Minist\u00e9rio das Rela\u00e7\u00f5es Exteriores (MRE). Fl\u00e1via Medeiros foi aprovada nas provas escritas, mas foi barrada pela comiss\u00e3o de heteroidentifica\u00e7\u00e3o do [\u2026]<\/p>\n<p><a href=\"https:\/\/www.brasildefato.com.br\/2026\/06\/16\/agu-garante-posse-de-servidora-exonerada-do-itamaraty-por-banca-racial\/\" rel=\"nofollow\">Fonte<\/a><\/p>\n<!-- Begin Yuzo --><div class='yuzo_related_post style-1'  data-version='5.12.89'><!-- without result --><div class='yuzo_clearfixed yuzo__title yuzo__title'><h3>Related Post<\/h3><\/div>\n\t\t\t\t\t\t  <div class=\"relatedthumb \" style=\"width:125px;float:left;overflow:hidden;\">  \n\t\t\t\t\t\t\t  \n\t\t\t\t\t\t\t  <a  href=\"https:\/\/redept.com.br\/blogosfera\/estudantes-ocupam-ruas-do-pais-e-pressionam-por-mais-recursos-para-educacao-publica\/\"  >\n\t\t\t\t\t\t\t\t\t  <div class=\"yuzo-img-wrap \" style=\"width: 125px;height:90px;\">\n\t\t\t\t\t\t\t\t\t\t\n\t\t\t\t\t\t\t\t\t\t<div class=\"yuzo-img\" style=\"background:url('https:\/\/redept.com.br\/blogosfera\/wp-content\/uploads\/2025\/05\/502659299_18517962643016643_2201599413169678735_n-150x150.jpg') 50% 50% no-repeat;width: 125px;height:90px;margin-bottom: 5px;background-size: cover; \"><\/div>\n\t\t\t\t\t\t\t\t\t  <\/div>\n\t\t\t\t\t\t\t\t\t  \n\t\t\t\t\t\t\t\t   <span class=\"yuzo__text--title\" style=\"font-size:13px;\">Estudantes ocupam ruas do pa\u00eds e pressionam por ma...<\/span>\n\t\t\t\t\t\t\t  \n\t\t\t\t\t\t\t  \n\t\t\t\t\t\t\t  <\/a>\n\n\t\t\t\t\t\t  <\/div>\n\t\t\t\t\t\t  <div class=\"relatedthumb \" style=\"width:125px;float:left;overflow:hidden;\">  \n\t\t\t\t\t\t\t  \n\t\t\t\t\t\t\t  <a  href=\"https:\/\/redept.com.br\/blogosfera\/anistia-de-sostenes-escancara-impasse-no-congresso-e-confronta-articulacao-de-alcolumbre\/\"  >\n\t\t\t\t\t\t\t\t\t  <div class=\"yuzo-img-wrap \" style=\"width: 125px;height:90px;\">\n\t\t\t\t\t\t\t\t\t\t\n\t\t\t\t\t\t\t\t\t\t<div class=\"yuzo-img\" style=\"background:url('https:\/\/redept.org\/blogosfera\/wp-content\/plugins\/yuzo-related-post\/assets\/images\/default.png') 50% 50% no-repeat;width: 125px;height:90px;margin-bottom: 5px;background-size: cover; \"><\/div>\n\t\t\t\t\t\t\t\t\t  <\/div>\n\t\t\t\t\t\t\t\t\t  \n\t\t\t\t\t\t\t\t   <span class=\"yuzo__text--title\" style=\"font-size:13px;\">Anistia de S\u00f3stenes escancara impasse no Congresso...<\/span>\n\t\t\t\t\t\t\t  \n\t\t\t\t\t\t\t  \n\t\t\t\t\t\t\t  <\/a>\n\n\t\t\t\t\t\t  <\/div>\n\t\t\t\t\t\t  <div class=\"relatedthumb \" style=\"width:125px;float:left;overflow:hidden;\">  \n\t\t\t\t\t\t\t  \n\t\t\t\t\t\t\t  <a  href=\"https:\/\/redept.com.br\/blogosfera\/em-mudanca-de-tom-brics-condenam-ataques-contra-ira-pela-primeira-vez\/\"  >\n\t\t\t\t\t\t\t\t\t  <div class=\"yuzo-img-wrap \" style=\"width: 125px;height:90px;\">\n\t\t\t\t\t\t\t\t\t\t\n\t\t\t\t\t\t\t\t\t\t<div class=\"yuzo-img\" style=\"background:url('https:\/\/redept.org\/blogosfera\/wp-content\/plugins\/yuzo-related-post\/assets\/images\/default.png') 50% 50% no-repeat;width: 125px;height:90px;margin-bottom: 5px;background-size: cover; \"><\/div>\n\t\t\t\t\t\t\t\t\t  <\/div>\n\t\t\t\t\t\t\t\t\t  \n\t\t\t\t\t\t\t\t   <span class=\"yuzo__text--title\" style=\"font-size:13px;\">Em mudan\u00e7a de tom, Brics condenam ataques contra I...<\/span>\n\t\t\t\t\t\t\t  \n\t\t\t\t\t\t\t  \n\t\t\t\t\t\t\t  <\/a>\n\n\t\t\t\t\t\t  <\/div>\n\t\t\t\t\t\t  <div class=\"relatedthumb \" style=\"width:125px;float:left;overflow:hidden;\">  \n\t\t\t\t\t\t\t  \n\t\t\t\t\t\t\t  <a  href=\"https:\/\/redept.com.br\/blogosfera\/flamengo-e-palmeiras-disputarao-a-7a-final-brasileira-da-libertadores-saiba-quando\/\"  >\n\t\t\t\t\t\t\t\t\t  <div class=\"yuzo-img-wrap \" style=\"width: 125px;height:90px;\">\n\t\t\t\t\t\t\t\t\t\t\n\t\t\t\t\t\t\t\t\t\t<div class=\"yuzo-img\" style=\"background:url('https:\/\/redept.org\/blogosfera\/wp-content\/plugins\/yuzo-related-post\/assets\/images\/default.png') 50% 50% no-repeat;width: 125px;height:90px;margin-bottom: 5px;background-size: cover; \"><\/div>\n\t\t\t\t\t\t\t\t\t  <\/div>\n\t\t\t\t\t\t\t\t\t  \n\t\t\t\t\t\t\t\t   <span class=\"yuzo__text--title\" style=\"font-size:13px;\">Flamengo e Palmeiras disputar\u00e3o a 7\u00aa final brasile...<\/span>\n\t\t\t\t\t\t\t  \n\t\t\t\t\t\t\t  \n\t\t\t\t\t\t\t  <\/a>\n\n\t\t\t\t\t\t  <\/div>\n<\/div> <script>\n\t\t\t\t\t\t  jQuery(document).ready(function( $ ){\n\t\t\t\t\t\t\t\/\/jQuery('.yuzo_related_post').equalizer({ overflow : 'relatedthumb' });\n\t\t\t\t\t\t\tjQuery('.yuzo_related_post .yuzo_wraps').equalizer({ columns : '> div' });\n\t\t\t\t\t\t   })\n\t\t\t\t\t\t  <\/script> <!-- End Yuzo :) -->","protected":false},"excerpt":{"rendered":"<p>A Advocacia-Geral da Uni\u00e3o (AGU) informou nesta segunda-feira (15) que assinou um acordo para garantir a posse da candidata Fl\u00e1via Henriques Goes de Medeiros (ao centro da foto) no cargo de oficial da chancelaria do Minist\u00e9rio das Rela\u00e7\u00f5es Exteriores (MRE). Fl\u00e1via Medeiros foi aprovada nas provas escritas, mas foi barrada pela comiss\u00e3o de heteroidentifica\u00e7\u00e3o do [&hellip;]<\/p>\n","protected":false},"author":2,"featured_media":0,"comment_status":"open","ping_status":"closed","sticky":false,"template":"","format":"standard","meta":{"fifu_image_url":"","fifu_image_alt":"","footnotes":""},"categories":[9180,68261,8945,1104,68262,68263,68264,68265,1503,4621,2096,307,2156,68266,68267,94,38662,518,1726,1042,1711,25981,68268,68269,214,639,229,12862,48150,68270,6628],"tags":[],"class_list":["post-92013","post","type-post","status-publish","format-standard","hentry","category-acoes-afirmativas","category-acordo-judicial","category-advocacia-geral-da-uniao","category-agu","category-banca-de-heteroidentificacao","category-banca-racial","category-cebraspe","category-comissao-verificadora","category-concurso-publico","category-cotas-raciais","category-defesa","category-direitos-humanos","category-discriminacao-racial","category-exonerada","category-flavia-medeiros","category-geral","category-heteroidentificacao","category-itamaraty","category-jorge-messias","category-justica-federal","category-liminar","category-nomeacao","category-nulidade","category-oficial-de-chancelaria","category-politicas-publicas","category-posse","category-racismo","category-recurso","category-recurso-judicial","category-servidora","category-tribunal"],"_links":{"self":[{"href":"https:\/\/redept.com.br\/blogosfera\/wp-json\/wp\/v2\/posts\/92013","targetHints":{"allow":["GET"]}}],"collection":[{"href":"https:\/\/redept.com.br\/blogosfera\/wp-json\/wp\/v2\/posts"}],"about":[{"href":"https:\/\/redept.com.br\/blogosfera\/wp-json\/wp\/v2\/types\/post"}],"author":[{"embeddable":true,"href":"https:\/\/redept.com.br\/blogosfera\/wp-json\/wp\/v2\/users\/2"}],"replies":[{"embeddable":true,"href":"https:\/\/redept.com.br\/blogosfera\/wp-json\/wp\/v2\/comments?post=92013"}],"version-history":[{"count":0,"href":"https:\/\/redept.com.br\/blogosfera\/wp-json\/wp\/v2\/posts\/92013\/revisions"}],"wp:attachment":[{"href":"https:\/\/redept.com.br\/blogosfera\/wp-json\/wp\/v2\/media?parent=92013"}],"wp:term":[{"taxonomy":"category","embeddable":true,"href":"https:\/\/redept.com.br\/blogosfera\/wp-json\/wp\/v2\/categories?post=92013"},{"taxonomy":"post_tag","embeddable":true,"href":"https:\/\/redept.com.br\/blogosfera\/wp-json\/wp\/v2\/tags?post=92013"}],"curies":[{"name":"wp","href":"https:\/\/api.w.org\/{rel}","templated":true}]}}