{"id":92175,"date":"2026-06-16T17:10:21","date_gmt":"2026-06-16T20:10:21","guid":{"rendered":"https:\/\/redept.com.br\/blogosfera\/pochmann-os-clas-politicos-sobreviverao-a-era-digital\/"},"modified":"2026-06-16T17:10:21","modified_gmt":"2026-06-16T20:10:21","slug":"pochmann-os-clas-politicos-sobreviverao-a-era-digital","status":"publish","type":"post","link":"https:\/\/redept.com.br\/blogosfera\/pochmann-os-clas-politicos-sobreviverao-a-era-digital\/","title":{"rendered":"Pochmann: Os cl\u00e3s pol\u00edticos sobreviver\u00e3o \u00e0 Era Digital?"},"content":{"rendered":"<figure><img fetchpriority=\"high\" decoding=\"async\" width=\"1273\" height=\"803\"src=\"https:\/\/redept.com.br\/blogosfera\/wp-content\/uploads\/2026\/06\/photo_5012680636841528364_y-1.jpg\" alt=\"\" srcset=\"https:\/\/redept.com.br\/blogosfera\/wp-content\/uploads\/2026\/06\/photo_5012680636841528364_y-1.jpg 1273w, https:\/\/outraspalavras.net\/wp-content\/uploads\/2026\/06\/photo_5012680636841528364_y-300x189.jpg 300w, https:\/\/outraspalavras.net\/wp-content\/uploads\/2026\/06\/photo_5012680636841528364_y-768x484.jpg 768w\" sizes=\"(max-width: 1273px) 100vw, 1273px\"><figcaption>Imagem: Nash Weerasekera\/Foreign Policy<\/figcaption><\/figure>\n<div>\n<div>\n<div>\n<div>\n<div>\n<div>\n<div>\n<h4>Boletim Outras Palavras<\/h4>\n<p>Receba por email, diariamente, todas as publica\u00e7\u00f5es do site<\/p>\n<\/p><\/div>\n<div>\n<div>\n<div>\n<div>\n<div><\/div>\n<\/p><\/div>\n<\/p><\/div>\n<div>\n                <button type=\"submit\">Assinar<\/button><br \/>\n                <button disabled type=\"button\"> <\/p>\n<div><\/div>\n<p> <span>Loading&#8230;<\/span> <\/button>\n              <\/div>\n<\/p><\/div>\n<\/p><\/div>\n<div>\n            <button type=\"submit\">Assinar<\/button><br \/>\n            <button disabled type=\"button\"> <\/p>\n<div><\/div>\n<p> <span>Loading&#8230;<\/span> <\/button>\n          <\/div>\n<\/p><\/div>\n<div>\n<div>\n<h4>Agradecemos!<\/h4>\n<p>Voc\u00ea j\u00e1 est\u00e1 inscrito e come\u00e7ar\u00e1 a receber os boletins em breve. Boa leitura!<\/p>\n<\/p><\/div>\n<\/p><\/div>\n<\/p><\/div>\n<\/p><\/div>\n<\/div>\n<p><imgsrc=\"\" width=\"1\" height=\"1\" alt=\".\" border=\"0\">\n<\/div>\n<\/div>\n<p>H\u00e1 uma pergunta inc\u00f4moda que atravessa toda a hist\u00f3ria pol\u00edtica nacional. Os cl\u00e3s pol\u00edticos brasileiros que superaram as transforma\u00e7\u00f5es econ\u00f4micas, sociais e tecnol\u00f3gicas do Brasil desde a independ\u00eancia nacional ser\u00e3o capazes de sobreviver na era digital?<\/p>\n<p>A d\u00favida \u00e9 relevante porque o Brasil mudou profundamente desde o fim da coloniza\u00e7\u00e3o. O pa\u00eds deixou de ser uma economia agr\u00e1ria baseada originalmente no trabalho escravo para se tornar, posteriormente, numa sociedade urbana e industrial e, mais recentemente, uma economia dominada pelos servi\u00e7os, pelas finan\u00e7as, pelos dados e pelas plataformas digitais.<\/p>\n<p>Mudaram as formas de produ\u00e7\u00e3o, os meios de comunica\u00e7\u00e3o, as rela\u00e7\u00f5es de trabalho e at\u00e9 os mecanismos de participa\u00e7\u00e3o pol\u00edtica. Mas teria mudado a estrutura do poder? Uma hip\u00f3tese que merece aten\u00e7\u00e3o, uma vez que os cl\u00e3s pol\u00edticos n\u00e3o tenham desaparecido.<\/p>\n<div>\n<div><imgsrc=\"https:\/\/redept.com.br\/blogosfera\/wp-content\/uploads\/2026\/06\/Prancheta--23.png\" alt=\"\" srcset=\"https:\/\/redept.com.br\/blogosfera\/wp-content\/uploads\/2026\/06\/Prancheta--23.png 680w, https:\/\/outraspalavras.net\/wp-content\/uploads\/2022\/12\/Prancheta-4-300x110.png 300w\" sizes=\"(max-width: 680px) 100vw, 680px\" width=\"680\" height=\"250\"><\/div>\n<\/div>\n<p>Talvez tenham apenas se metamorfoseado. Se essa hip\u00f3tese estiver correta, a hist\u00f3ria pol\u00edtica brasileira pode ser interpretada como uma sucess\u00e3o de adapta\u00e7\u00f5es de um mesmo fen\u00f4meno estrutural. A capacidade de determinadas fam\u00edlias e grupos de interesses em transformar as mudan\u00e7as econ\u00f4micas e tecnol\u00f3gicas em mecanismos de reprodu\u00e7\u00e3o de poder.<\/p>\n<p>A origem dessa trajet\u00f3ria encontra-se na pr\u00f3pria forma\u00e7\u00e3o colonial. As capitanias heredit\u00e1rias, institu\u00eddas em 1534, n\u00e3o representavam apenas uma forma de ocupa\u00e7\u00e3o territorial. Elas estabeleceram um princ\u00edpio organizador da vida pol\u00edtica com a associa\u00e7\u00e3o entre patrim\u00f4nio, autoridade e heran\u00e7a familiar.<\/p>\n<p>O poder nascia ligado \u00e0 terra e transmitia-se por la\u00e7os de sangue. A Col\u00f4nia terminou por consolidar esse padr\u00e3o, uma vez que grandes propriet\u00e1rios rurais n\u00e3o exerciam apenas fun\u00e7\u00f5es econ\u00f4micas. Controlavam a vida social, religiosa, militar e pol\u00edtica dos territ\u00f3rios sob sua influ\u00eancia. A fam\u00edlia transformava-se na principal institui\u00e7\u00e3o de organiza\u00e7\u00e3o do poder.<\/p>\n<p>A Independ\u00eancia nacional, contudo, n\u00e3o rompeu com essa l\u00f3gica. A ruptura com Portugal preservou a estrutura fundi\u00e1ria, a escravid\u00e3o e boa parte das elites que dominavam a sociedade colonial. O Estado nacional surgiu sem que houvesse a promo\u00e7\u00e3o transforma\u00e7\u00e3o profunda das bases sociais do poder. Ao longo do s\u00e9culo XIX, o coronelismo emergiu como uma adapta\u00e7\u00e3o dessa heran\u00e7a.<\/p>\n<p>A cria\u00e7\u00e3o da Guarda Nacional, em 1831, fortaleceu os grandes propriet\u00e1rios locais que passaram a atuar como intermedi\u00e1rios entre um Estado distante e a popula\u00e7\u00e3o dispersa pelo territ\u00f3rio. O coronel tornou-se uma esp\u00e9cie de gestor local da ordem pol\u00edtica. O poder, assim, continuava associado \u00e0 terra, mas agora estava articulado cada vez mais \u00e0s institui\u00e7\u00f5es do Estado nacional.<\/p>\n<p>A Primeira Rep\u00fablica, por exemplo, n\u00e3o eliminou tamb\u00e9m a estrutura herdada. Ao contr\u00e1rio, em muitas regi\u00f5es ela a consolidou. Os cl\u00e3s familiares transformaram-se em m\u00e1quinas eleitorais locais, controlando prefeituras, cart\u00f3rios, delegacias, associa\u00e7\u00f5es econ\u00f4micas e redes de clientela pol\u00edtica. Em diversas localidades, a disputa eleitoral ocorria menos entre projetos pol\u00edticos distintos do que entre fam\u00edlias tradicionais.<\/p>\n<p>Pela moderniza\u00e7\u00e3o industrial que avan\u00e7ou em parte do s\u00e9culo XX tampouco produziu o desaparecimento desses grupos. O que ocorreu foi uma mudan\u00e7a na base material de sustenta\u00e7\u00e3o do poder. Se antes a terra era o principal ativo estrat\u00e9gico, o processo de urbaniza\u00e7\u00e3o e industrializa\u00e7\u00e3o ampliou a import\u00e2ncia da m\u00e1quina p\u00fablica, dos contratos governamentais, das empresas estatais e das estruturas partid\u00e1rias.<\/p>\n<div>\n<div><imgsrc=\"https:\/\/redept.com.br\/blogosfera\/wp-content\/uploads\/2026\/06\/HUCITEC-eticadissidencia-4.png\" alt=\"\" srcset=\"https:\/\/redept.com.br\/blogosfera\/wp-content\/uploads\/2026\/06\/HUCITEC-eticadissidencia-4.png 728w, https:\/\/outraspalavras.net\/wp-content\/uploads\/2025\/08\/HUCITEC-eticadissidencia-300x37.png 300w\" sizes=\"(max-width: 728px) 100vw, 728px\" width=\"728\" height=\"90\"><\/div>\n<\/div>\n<p>Neste novo contexto, os cl\u00e3s pol\u00edticos adaptaram-se ao novo ambiente.\u00a0 A reprodu\u00e7\u00e3o familiar do poder deixou de depender exclusivamente da propriedade rural e passou a incorporar o controle de cargos, recursos p\u00fablicos e institui\u00e7\u00f5es estatais. Em sequ\u00eancia, o aparecimento e avan\u00e7o dos meios de comunica\u00e7\u00e3o abriu uma nova etapa. R\u00e1dios, jornais e emissoras de televis\u00e3o transformaram-se em instrumentos fundamentais de constru\u00e7\u00e3o de influ\u00eancia pol\u00edtica.<\/p>\n<p>Surgiu uma nova fase de coronelismo eletr\u00f4nico. O controle da opini\u00e3o p\u00fablica passou a complementar o controle do territ\u00f3rio. A autoridade pol\u00edtica j\u00e1 n\u00e3o dependia apenas da presen\u00e7a f\u00edsica do chefe local, mas tamb\u00e9m da capacidade de moldar percep\u00e7\u00f5es, construir reputa\u00e7\u00f5es e influenciar comportamentos coletivos.<\/p>\n<p>E na contemporaneidade da era digital, os cl\u00e3s pol\u00edticos sobreviver\u00e3o? Ser\u00e1 que o salto inovativo da tecnologia com redes sociais, algoritmos e poder quase monopolista das <em>big techs<\/em> estrangeiras terminar\u00e1 por destruiria as estruturas tradicionais de poder no Brasil?<\/p>\n<p>A internet prometia horizontalizar a comunica\u00e7\u00e3o, democratizar o acesso \u00e0 informa\u00e7\u00e3o e ampliar a participa\u00e7\u00e3o cidad\u00e3. Os resultados at\u00e9 agora se mostram, entretanto, mais complexos. As redes digitais abriram novos espa\u00e7os de participa\u00e7\u00e3o, mas tamb\u00e9m criaram in\u00e9ditos mecanismos de concentra\u00e7\u00e3o econ\u00f4mica e informacional. Os antigos cl\u00e3s pol\u00edticos encontraram nessas plataformas oportunidades de reinven\u00e7\u00e3o convertendo-se em marcas.<\/p>\n<p>O sobrenome segue um ativo eleitoral precioso. A influ\u00eancia deixou de depender exclusivamente da presen\u00e7a territorial e passou a ser exercida atrav\u00e9s de redes digitais capazes de conectar munic\u00edpios, estados e regi\u00f5es inteiras. O que antes era predominantemente local tornou-se nacional.<\/p>\n<p>Mas a transforma\u00e7\u00e3o mais profunda talvez n\u00e3o esteja na pol\u00edtica convencional. Ela est\u00e1 na emerg\u00eancia das grandes plataformas digitais globais. Pela primeira vez na hist\u00f3ria brasileira, uma parcela significativa da comunica\u00e7\u00e3o p\u00fablica, da circula\u00e7\u00e3o de informa\u00e7\u00f5es e da forma\u00e7\u00e3o da opini\u00e3o coletiva passou a ser mediada por empresas privadas estrangeiras. N\u00e3o se trata apenas de tecnologia. Trata-se de poder.<\/p>\n<p>Os algoritmos definem visibilidades, ampliam determinados conte\u00fados, silenciam outros, organizam fluxos de aten\u00e7\u00e3o e influenciam comportamentos coletivos. Ao mesmo tempo, os dados produzidos pela sociedade brasileira tornam-se mat\u00e9ria-prima de uma economia digital cuja apropria\u00e7\u00e3o da riqueza vaza frequentemente para fora do territ\u00f3rio nacional.<\/p>\n<p>Surge, assim, uma nova quest\u00e3o hist\u00f3rica. Se os cl\u00e3s pol\u00edticos foram capazes de adaptar-se \u00e0 passagem da sociedade agr\u00e1ria para urbana e industrial e desta para a de servi\u00e7os e informa\u00e7\u00e3o hiperconectada, qual ser\u00e1 a forma do poder pol\u00edtico no capitalismo digital? Estaria em curso o nascimento de uma nova etapa dos cl\u00e3s pol\u00edticos? Ou ao surgimento de uma estrutura ainda mais complexa, na qual dinastias locais passam a operar conectadas a plataformas globais capazes de organizar simultaneamente economia, comunica\u00e7\u00e3o e pol\u00edtica?<\/p>\n<p>A pergunta permanece em aberto. Mas uma conclus\u00e3o parece inevit\u00e1vel. A hist\u00f3ria brasileira n\u00e3o pode ser compreendida apenas pelas rupturas que proclama. Ela precisa ser analisada tamb\u00e9m pelas continuidades que preserva. Das capitanias heredit\u00e1rias ao coronelismo, do coronelismo ao poder midi\u00e1tico e deste ao universo dos algoritmos, observa-se uma impressionante capacidade de adapta\u00e7\u00e3o das estruturas de poder.<\/p>\n<p>A moderniza\u00e7\u00e3o brasileira transformou a economia, urbanizou a sociedade, industrializou a produ\u00e7\u00e3o e digitalizou a comunica\u00e7\u00e3o. Mas n\u00e3o eliminou completamente a tend\u00eancia hist\u00f3rica \u00e0 concentra\u00e7\u00e3o do poder. O desafio do s\u00e9culo XXI talvez seja justamente o de impedir que a revolu\u00e7\u00e3o digital produza apenas uma atualiza\u00e7\u00e3o tecnol\u00f3gica de velhas formas de domina\u00e7\u00e3o.<\/p>\n<p>Afinal, uma democracia n\u00e3o se mede apenas pela realiza\u00e7\u00e3o de elei\u00e7\u00f5es. Ela se mede pela capacidade de renovar lideran\u00e7as, democratizar oportunidades e impedir que o poder se transforme em patrim\u00f4nio heredit\u00e1rio. Essa \u00e9 uma tarefa que continua inacabada na Rep\u00fablica brasileira.<\/p>\n<div>\n<div>\n<p><span><em>Outras Palavras \u00e9 feito por muitas m\u00e3os. Se voc\u00ea valoriza nossa produ\u00e7\u00e3o, contribua com um PIX para <strong>outrosquinhentos@outraspalavras.net<\/strong> e fortale\u00e7a o jornalismo cr\u00edtico.<\/em><\/span><\/p>\n<\/div>\n<\/div>\n<p>The post Pochmann: Os cl\u00e3s pol\u00edticos sobreviver\u00e3o \u00e0 Era Digital? appeared first on Outras Palavras.<\/p>\n<!-- Begin Yuzo --><div class='yuzo_related_post style-1'  data-version='5.12.89'><!-- without result --><div class='yuzo_clearfixed yuzo__title yuzo__title'><h3>Related Post<\/h3><\/div>\n\t\t\t\t\t\t  <div class=\"relatedthumb \" style=\"width:125px;float:left;overflow:hidden;\">  \n\t\t\t\t\t\t\t  \n\t\t\t\t\t\t\t  <a  href=\"https:\/\/redept.com.br\/blogosfera\/china-e-destaque-entre-novos-mercados-para-produtos-brasileiros-sobretaxados-por-trump\/\"  >\n\t\t\t\t\t\t\t\t\t  <div class=\"yuzo-img-wrap \" style=\"width: 125px;height:90px;\">\n\t\t\t\t\t\t\t\t\t\t\n\t\t\t\t\t\t\t\t\t\t<div class=\"yuzo-img\" style=\"background:url('https:\/\/redept.org\/blogosfera\/wp-content\/plugins\/yuzo-related-post\/assets\/images\/default.png') 50% 50% no-repeat;width: 125px;height:90px;margin-bottom: 5px;background-size: cover; \"><\/div>\n\t\t\t\t\t\t\t\t\t  <\/div>\n\t\t\t\t\t\t\t\t\t  \n\t\t\t\t\t\t\t\t   <span class=\"yuzo__text--title\" style=\"font-size:13px;\">China \u00e9 destaque entre novos mercados para produto...<\/span>\n\t\t\t\t\t\t\t  \n\t\t\t\t\t\t\t  \n\t\t\t\t\t\t\t  <\/a>\n\n\t\t\t\t\t\t  <\/div>\n\t\t\t\t\t\t  <div class=\"relatedthumb \" style=\"width:125px;float:left;overflow:hidden;\">  \n\t\t\t\t\t\t\t  \n\t\t\t\t\t\t\t  <a  href=\"https:\/\/redept.com.br\/blogosfera\/forum-democratico-leva-debates-sobre-transicao-ecologica-e-desenvolvimento-ao-interior-do-rs\/\"  >\n\t\t\t\t\t\t\t\t\t  <div class=\"yuzo-img-wrap \" style=\"width: 125px;height:90px;\">\n\t\t\t\t\t\t\t\t\t\t\n\t\t\t\t\t\t\t\t\t\t<div class=\"yuzo-img\" style=\"background:url('https:\/\/redept.com.br\/blogosfera\/wp-content\/uploads\/2025\/06\/image-35-150x150.png') 50% 50% no-repeat;width: 125px;height:90px;margin-bottom: 5px;background-size: cover; \"><\/div>\n\t\t\t\t\t\t\t\t\t  <\/div>\n\t\t\t\t\t\t\t\t\t  \n\t\t\t\t\t\t\t\t   <span class=\"yuzo__text--title\" style=\"font-size:13px;\">F\u00f3rum Democr\u00e1tico leva debates sobre transi\u00e7\u00e3o eco...<\/span>\n\t\t\t\t\t\t\t  \n\t\t\t\t\t\t\t  \n\t\t\t\t\t\t\t  <\/a>\n\n\t\t\t\t\t\t  <\/div>\n\t\t\t\t\t\t  <div class=\"relatedthumb \" style=\"width:125px;float:left;overflow:hidden;\">  \n\t\t\t\t\t\t\t  \n\t\t\t\t\t\t\t  <a  href=\"https:\/\/redept.com.br\/blogosfera\/stf-concorda-em-reduzir-penas-para-golpistas-mas-exige-avaliacao-individual-o-que-isso-muda-para-bolsonaro\/\"  >\n\t\t\t\t\t\t\t\t\t  <div class=\"yuzo-img-wrap \" style=\"width: 125px;height:90px;\">\n\t\t\t\t\t\t\t\t\t\t\n\t\t\t\t\t\t\t\t\t\t<div class=\"yuzo-img\" style=\"background:url('https:\/\/redept.org\/blogosfera\/wp-content\/plugins\/yuzo-related-post\/assets\/images\/default.png') 50% 50% no-repeat;width: 125px;height:90px;margin-bottom: 5px;background-size: cover; \"><\/div>\n\t\t\t\t\t\t\t\t\t  <\/div>\n\t\t\t\t\t\t\t\t\t  \n\t\t\t\t\t\t\t\t   <span class=\"yuzo__text--title\" style=\"font-size:13px;\">STF concorda em reduzir penas para golpistas, mas ...<\/span>\n\t\t\t\t\t\t\t  \n\t\t\t\t\t\t\t  \n\t\t\t\t\t\t\t  <\/a>\n\n\t\t\t\t\t\t  <\/div>\n\t\t\t\t\t\t  <div class=\"relatedthumb \" style=\"width:125px;float:left;overflow:hidden;\">  \n\t\t\t\t\t\t\t  \n\t\t\t\t\t\t\t  <a  href=\"https:\/\/redept.com.br\/blogosfera\/bolsonaro-deve-ter-alta-nesta-quinta-e-retornar-a-cela-na-pf\/\"  >\n\t\t\t\t\t\t\t\t\t  <div class=\"yuzo-img-wrap \" style=\"width: 125px;height:90px;\">\n\t\t\t\t\t\t\t\t\t\t\n\t\t\t\t\t\t\t\t\t\t<div class=\"yuzo-img\" style=\"background:url('https:\/\/redept.com.br\/blogosfera\/wp-content\/uploads\/2026\/01\/bolsonaro-150x150.jpg') 50% 50% no-repeat;width: 125px;height:90px;margin-bottom: 5px;background-size: cover; \"><\/div>\n\t\t\t\t\t\t\t\t\t  <\/div>\n\t\t\t\t\t\t\t\t\t  \n\t\t\t\t\t\t\t\t   <span class=\"yuzo__text--title\" style=\"font-size:13px;\">Bolsonaro deve ter alta nesta quinta e retornar a ...<\/span>\n\t\t\t\t\t\t\t  \n\t\t\t\t\t\t\t  \n\t\t\t\t\t\t\t  <\/a>\n\n\t\t\t\t\t\t  <\/div>\n<\/div> <script>\n\t\t\t\t\t\t  jQuery(document).ready(function( $ ){\n\t\t\t\t\t\t\t\/\/jQuery('.yuzo_related_post').equalizer({ overflow : 'relatedthumb' });\n\t\t\t\t\t\t\tjQuery('.yuzo_related_post .yuzo_wraps').equalizer({ columns : '> div' });\n\t\t\t\t\t\t   })\n\t\t\t\t\t\t  <\/script> <!-- End Yuzo :) -->","protected":false},"excerpt":{"rendered":"<p>Pela primeira vez na hist\u00f3ria brasileira, parcela significativa da comunica\u00e7\u00e3o e forma\u00e7\u00e3o de opini\u00e3o \u00e9 mediada por empresas estrangeiras. Os algoritmos definem a visibilidade. Como evitar que a revolu\u00e7\u00e3o digital atualize o poder das antigas dinastias, e renove lideran\u00e7as?<\/p>\n<p>The post <a href=\"https:\/\/outraspalavras.net\/crise-brasileira\/pochmann-os-clas-politicos-sobreviverao-a-era-digital\/\">Pochmann: Os cl\u00e3s pol\u00edticos sobreviver\u00e3o \u00e0 Era Digital?<\/a> appeared first on <a href=\"https:\/\/outraspalavras.net\/\">Outras Palavras<\/a>.<\/p>\n","protected":false},"author":2,"featured_media":92176,"comment_status":"open","ping_status":"closed","sticky":false,"template":"","format":"standard","meta":{"fifu_image_url":"","fifu_image_alt":"","footnotes":""},"categories":[48193,8007,68515,6007,68516,68517,10310,17045,63536,68518,68519,42381,1630,68520,50188,68521,8673,65854,68522,2387],"tags":[],"class_list":["post-92175","post","type-post","status-publish","format-standard","has-post-thumbnail","hentry","category-autoridade-politica","category-capitalismo-digital","category-clas-politicos","category-crise-brasileira","category-economia-agraria","category-economia-dominada","category-era-digital","category-estado","category-estrutura-fundiaria","category-fim-da-colonizacao","category-formacao-colonial","category-historia-politica","category-industrializacao","category-industrializacap","category-modernizacao-brasileira","category-ordem-politica","category-politicos-brasileiros","category-sociedade-urbana","category-transformacoes-economicas","category-urbanizacao"],"_links":{"self":[{"href":"https:\/\/redept.com.br\/blogosfera\/wp-json\/wp\/v2\/posts\/92175","targetHints":{"allow":["GET"]}}],"collection":[{"href":"https:\/\/redept.com.br\/blogosfera\/wp-json\/wp\/v2\/posts"}],"about":[{"href":"https:\/\/redept.com.br\/blogosfera\/wp-json\/wp\/v2\/types\/post"}],"author":[{"embeddable":true,"href":"https:\/\/redept.com.br\/blogosfera\/wp-json\/wp\/v2\/users\/2"}],"replies":[{"embeddable":true,"href":"https:\/\/redept.com.br\/blogosfera\/wp-json\/wp\/v2\/comments?post=92175"}],"version-history":[{"count":0,"href":"https:\/\/redept.com.br\/blogosfera\/wp-json\/wp\/v2\/posts\/92175\/revisions"}],"wp:featuredmedia":[{"embeddable":true,"href":"https:\/\/redept.com.br\/blogosfera\/wp-json\/wp\/v2\/media\/92176"}],"wp:attachment":[{"href":"https:\/\/redept.com.br\/blogosfera\/wp-json\/wp\/v2\/media?parent=92175"}],"wp:term":[{"taxonomy":"category","embeddable":true,"href":"https:\/\/redept.com.br\/blogosfera\/wp-json\/wp\/v2\/categories?post=92175"},{"taxonomy":"post_tag","embeddable":true,"href":"https:\/\/redept.com.br\/blogosfera\/wp-json\/wp\/v2\/tags?post=92175"}],"curies":[{"name":"wp","href":"https:\/\/api.w.org\/{rel}","templated":true}]}}