{"id":92699,"date":"2026-06-21T17:18:51","date_gmt":"2026-06-21T20:18:51","guid":{"rendered":"https:\/\/redept.com.br\/blogosfera\/em-disputa-acirrada-novo-presidente-da-colombia-deve-ser-conhecido-ainda-hoje-diz-conselho-eleitoral\/"},"modified":"2026-06-21T17:18:51","modified_gmt":"2026-06-21T20:18:51","slug":"em-disputa-acirrada-novo-presidente-da-colombia-deve-ser-conhecido-ainda-hoje-diz-conselho-eleitoral","status":"publish","type":"post","link":"https:\/\/redept.com.br\/blogosfera\/em-disputa-acirrada-novo-presidente-da-colombia-deve-ser-conhecido-ainda-hoje-diz-conselho-eleitoral\/","title":{"rendered":"Em disputa acirrada, novo presidente da Col\u00f4mbia deve ser conhecido ainda hoje, diz conselho eleitoral"},"content":{"rendered":"<p>Ocorre, neste domingo (21), o segundo turno das elei\u00e7\u00f5es presidenciais na Col\u00f4mbia. A disputa \u00e9 entre o senador de esquerda Iv\u00e1n Cepeda, do Pacto Hist\u00f3rico e aliado do presidente Gustavo Petro, e o advogado de extrema direita Abelardo de la Espriella, do movimento Defensores da P\u00e1tria. As urnas abriram neste domingo em meio \u00e0 expectativa [\u2026]<\/p>\n<p><a href=\"https:\/\/www.brasildefato.com.br\/2026\/06\/21\/em-disputa-acirrada-novo-presidente-da-colombia-deve-ser-conhecido-ainda-hoje-diz-conselho-eleitoral\/\" rel=\"nofollow\">Fonte<\/a><\/p>\n<!-- Begin Yuzo --><div class='yuzo_related_post style-1'  data-version='5.12.89'><!-- without result --><div class='yuzo_clearfixed yuzo__title yuzo__title'><h3>Related Post<\/h3><\/div>\n\t\t\t\t\t\t  <div class=\"relatedthumb \" style=\"width:125px;float:left;overflow:hidden;\">  \n\t\t\t\t\t\t\t  \n\t\t\t\t\t\t\t  <a  href=\"https:\/\/redept.com.br\/blogosfera\/chefe-da-oms-diz-estar-preocupado-com-rapidez-do-surto-de-ebola-130-mortes-registradas\/\"  >\n\t\t\t\t\t\t\t\t\t  <div class=\"yuzo-img-wrap \" style=\"width: 125px;height:90px;\">\n\t\t\t\t\t\t\t\t\t\t\n\t\t\t\t\t\t\t\t\t\t<div class=\"yuzo-img\" style=\"background:url('https:\/\/redept.com.br\/blogosfera\/wp-content\/uploads\/2026\/05\/ai_for_good_global_summit_2018_42077444762-150x150.jpg') 50% 50% no-repeat;width: 125px;height:90px;margin-bottom: 5px;background-size: cover; \"><\/div>\n\t\t\t\t\t\t\t\t\t  <\/div>\n\t\t\t\t\t\t\t\t\t  \n\t\t\t\t\t\t\t\t   <span class=\"yuzo__text--title\" style=\"font-size:13px;\">Chefe da OMS diz estar preocupado com rapidez do s...<\/span>\n\t\t\t\t\t\t\t  \n\t\t\t\t\t\t\t  \n\t\t\t\t\t\t\t  <\/a>\n\n\t\t\t\t\t\t  <\/div>\n\t\t\t\t\t\t  <div class=\"relatedthumb \" style=\"width:125px;float:left;overflow:hidden;\">  \n\t\t\t\t\t\t\t  \n\t\t\t\t\t\t\t  <a  href=\"https:\/\/redept.com.br\/blogosfera\/assembleia-aprova-reajuste-de-627-para-os-professores-estaduais\/\"  >\n\t\t\t\t\t\t\t\t\t  <div class=\"yuzo-img-wrap \" style=\"width: 125px;height:90px;\">\n\t\t\t\t\t\t\t\t\t\t\n\t\t\t\t\t\t\t\t\t\t<div class=\"yuzo-img\" style=\"background:url('https:\/\/redept.org\/blogosfera\/wp-content\/plugins\/yuzo-related-post\/assets\/images\/default.png') 50% 50% no-repeat;width: 125px;height:90px;margin-bottom: 5px;background-size: cover; \"><\/div>\n\t\t\t\t\t\t\t\t\t  <\/div>\n\t\t\t\t\t\t\t\t\t  \n\t\t\t\t\t\t\t\t   <span class=\"yuzo__text--title\" style=\"font-size:13px;\">Assembleia aprova reajuste de 6,27% para os profes...<\/span>\n\t\t\t\t\t\t\t  \n\t\t\t\t\t\t\t  \n\t\t\t\t\t\t\t  <\/a>\n\n\t\t\t\t\t\t  <\/div>\n\t\t\t\t\t\t  <div class=\"relatedthumb \" style=\"width:125px;float:left;overflow:hidden;\">  \n\t\t\t\t\t\t\t  \n\t\t\t\t\t\t\t  <a  href=\"https:\/\/redept.com.br\/blogosfera\/quase-metade-dos-jovens-argentinos-vive-em-vulnerabilidade-social\/\"  >\n\t\t\t\t\t\t\t\t\t  <div class=\"yuzo-img-wrap \" style=\"width: 125px;height:90px;\">\n\t\t\t\t\t\t\t\t\t\t\n\t\t\t\t\t\t\t\t\t\t<div class=\"yuzo-img\" style=\"background:url('https:\/\/redept.org\/blogosfera\/wp-content\/plugins\/yuzo-related-post\/assets\/images\/default.png') 50% 50% no-repeat;width: 125px;height:90px;margin-bottom: 5px;background-size: cover; \"><\/div>\n\t\t\t\t\t\t\t\t\t  <\/div>\n\t\t\t\t\t\t\t\t\t  \n\t\t\t\t\t\t\t\t   <span class=\"yuzo__text--title\" style=\"font-size:13px;\">Quase metade dos jovens argentinos vive em vulnera...<\/span>\n\t\t\t\t\t\t\t  \n\t\t\t\t\t\t\t  \n\t\t\t\t\t\t\t  <\/a>\n\n\t\t\t\t\t\t  <\/div>\n\t\t\t\t\t\t  <div class=\"relatedthumb \" style=\"width:125px;float:left;overflow:hidden;\">  \n\t\t\t\t\t\t\t  \n\t\t\t\t\t\t\t  <a  href=\"https:\/\/redept.com.br\/blogosfera\/cpmi-do-inss-ouve-ex-ministro-da-previdencia-carlos-lupi-nesta-segunda-feira\/\"  >\n\t\t\t\t\t\t\t\t\t  <div class=\"yuzo-img-wrap \" style=\"width: 125px;height:90px;\">\n\t\t\t\t\t\t\t\t\t\t\n\t\t\t\t\t\t\t\t\t\t<div class=\"yuzo-img\" style=\"background:url('https:\/\/redept.com.br\/blogosfera\/wp-content\/uploads\/2025\/09\/bdf-20250905-164253-d5e720-2048x1365-1-150x150.jpg') 50% 50% no-repeat;width: 125px;height:90px;margin-bottom: 5px;background-size: cover; \"><\/div>\n\t\t\t\t\t\t\t\t\t  <\/div>\n\t\t\t\t\t\t\t\t\t  \n\t\t\t\t\t\t\t\t   <span class=\"yuzo__text--title\" style=\"font-size:13px;\">CPMI do INSS ouve ex-ministro da Previd\u00eancia Carlo...<\/span>\n\t\t\t\t\t\t\t  \n\t\t\t\t\t\t\t  \n\t\t\t\t\t\t\t  <\/a>\n\n\t\t\t\t\t\t  <\/div>\n<\/div> <script>\n\t\t\t\t\t\t  jQuery(document).ready(function( $ ){\n\t\t\t\t\t\t\t\/\/jQuery('.yuzo_related_post').equalizer({ overflow : 'relatedthumb' });\n\t\t\t\t\t\t\tjQuery('.yuzo_related_post .yuzo_wraps').equalizer({ columns : '> div' });\n\t\t\t\t\t\t   })\n\t\t\t\t\t\t  <\/script> <!-- End Yuzo :) -->","protected":false},"excerpt":{"rendered":"<p>Ocorre, neste domingo (21), o segundo turno das elei\u00e7\u00f5es presidenciais na Col\u00f4mbia. A disputa \u00e9 entre o senador de esquerda Iv\u00e1n Cepeda, do Pacto Hist\u00f3rico e aliado do presidente Gustavo Petro, e o advogado de extrema direita Abelardo de la Espriella, do movimento Defensores da P\u00e1tria. As urnas abriram neste domingo em meio \u00e0 expectativa [&hellip;]<\/p>\n","protected":false},"author":2,"featured_media":0,"comment_status":"open","ping_status":"closed","sticky":false,"template":"","format":"standard","meta":{"fifu_image_url":"","fifu_image_alt":"","footnotes":""},"categories":[44876,347,60868,3538,6773,851,1787,26634,32244,63255,51875,1023,46411,60185,423,2314,2953,50,26179,274,69600,4255,7268,3626,6019,51880,1156,923,58915,42538,57893,66941],"tags":[],"class_list":["post-92699","post","type-post","status-publish","format-standard","hentry","category-abelardo-de-la-espriella","category-america-latina","category-barranquilla","category-bogota","category-brasil-de-fato","category-campanha-eleitoral","category-colombia","category-combate-as-drogas","category-conselho-nacional-eleitoral","category-contagem-de-votos","category-defensores-da-patria","category-donald-trump","category-eleicao-apertada","category-eleicoes-colombia","category-extrema-direita","category-forcas-armadas","category-gustavo-petro","category-internacional","category-ivan-cepeda","category-javier-milei","category-mao-forte","category-migracao","category-pacto-historico","category-petro","category-polarizacao-politica","category-politica-colombiana","category-resultado-eleitoral","category-segundo-turno","category-seguranca-eleitoral","category-transicao-democratica","category-unidade-nacional","category-votacao-exterior"],"_links":{"self":[{"href":"https:\/\/redept.com.br\/blogosfera\/wp-json\/wp\/v2\/posts\/92699","targetHints":{"allow":["GET"]}}],"collection":[{"href":"https:\/\/redept.com.br\/blogosfera\/wp-json\/wp\/v2\/posts"}],"about":[{"href":"https:\/\/redept.com.br\/blogosfera\/wp-json\/wp\/v2\/types\/post"}],"author":[{"embeddable":true,"href":"https:\/\/redept.com.br\/blogosfera\/wp-json\/wp\/v2\/users\/2"}],"replies":[{"embeddable":true,"href":"https:\/\/redept.com.br\/blogosfera\/wp-json\/wp\/v2\/comments?post=92699"}],"version-history":[{"count":0,"href":"https:\/\/redept.com.br\/blogosfera\/wp-json\/wp\/v2\/posts\/92699\/revisions"}],"wp:attachment":[{"href":"https:\/\/redept.com.br\/blogosfera\/wp-json\/wp\/v2\/media?parent=92699"}],"wp:term":[{"taxonomy":"category","embeddable":true,"href":"https:\/\/redept.com.br\/blogosfera\/wp-json\/wp\/v2\/categories?post=92699"},{"taxonomy":"post_tag","embeddable":true,"href":"https:\/\/redept.com.br\/blogosfera\/wp-json\/wp\/v2\/tags?post=92699"}],"curies":[{"name":"wp","href":"https:\/\/api.w.org\/{rel}","templated":true}]}}