{"id":92786,"date":"2026-06-22T14:05:16","date_gmt":"2026-06-22T17:05:16","guid":{"rendered":"https:\/\/redept.com.br\/blogosfera\/como-funciona-o-escrutinio-apuracao-voto-a-voto-para-validar-resultado-das-eleicoes-na-colombia\/"},"modified":"2026-06-22T14:05:16","modified_gmt":"2026-06-22T17:05:16","slug":"como-funciona-o-escrutinio-apuracao-voto-a-voto-para-validar-resultado-das-eleicoes-na-colombia","status":"publish","type":"post","link":"https:\/\/redept.com.br\/blogosfera\/como-funciona-o-escrutinio-apuracao-voto-a-voto-para-validar-resultado-das-eleicoes-na-colombia\/","title":{"rendered":"Como funciona o escrut\u00ednio, apura\u00e7\u00e3o voto a voto para validar resultado das elei\u00e7\u00f5es na Col\u00f4mbia"},"content":{"rendered":"<p>O candidato governista Iv\u00e1n Cepeda, que disputa a presid\u00eancia da Col\u00f4mbia com Abelardo de la Espriella, deve contestar o resultado preliminar oficial que indicou a vit\u00f3ria da oposi\u00e7\u00e3o no \u00faltimo domingo (21). Cepeda discorda dos resultados de cerca de 33 mil mesas eleitorais, argumentando que a apura\u00e7\u00e3o preliminar n\u00e3o deve expressar resultados definitivos. \u201cReconhecemos a [\u2026]<\/p>\n<p><a href=\"https:\/\/www.brasildefato.com.br\/2026\/06\/22\/como-funciona-o-escrutinio-apuracao-voto-a-voto-para-validar-resultado-das-eleicoes-na-colombia\/\" rel=\"nofollow\">Fonte<\/a><\/p>\n<!-- Begin Yuzo --><div class='yuzo_related_post style-1'  data-version='5.12.89'><!-- without result --><div class='yuzo_clearfixed yuzo__title yuzo__title'><h3>Related Post<\/h3><\/div>\n\t\t\t\t\t\t  <div class=\"relatedthumb \" style=\"width:125px;float:left;overflow:hidden;\">  \n\t\t\t\t\t\t\t  \n\t\t\t\t\t\t\t  <a  href=\"https:\/\/redept.com.br\/blogosfera\/incra-e-ocupado-por-mst-na-paraiba-nesta-terca-feira\/\"  >\n\t\t\t\t\t\t\t\t\t  <div class=\"yuzo-img-wrap \" style=\"width: 125px;height:90px;\">\n\t\t\t\t\t\t\t\t\t\t\n\t\t\t\t\t\t\t\t\t\t<div class=\"yuzo-img\" style=\"background:url('https:\/\/redept.com.br\/blogosfera\/wp-content\/uploads\/2025\/07\/MST-PB-Foto-Carla-Batista2-ocupacao-incra-semana-camponesa-150x150.jpeg') 50% 50% no-repeat;width: 125px;height:90px;margin-bottom: 5px;background-size: cover; \"><\/div>\n\t\t\t\t\t\t\t\t\t  <\/div>\n\t\t\t\t\t\t\t\t\t  \n\t\t\t\t\t\t\t\t   <span class=\"yuzo__text--title\" style=\"font-size:13px;\">Incra \u00e9 ocupado por MST, na Para\u00edba, nesta ter\u00e7a-f...<\/span>\n\t\t\t\t\t\t\t  \n\t\t\t\t\t\t\t  \n\t\t\t\t\t\t\t  <\/a>\n\n\t\t\t\t\t\t  <\/div>\n\t\t\t\t\t\t  <div class=\"relatedthumb \" style=\"width:125px;float:left;overflow:hidden;\">  \n\t\t\t\t\t\t\t  \n\t\t\t\t\t\t\t  <a  href=\"https:\/\/redept.com.br\/blogosfera\/nova-fase-de-operacao-da-pf-mira-operador-financeiro-no-inss\/\"  >\n\t\t\t\t\t\t\t\t\t  <div class=\"yuzo-img-wrap \" style=\"width: 125px;height:90px;\">\n\t\t\t\t\t\t\t\t\t\t\n\t\t\t\t\t\t\t\t\t\t<div class=\"yuzo-img\" style=\"background:url('https:\/\/redept.org\/blogosfera\/wp-content\/plugins\/yuzo-related-post\/assets\/images\/default.png') 50% 50% no-repeat;width: 125px;height:90px;margin-bottom: 5px;background-size: cover; \"><\/div>\n\t\t\t\t\t\t\t\t\t  <\/div>\n\t\t\t\t\t\t\t\t\t  \n\t\t\t\t\t\t\t\t   <span class=\"yuzo__text--title\" style=\"font-size:13px;\">Nova fase de opera\u00e7\u00e3o da PF mira operador financei...<\/span>\n\t\t\t\t\t\t\t  \n\t\t\t\t\t\t\t  \n\t\t\t\t\t\t\t  <\/a>\n\n\t\t\t\t\t\t  <\/div>\n\t\t\t\t\t\t  <div class=\"relatedthumb \" style=\"width:125px;float:left;overflow:hidden;\">  \n\t\t\t\t\t\t\t  \n\t\t\t\t\t\t\t  <a  href=\"https:\/\/redept.com.br\/blogosfera\/galipolo-continua-com-a-sabotagem-de-campos-neto-diz-presidente-da-ctb\/\"  >\n\t\t\t\t\t\t\t\t\t  <div class=\"yuzo-img-wrap \" style=\"width: 125px;height:90px;\">\n\t\t\t\t\t\t\t\t\t\t\n\t\t\t\t\t\t\t\t\t\t<div class=\"yuzo-img\" style=\"background:url('https:\/\/redept.com.br\/blogosfera\/wp-content\/uploads\/2026\/04\/IMG_9918JPG-1024x576-1-150x150.jpeg') 50% 50% no-repeat;width: 125px;height:90px;margin-bottom: 5px;background-size: cover; \"><\/div>\n\t\t\t\t\t\t\t\t\t  <\/div>\n\t\t\t\t\t\t\t\t\t  \n\t\t\t\t\t\t\t\t   <span class=\"yuzo__text--title\" style=\"font-size:13px;\">Gal\u00edpolo continua com a sabotagem de Campos Neto, ...<\/span>\n\t\t\t\t\t\t\t  \n\t\t\t\t\t\t\t  \n\t\t\t\t\t\t\t  <\/a>\n\n\t\t\t\t\t\t  <\/div>\n\t\t\t\t\t\t  <div class=\"relatedthumb \" style=\"width:125px;float:left;overflow:hidden;\">  \n\t\t\t\t\t\t\t  \n\t\t\t\t\t\t\t  <a  href=\"https:\/\/redept.com.br\/blogosfera\/china-reage-a-taxacao-de-trump-contra-o-brasil-e-critica-coercao-intimidacao-ou-interferencia-dos-eua\/\"  >\n\t\t\t\t\t\t\t\t\t  <div class=\"yuzo-img-wrap \" style=\"width: 125px;height:90px;\">\n\t\t\t\t\t\t\t\t\t\t\n\t\t\t\t\t\t\t\t\t\t<div class=\"yuzo-img\" style=\"background:url('https:\/\/redept.org\/blogosfera\/wp-content\/plugins\/yuzo-related-post\/assets\/images\/default.png') 50% 50% no-repeat;width: 125px;height:90px;margin-bottom: 5px;background-size: cover; \"><\/div>\n\t\t\t\t\t\t\t\t\t  <\/div>\n\t\t\t\t\t\t\t\t\t  \n\t\t\t\t\t\t\t\t   <span class=\"yuzo__text--title\" style=\"font-size:13px;\">China reage \u00e0 taxa\u00e7\u00e3o de Trump contra o Brasil e c...<\/span>\n\t\t\t\t\t\t\t  \n\t\t\t\t\t\t\t  \n\t\t\t\t\t\t\t  <\/a>\n\n\t\t\t\t\t\t  <\/div>\n<\/div> <script>\n\t\t\t\t\t\t  jQuery(document).ready(function( $ ){\n\t\t\t\t\t\t\t\/\/jQuery('.yuzo_related_post').equalizer({ overflow : 'relatedthumb' });\n\t\t\t\t\t\t\tjQuery('.yuzo_related_post .yuzo_wraps').equalizer({ columns : '> div' });\n\t\t\t\t\t\t   })\n\t\t\t\t\t\t  <\/script> <!-- End Yuzo :) -->","protected":false},"excerpt":{"rendered":"<p>O candidato governista Iv\u00e1n Cepeda, que disputa a presid\u00eancia da Col\u00f4mbia com Abelardo de la Espriella, deve contestar o resultado preliminar oficial que indicou a vit\u00f3ria da oposi\u00e7\u00e3o no \u00faltimo domingo (21). Cepeda discorda dos resultados de cerca de 33 mil mesas eleitorais, argumentando que a apura\u00e7\u00e3o preliminar n\u00e3o deve expressar resultados definitivos. \u201cReconhecemos a [&hellip;]<\/p>\n","protected":false},"author":2,"featured_media":0,"comment_status":"open","ping_status":"closed","sticky":false,"template":"","format":"standard","meta":{"fifu_image_url":"","fifu_image_alt":"","footnotes":""},"categories":[44876,69762,46323,46667,4703,69763,5060,69630,69764,32244,69765,1023,29972,52124,69624,2953,69766,50270,69767,25,26179,274,69768,69769,7268,69770,39933,66334,69771,69772,15358],"tags":[],"class_list":["post-92786","post","type-post","status-publish","format-standard","hentry","category-abelardo-de-la-espriella","category-advogados-eleitorais","category-america-latina-eleicoes","category-apuracao-de-votos","category-bdf","category-candidato-governista","category-cne","category-colombia-politica","category-comissoes-escrutinadoras","category-conselho-nacional-eleitoral","category-contagem-manual","category-donald-trump","category-eleicao-presidencial","category-eleicoes-colombia-2026","category-escrutinio","category-gustavo-petro","category-impugnacao-de-mesas","category-interferencia-externa","category-irregularidades-eleitorais","category-israel","category-ivan-cepeda","category-javier-milei","category-mesas-eleitorais","category-oposicao-colombia","category-pacto-historico","category-pre-contagem","category-processo-eleitoral","category-resultado-oficial","category-sistema-eleitoral-colombiano","category-validacao-de-resultados","category-voto-impresso"],"_links":{"self":[{"href":"https:\/\/redept.com.br\/blogosfera\/wp-json\/wp\/v2\/posts\/92786","targetHints":{"allow":["GET"]}}],"collection":[{"href":"https:\/\/redept.com.br\/blogosfera\/wp-json\/wp\/v2\/posts"}],"about":[{"href":"https:\/\/redept.com.br\/blogosfera\/wp-json\/wp\/v2\/types\/post"}],"author":[{"embeddable":true,"href":"https:\/\/redept.com.br\/blogosfera\/wp-json\/wp\/v2\/users\/2"}],"replies":[{"embeddable":true,"href":"https:\/\/redept.com.br\/blogosfera\/wp-json\/wp\/v2\/comments?post=92786"}],"version-history":[{"count":0,"href":"https:\/\/redept.com.br\/blogosfera\/wp-json\/wp\/v2\/posts\/92786\/revisions"}],"wp:attachment":[{"href":"https:\/\/redept.com.br\/blogosfera\/wp-json\/wp\/v2\/media?parent=92786"}],"wp:term":[{"taxonomy":"category","embeddable":true,"href":"https:\/\/redept.com.br\/blogosfera\/wp-json\/wp\/v2\/categories?post=92786"},{"taxonomy":"post_tag","embeddable":true,"href":"https:\/\/redept.com.br\/blogosfera\/wp-json\/wp\/v2\/tags?post=92786"}],"curies":[{"name":"wp","href":"https:\/\/api.w.org\/{rel}","templated":true}]}}