{"id":93043,"date":"2026-06-24T11:01:34","date_gmt":"2026-06-24T14:01:34","guid":{"rendered":"https:\/\/redept.com.br\/blogosfera\/mst-forma-1a-turma-de-enfermagem-com-enfase-em-saude-publica-pelo-pronera-no-parana\/"},"modified":"2026-06-24T11:01:34","modified_gmt":"2026-06-24T14:01:34","slug":"mst-forma-1a-turma-de-enfermagem-com-enfase-em-saude-publica-pelo-pronera-no-parana","status":"publish","type":"post","link":"https:\/\/redept.com.br\/blogosfera\/mst-forma-1a-turma-de-enfermagem-com-enfase-em-saude-publica-pelo-pronera-no-parana\/","title":{"rendered":"MST forma 1\u00aa turma de Enfermagem com \u00eanfase em sa\u00fade p\u00fablica pelo Pronera, no Paran\u00e1"},"content":{"rendered":"<figure><img fetchpriority=\"high\" fetchpriority=\"high\" decoding=\"async\" width=\"1024\" height=\"683\"src=\"https:\/\/redept.com.br\/blogosfera\/wp-content\/uploads\/2026\/06\/2023-08_04_Educacao_InauguracaoAlojamentoUNIOESTE_FozDoIguacu-PR_Fotos_JulianaBarbosa-57-1024x683-1.jpg\" alt=\"\" srcset=\"https:\/\/redept.com.br\/blogosfera\/wp-content\/uploads\/2026\/06\/2023-08_04_Educacao_InauguracaoAlojamentoUNIOESTE_FozDoIguacu-PR_Fotos_JulianaBarbosa-57-1024x683-1.jpg 1024w, https:\/\/mst.org.br\/wp-content\/uploads\/2026\/06\/2023-08_04_Educacao_InauguracaoAlojamentoUNIOESTE_FozDoIguacu-PR_Fotos_JulianaBarbosa-57-1024x683-1-300x200.jpg 300w, https:\/\/mst.org.br\/wp-content\/uploads\/2026\/06\/2023-08_04_Educacao_InauguracaoAlojamentoUNIOESTE_FozDoIguacu-PR_Fotos_JulianaBarbosa-57-1024x683-1-768x512.jpg 768w\" sizes=\"(max-width: 1024px) 100vw, 1024px\"><figcaption><em>Educandos(as) da 1\u00aa turma de Enfermagem com \u00eanfase em sa\u00fade p\u00fablica do Pronera. Foto: Juliana Barbosa\/MST-PR\u00a0<\/em><\/figcaption><\/figure>\n<p><em>Da P\u00e1gina do MST<\/em><\/p>\n<p>A m\u00edstica, os simbolismos, discursos engajados, hinos e as m\u00fasicas de luta marcaram o tom de celebra\u00e7\u00e3o da cerim\u00f4nia de cole\u00e7\u00e3o de grau da primeira turma de gradua\u00e7\u00e3o em Enfermagem, com \u00eanfase em sa\u00fade p\u00fablica na Universidade Estadual do Oeste do Paran\u00e1 (Unioeste), campus de Foz do Igua\u00e7u (PR), realizada na \u00faltima quinta-feira (18).<\/p>\n<p>Com a presen\u00e7a de familiares, amigos, dirigentes do MST e autoridades, a turma realizada pelo Programa Nacional de Educa\u00e7\u00e3o na Reforma Agr\u00e1ria (Pronera), realizou tamb\u00e9m a festa de formatura para celebrar esse importante momento na vida dos educandos, suas fam\u00edlias e na luta pela Reforma Agr\u00e1ria e a defesa da sa\u00fade p\u00fablica no campo.<\/p>\n<p>A turma leva o nome de Clotildes da Silva Gama, e possui como caracter\u00edstica marcante na diversidade e representatividade formando 28 enfermeiros e enfermeiras, oriundos de 13 estados brasileiros, que a partir de agora ir\u00e3o promover a sa\u00fade p\u00fablica integral em seus territ\u00f3rios.<\/p>\n<figure><img decoding=\"async\" width=\"1024\" height=\"682\"src=\"https:\/\/redept.com.br\/blogosfera\/wp-content\/uploads\/2026\/06\/WhatsApp-Image-2026-06-22-at-085123-1.jpeg\" alt=\"\" srcset=\"https:\/\/mst.org.br\/wp-content\/uploads\/2026\/06\/WhatsApp-Image-2026-06-22-at-08.51.23-1-1024x682.jpeg 1024w, https:\/\/mst.org.br\/wp-content\/uploads\/2026\/06\/WhatsApp-Image-2026-06-22-at-08.51.23-1-300x200.jpeg 300w, https:\/\/mst.org.br\/wp-content\/uploads\/2026\/06\/WhatsApp-Image-2026-06-22-at-08.51.23-1-768x512.jpeg 768w, https:\/\/mst.org.br\/wp-content\/uploads\/2026\/06\/WhatsApp-Image-2026-06-22-at-08.51.23-1-1536x1023.jpeg 1536w, https:\/\/redept.com.br\/blogosfera\/wp-content\/uploads\/2026\/06\/WhatsApp-Image-2026-06-22-at-085123-1.jpeg 1600w\" sizes=\"(max-width: 1024px) 100vw, 1024px\"><figcaption><em>Foto: Assucena da Rocha Rodrigues<\/em><\/figcaption><\/figure>\n<figure><img decoding=\"async\" width=\"693\" height=\"450\"src=\"https:\/\/redept.com.br\/blogosfera\/wp-content\/uploads\/2026\/06\/formatura-enf.jpg\" alt=\"\" srcset=\"https:\/\/redept.com.br\/blogosfera\/wp-content\/uploads\/2026\/06\/formatura-enf.jpg 693w, https:\/\/mst.org.br\/wp-content\/uploads\/2026\/06\/formatura-enf-300x195.jpg 300w\" sizes=\"(max-width: 693px) 100vw, 693px\"><figcaption><em>Foto: Divulga\u00e7\u00e3o\/Unioeste<\/em><\/figcaption><\/figure>\n<p>O curso foi pensado para formar profissionais do estado, mas em seguida foi aberto para a participa\u00e7\u00e3o de educandos de todo o pa\u00eds, garantindo uma importante diversidade de representa\u00e7\u00e3o nacional.<\/p>\n<p>\u201cPara n\u00f3s do Movimento, formar esses enfermeiros(as) do campo significa o cuidado nos territ\u00f3rios. Nesse curso, nossos enfermeiros e enfermeiras, tiveram o conhecimento do SUS. Com qualifica\u00e7\u00e3o t\u00e9cnica e forma\u00e7\u00e3o estrat\u00e9gia de luta, que capacita jovens de diversos estados para atuar em seus territ\u00f3rios defendendo o SUS e combatendo as causas sociais das doen\u00e7as \u2014 como agrot\u00f3xicos, falta de saneamento e precariza\u00e7\u00e3o do trabalho\u201d, destaca Sirlei Moraes, coordenadora do setor de Sa\u00fade do MST no Paran\u00e1.<\/p>\n<p>O agora enfermeiro, Salatiel de Oliveira de Santa Catarina, expressa a alegria e gratid\u00e3o pela formatura de uma turma que tornou real um sonho coletivo do MST, voltado \u00e0 forma\u00e7\u00e3o em sa\u00fade p\u00fablica para jovens camponeses e camponesas da Reforma Agr\u00e1ria.<\/p>\n<p>\u201cAo caminhar de beca at\u00e9 no palco passa um filme na nossa cabe\u00e7a, do que come\u00e7ou de um sonho coletivo, com o objetivo de ampliar a luta por sa\u00fade nos nossos territ\u00f3rios. Foi uma forma\u00e7\u00e3o excepcional: a universidade conseguiu nos fornecer um conhecimento t\u00e9cnico e cient\u00edfico essencial, mas sempre carregamos os nossos conhecimentos tradicionais e das nossas experi\u00eancias nos assentamentos. \u00c9 um sentimento que a gente s\u00f3 consegue expressar com gratid\u00e3o, a gente tem muito a agradecer\u201d, comemora.<\/p>\n<figure><img decoding=\"async\" width=\"1024\" height=\"682\"src=\"https:\/\/redept.com.br\/blogosfera\/wp-content\/uploads\/2026\/06\/unnamed-1.jpg\" alt=\"\" srcset=\"https:\/\/mst.org.br\/wp-content\/uploads\/2026\/06\/unnamed-1-1024x682.jpg 1024w, https:\/\/mst.org.br\/wp-content\/uploads\/2026\/06\/unnamed-1-300x200.jpg 300w, https:\/\/mst.org.br\/wp-content\/uploads\/2026\/06\/unnamed-1-768x512.jpg 768w, https:\/\/mst.org.br\/wp-content\/uploads\/2026\/06\/unnamed-1-1536x1023.jpg 1536w, https:\/\/redept.com.br\/blogosfera\/wp-content\/uploads\/2026\/06\/unnamed-1.jpg 1600w\" sizes=\"(max-width: 1024px) 100vw, 1024px\"><\/figure>\n<figure><img loading=\"lazy\" decoding=\"async\" width=\"1024\" height=\"682\"src=\"https:\/\/redept.com.br\/blogosfera\/wp-content\/uploads\/2026\/06\/unnamed-4.jpg\" alt=\"\" srcset=\"https:\/\/mst.org.br\/wp-content\/uploads\/2026\/06\/unnamed-4-1024x682.jpg 1024w, https:\/\/mst.org.br\/wp-content\/uploads\/2026\/06\/unnamed-4-300x200.jpg 300w, https:\/\/mst.org.br\/wp-content\/uploads\/2026\/06\/unnamed-4-768x512.jpg 768w, https:\/\/mst.org.br\/wp-content\/uploads\/2026\/06\/unnamed-4-1536x1023.jpg 1536w, https:\/\/redept.com.br\/blogosfera\/wp-content\/uploads\/2026\/06\/unnamed-4.jpg 1600w\" sizes=\"(max-width: 1024px) 100vw, 1024px\"><figcaption><em>Fotos: Juliana Barbosa \u2013 MST\/PR\u00a0<\/em><\/figcaption><\/figure>\n<p>A coordenadora Sirlei, explica ainda que a forma\u00e7\u00e3o dessa turma de enfermeiros e enfermeiras do povo, n\u00e3o representa somente uma conquista de diplomas individuas, mas de uma estrat\u00e9gia de luta e busca pela autonomia dos povos do campo na \u00e1rea da sa\u00fade p\u00fablica preventiva e integral.<\/p>\n<p>\u201cCom essa forma\u00e7\u00e3o tamb\u00e9m queremos romper com a depend\u00eancia hist\u00f3rica que vivemos no campo: por atendimento, por m\u00e9dico, por enfermeiros, e as filas de espera. O projeto integra o cuidado em sa\u00fade \u00e0 educa\u00e7\u00e3o popular, \u00e0 agroecologia, com hortas medicinais, a luta por \u00e1gua tratada e pela produ\u00e7\u00e3o de alimentos mais saud\u00e1vel; e a busca por pol\u00edticas p\u00fablicas, que garanta qualidade de vida e dignidade aos camponeses das \u00e1reas de Reforma Agr\u00e1ria\u201d, conclui.<\/p>\n<figure><img loading=\"lazy\" decoding=\"async\" width=\"1024\" height=\"682\"src=\"https:\/\/redept.com.br\/blogosfera\/wp-content\/uploads\/2026\/06\/unnamed-2.jpg\" alt=\"\" srcset=\"https:\/\/mst.org.br\/wp-content\/uploads\/2026\/06\/unnamed-2-1024x682.jpg 1024w, https:\/\/mst.org.br\/wp-content\/uploads\/2026\/06\/unnamed-2-300x200.jpg 300w, https:\/\/mst.org.br\/wp-content\/uploads\/2026\/06\/unnamed-2-768x512.jpg 768w, https:\/\/mst.org.br\/wp-content\/uploads\/2026\/06\/unnamed-2-1536x1023.jpg 1536w, https:\/\/redept.com.br\/blogosfera\/wp-content\/uploads\/2026\/06\/unnamed-2.jpg 1600w\" sizes=\"(max-width: 1024px) 100vw, 1024px\"><figcaption><em>\u00c1rea do alojamento estudantil, campus de Foz do Igua\u00e7u. Foto: Juliana Barbosa \u2013 MST\/PR\u00a0<\/em><\/figcaption><\/figure>\n<p>O curso ocorreu em regime de altern\u00e2ncia, a partir da pedagogia do Movimento, com tempo escola e tempo comunidade, nas comunidades de origem dos educandos(as). Durante a maior parte do tempo escola, os educandos estiveram alojados no alojamento estudantil, no campus da universidade. Este \u00e9 o <a href=\"http:\/\/mst.org.br\/2023\/08\/07\/unioeste-inaugura-1o-alojamento-estudantil-voltado-para-educandos-as-do-pronera-no-pr\/\">primeiro alojamento estudantil que atende educandos\/as do Pronera no estado<\/a>, em cursos de regime de altern\u00e2ncia, inaugurado em 2023.<\/p>\n<p>A jornada do curso teve in\u00edcio em mar\u00e7o de 2022. O curso ocorreu por meio de parceria entre a Unioeste, o Governo Federal e o Instituto Nacional de Coloniza\u00e7\u00e3o e Reforma Agr\u00e1ria (INCRA). Nesse sentido, a formatura da turma, demonstra a import\u00e2ncia de garantir o acesso \u00e0 universidade aos trabalhadores e trabalhadoras do campo, atrav\u00e9s de uma pol\u00edtica p\u00fablica t\u00e3o importante e necess\u00e1ria, quanto o Pronera. <\/p>\n<p>Na concep\u00e7\u00e3o do setor de Sa\u00fade do MST no estado, a forma\u00e7\u00e3o dessa turma de enfermeiros(as) do povo \u00e9 mais uma conquista, pois incorpora \u00e0 sa\u00fade p\u00fablica, aos espa\u00e7os do sa\u00fade do MST e dos movimentos populares do campo novos profissionais de sa\u00fade, que ir\u00e3o contribuir na constru\u00e7\u00e3o de uma sa\u00fade mais humana, sustent\u00e1vel e coletiva.<\/p>\n<\/p>\n<\/p>\n<p>O post <a href=\"https:\/\/mst.org.br\/2026\/06\/24\/mst-forma-1a-turma-de-enfermagem-com-enfase-em-saude-publica-pelo-pronera-no-parana\/\">MST forma 1\u00aa turma de Enfermagem com \u00eanfase em sa\u00fade p\u00fablica pelo Pronera, no Paran\u00e1<\/a> apareceu primeiro em <a href=\"https:\/\/mst.org.br\/\">MST<\/a>.<\/p>\n<!-- Begin Yuzo --><div class='yuzo_related_post style-1'  data-version='5.12.89'><!-- without result --><div class='yuzo_clearfixed yuzo__title yuzo__title'><h3>Related Post<\/h3><\/div>\n\t\t\t\t\t\t  <div class=\"relatedthumb \" style=\"width:125px;float:left;overflow:hidden;\">  \n\t\t\t\t\t\t\t  \n\t\t\t\t\t\t\t  <a  href=\"https:\/\/redept.com.br\/blogosfera\/projeto-institui-politica-para-reciclagem-de-baterias-de-veiculos-eletricos\/\"  >\n\t\t\t\t\t\t\t\t\t  <div class=\"yuzo-img-wrap \" style=\"width: 125px;height:90px;\">\n\t\t\t\t\t\t\t\t\t\t\n\t\t\t\t\t\t\t\t\t\t<div class=\"yuzo-img\" style=\"background:url('https:\/\/redept.org\/blogosfera\/wp-content\/plugins\/yuzo-related-post\/assets\/images\/default.png') 50% 50% no-repeat;width: 125px;height:90px;margin-bottom: 5px;background-size: cover; \"><\/div>\n\t\t\t\t\t\t\t\t\t  <\/div>\n\t\t\t\t\t\t\t\t\t  \n\t\t\t\t\t\t\t\t   <span class=\"yuzo__text--title\" style=\"font-size:13px;\">Projeto institui pol\u00edtica para reciclagem de bater...<\/span>\n\t\t\t\t\t\t\t  \n\t\t\t\t\t\t\t  \n\t\t\t\t\t\t\t  <\/a>\n\n\t\t\t\t\t\t  <\/div>\n\t\t\t\t\t\t  <div class=\"relatedthumb \" style=\"width:125px;float:left;overflow:hidden;\">  \n\t\t\t\t\t\t\t  \n\t\t\t\t\t\t\t  <a  href=\"https:\/\/redept.com.br\/blogosfera\/tarifa-social-luz-do-povo-lula-sanciona-plv-e-transforma-acesso-a-energia-no-brasil-video\/\"  >\n\t\t\t\t\t\t\t\t\t  <div class=\"yuzo-img-wrap \" style=\"width: 125px;height:90px;\">\n\t\t\t\t\t\t\t\t\t\t\n\t\t\t\t\t\t\t\t\t\t<div class=\"yuzo-img\" style=\"background:url('https:\/\/redept.org\/blogosfera\/wp-content\/plugins\/yuzo-related-post\/assets\/images\/default.png') 50% 50% no-repeat;width: 125px;height:90px;margin-bottom: 5px;background-size: cover; \"><\/div>\n\t\t\t\t\t\t\t\t\t  <\/div>\n\t\t\t\t\t\t\t\t\t  \n\t\t\t\t\t\t\t\t   <span class=\"yuzo__text--title\" style=\"font-size:13px;\">Tarifa Social \u201cLuz do Povo\u201d: Lula Sanciona PLV e t...<\/span>\n\t\t\t\t\t\t\t  \n\t\t\t\t\t\t\t  \n\t\t\t\t\t\t\t  <\/a>\n\n\t\t\t\t\t\t  <\/div>\n\t\t\t\t\t\t  <div class=\"relatedthumb \" style=\"width:125px;float:left;overflow:hidden;\">  \n\t\t\t\t\t\t\t  \n\t\t\t\t\t\t\t  <a  href=\"https:\/\/redept.com.br\/blogosfera\/moraes-ignora-jornalista-de-extrema-direita-que-o-espetou-com-pergunta-sobre-democracia-com-escandalo-video\/\"  >\n\t\t\t\t\t\t\t\t\t  <div class=\"yuzo-img-wrap \" style=\"width: 125px;height:90px;\">\n\t\t\t\t\t\t\t\t\t\t\n\t\t\t\t\t\t\t\t\t\t<div class=\"yuzo-img\" style=\"background:url('https:\/\/redept.org\/blogosfera\/wp-content\/plugins\/yuzo-related-post\/assets\/images\/default.png') 50% 50% no-repeat;width: 125px;height:90px;margin-bottom: 5px;background-size: cover; \"><\/div>\n\t\t\t\t\t\t\t\t\t  <\/div>\n\t\t\t\t\t\t\t\t\t  \n\t\t\t\t\t\t\t\t   <span class=\"yuzo__text--title\" style=\"font-size:13px;\">Moraes ignora jornalista de extrema direita que o ...<\/span>\n\t\t\t\t\t\t\t  \n\t\t\t\t\t\t\t  \n\t\t\t\t\t\t\t  <\/a>\n\n\t\t\t\t\t\t  <\/div>\n\t\t\t\t\t\t  <div class=\"relatedthumb \" style=\"width:125px;float:left;overflow:hidden;\">  \n\t\t\t\t\t\t\t  \n\t\t\t\t\t\t\t  <a  href=\"https:\/\/redept.com.br\/blogosfera\/lula-assina-decreto-para-aliviar-o-custo-da-energia-eletrica\/\"  >\n\t\t\t\t\t\t\t\t\t  <div class=\"yuzo-img-wrap \" style=\"width: 125px;height:90px;\">\n\t\t\t\t\t\t\t\t\t\t\n\t\t\t\t\t\t\t\t\t\t<div class=\"yuzo-img\" style=\"background:url('https:\/\/redept.org\/blogosfera\/wp-content\/plugins\/yuzo-related-post\/assets\/images\/default.png') 50% 50% no-repeat;width: 125px;height:90px;margin-bottom: 5px;background-size: cover; \"><\/div>\n\t\t\t\t\t\t\t\t\t  <\/div>\n\t\t\t\t\t\t\t\t\t  \n\t\t\t\t\t\t\t\t   <span class=\"yuzo__text--title\" style=\"font-size:13px;\">Lula assina decreto para aliviar o custo da energi...<\/span>\n\t\t\t\t\t\t\t  \n\t\t\t\t\t\t\t  \n\t\t\t\t\t\t\t  <\/a>\n\n\t\t\t\t\t\t  <\/div>\n<\/div> <script>\n\t\t\t\t\t\t  jQuery(document).ready(function( $ ){\n\t\t\t\t\t\t\t\/\/jQuery('.yuzo_related_post').equalizer({ overflow : 'relatedthumb' });\n\t\t\t\t\t\t\tjQuery('.yuzo_related_post .yuzo_wraps').equalizer({ columns : '> div' });\n\t\t\t\t\t\t   })\n\t\t\t\t\t\t  <\/script> <!-- End Yuzo :) -->","protected":false},"excerpt":{"rendered":"<p>Educandos(as) da 1\u00aa turma de Enfermagem com \u00eanfase em sa\u00fade p\u00fablica do Pronera. Foto: Juliana Barbosa\/MST-PR\u00a0 Da P\u00e1gina do MST A m\u00edstica, os simbolismos, discursos engajados, hinos e as m\u00fasicas de luta marcaram o tom de celebra\u00e7\u00e3o da cerim\u00f4nia de cole\u00e7\u00e3o de grau da primeira turma de gradua\u00e7\u00e3o em Enfermagem, com \u00eanfase em sa\u00fade p\u00fablica [&hellip;]<\/p>\n","protected":false},"author":2,"featured_media":0,"comment_status":"open","ping_status":"closed","sticky":false,"template":"","format":"standard","meta":{"fifu_image_url":"","fifu_image_alt":"","footnotes":""},"categories":[5020,3107,70353,191,319,1374,70354],"tags":[],"class_list":["post-93043","post","type-post","status-publish","format-standard","hentry","category-colacao-de-grau","category-enfermagem","category-formatura","category-noticias","category-parana","category-pronera","category-unioeste"],"_links":{"self":[{"href":"https:\/\/redept.com.br\/blogosfera\/wp-json\/wp\/v2\/posts\/93043","targetHints":{"allow":["GET"]}}],"collection":[{"href":"https:\/\/redept.com.br\/blogosfera\/wp-json\/wp\/v2\/posts"}],"about":[{"href":"https:\/\/redept.com.br\/blogosfera\/wp-json\/wp\/v2\/types\/post"}],"author":[{"embeddable":true,"href":"https:\/\/redept.com.br\/blogosfera\/wp-json\/wp\/v2\/users\/2"}],"replies":[{"embeddable":true,"href":"https:\/\/redept.com.br\/blogosfera\/wp-json\/wp\/v2\/comments?post=93043"}],"version-history":[{"count":0,"href":"https:\/\/redept.com.br\/blogosfera\/wp-json\/wp\/v2\/posts\/93043\/revisions"}],"wp:attachment":[{"href":"https:\/\/redept.com.br\/blogosfera\/wp-json\/wp\/v2\/media?parent=93043"}],"wp:term":[{"taxonomy":"category","embeddable":true,"href":"https:\/\/redept.com.br\/blogosfera\/wp-json\/wp\/v2\/categories?post=93043"},{"taxonomy":"post_tag","embeddable":true,"href":"https:\/\/redept.com.br\/blogosfera\/wp-json\/wp\/v2\/tags?post=93043"}],"curies":[{"name":"wp","href":"https:\/\/api.w.org\/{rel}","templated":true}]}}