{"id":9361,"date":"2024-12-26T13:42:19","date_gmt":"2024-12-26T16:42:19","guid":{"rendered":"https:\/\/redept.org\/blogosfera\/prefeitura-de-natal-aumenta-a-passagem-do-transporte-para-490-em-meio-a-agressoes-a-populacao\/"},"modified":"2024-12-26T13:42:19","modified_gmt":"2024-12-26T16:42:19","slug":"prefeitura-de-natal-aumenta-a-passagem-do-transporte-para-490-em-meio-a-agressoes-a-populacao","status":"publish","type":"post","link":"https:\/\/redept.com.br\/blogosfera\/prefeitura-de-natal-aumenta-a-passagem-do-transporte-para-490-em-meio-a-agressoes-a-populacao\/","title":{"rendered":"Prefeitura de Natal aumenta a passagem do transporte para 4,90 em meio \u00e0 agress\u00f5es a popula\u00e7\u00e3o"},"content":{"rendered":"<p><strong>Os empres\u00e1rios do transporte da cidade de Natal convocam conselho para aprovar de forma arbitr\u00e1ria novo aumento da passagem. \u00c9 o terceiro aumento no intervalo um ano e meio.<\/strong><\/p>\n<p><strong>Alice Morais | Natal RN<\/strong><\/p>\n<hr>\n<p><strong>LUTA POPULAR<\/strong> \u2014 Na \u00faltima quarta-feira (26), empres\u00e1rios do sindicato patronal das empresas dos transportes urbanos de Natal (SETURN), em mais um conchavo com a Prefeitura da cidade de Natal, no Rio Grande do Norte, tentou aprovar mais um aumento na passagem do \u00f4nibus urbano. Vale ressaltar que o transporte j\u00e1 sofreu um aumento duas vezes em um curto intervalo de dois anos, e os empres\u00e1rios foram isentos de pagar o imposto do ICMS.<\/p>\n<p>O conselho municipal de transporte e mobilidade urbana, que \u00e9 composto quase que inteiramente apenas pelos empres\u00e1rios do SETURN, aprovou o aumento da passagem para 4,90. O novo valor entra em vigor ainda este ano, a partir do pr\u00f3ximo domingo (29).<\/p>\n<h4>Trucul\u00eancia da pol\u00edcia e viol\u00eancia contra o povo<\/h4>\n<p>A popula\u00e7\u00e3o, por\u00e9m, n\u00e3o aceitou calada a arbitrariedade neste aumento. Os movimentos sociais organizaram um ato na Secretaria Municipal de Tr\u00e2nsito e Transporte Urbano (STTU), para manifestar rep\u00fadio e impedir que a reuni\u00e3o procedesse sem representa\u00e7\u00e3o popular. Contudo, a guarda municipal recebeu de forma truculenta a popula\u00e7\u00e3o e os movimentos, que protestavam contra o aumento da passagem de forma pac\u00edfica. A pol\u00edcia utilizou cacetete e spray de pimenta para agredir as mulheres, estudantes e trabalhadores que estavam presentes.<\/p>\n<p>\u201cEles tacaram spray de pimenta na gente, e a\u00ed come\u00e7aram a sufocar as pessoas, pra for\u00e7ar a gente a sair de onde a gente estava concentrando, que era a recep\u00e7\u00e3o. Tacaram cacetetes de madeira na barriga de uma companheira. E a gente estava protestando pacificamente, exigindo que n\u00f3s tamb\u00e9m entr\u00e1ssemos l\u00e1 dentro pra que tivesse representa\u00e7\u00e3o popular nesse conselho. A pol\u00edcia \u00e9 fascista, e agride a popula\u00e7\u00e3o. Hoje foi uma demonstra\u00e7\u00e3o disso\u201d, relata Caju Bezerra, estudante de letras da UFRN e militante da Uni\u00e3o da Juventude Rebeli\u00e3o.<\/p>\n<h4>Lutar por um transporte digno<\/h4>\n<p>O aumento arbitr\u00e1rio da passagem mostra que os ricos, os donos do transporte, s\u00e3o quem controla a cidade, mesmo que quem utilize o transporte p\u00fablico seja o povo. A Unidade Popular vai organizar uma agenda de lutas na cidade de Natal pelo transporte p\u00fablico, gratuito e de qualidade, que sirva de fato ao prop\u00f3sito que ele deve cumprir, e convoca toda a popula\u00e7\u00e3o a se somar na luta por esse direito.<\/p>\n<!-- Begin Yuzo --><div class='yuzo_related_post style-1'  data-version='5.12.89'><!-- without result --><div class='yuzo_clearfixed yuzo__title yuzo__title'><h3>Related Post<\/h3><\/div>\n\t\t\t\t\t\t  <div class=\"relatedthumb \" style=\"width:125px;float:left;overflow:hidden;\">  \n\t\t\t\t\t\t\t  \n\t\t\t\t\t\t\t  <a  href=\"https:\/\/redept.com.br\/blogosfera\/cuba-e-china-ampliam-parceria-em-biotecnologia-com-novo-instituto-de-pesquisa\/\"  >\n\t\t\t\t\t\t\t\t\t  <div class=\"yuzo-img-wrap \" style=\"width: 125px;height:90px;\">\n\t\t\t\t\t\t\t\t\t\t\n\t\t\t\t\t\t\t\t\t\t<div class=\"yuzo-img\" style=\"background:url('https:\/\/redept.com.br\/blogosfera\/wp-content\/uploads\/2025\/09\/G0Nz-QUWwAAVj-0-150x150.jpeg') 50% 50% no-repeat;width: 125px;height:90px;margin-bottom: 5px;background-size: cover; \"><\/div>\n\t\t\t\t\t\t\t\t\t  <\/div>\n\t\t\t\t\t\t\t\t\t  \n\t\t\t\t\t\t\t\t   <span class=\"yuzo__text--title\" style=\"font-size:13px;\">Cuba e China ampliam parceria em biotecnologia com...<\/span>\n\t\t\t\t\t\t\t  \n\t\t\t\t\t\t\t  \n\t\t\t\t\t\t\t  <\/a>\n\n\t\t\t\t\t\t  <\/div>\n\t\t\t\t\t\t  <div class=\"relatedthumb \" style=\"width:125px;float:left;overflow:hidden;\">  \n\t\t\t\t\t\t\t  \n\t\t\t\t\t\t\t  <a  href=\"https:\/\/redept.com.br\/blogosfera\/texto-atual-do-plp-152-legaliza-a-precarizacao-diz-lideranca-de-motoristas-por-aplicativo\/\"  >\n\t\t\t\t\t\t\t\t\t  <div class=\"yuzo-img-wrap \" style=\"width: 125px;height:90px;\">\n\t\t\t\t\t\t\t\t\t\t\n\t\t\t\t\t\t\t\t\t\t<div class=\"yuzo-img\" style=\"background:url('https:\/\/redept.org\/blogosfera\/wp-content\/plugins\/yuzo-related-post\/assets\/images\/default.png') 50% 50% no-repeat;width: 125px;height:90px;margin-bottom: 5px;background-size: cover; \"><\/div>\n\t\t\t\t\t\t\t\t\t  <\/div>\n\t\t\t\t\t\t\t\t\t  \n\t\t\t\t\t\t\t\t   <span class=\"yuzo__text--title\" style=\"font-size:13px;\">\u2018Texto atual do PLP 152 legaliza a precariza\u00e7\u00e3o\u2019, ...<\/span>\n\t\t\t\t\t\t\t  \n\t\t\t\t\t\t\t  \n\t\t\t\t\t\t\t  <\/a>\n\n\t\t\t\t\t\t  <\/div>\n\t\t\t\t\t\t  <div class=\"relatedthumb \" style=\"width:125px;float:left;overflow:hidden;\">  \n\t\t\t\t\t\t\t  \n\t\t\t\t\t\t\t  <a  href=\"https:\/\/redept.com.br\/blogosfera\/braga-netto-nega-ter-mandado-sentar-o-pau-em-chefes-militares-para-pressiona-los-a-aderir-a-golpe\/\"  >\n\t\t\t\t\t\t\t\t\t  <div class=\"yuzo-img-wrap \" style=\"width: 125px;height:90px;\">\n\t\t\t\t\t\t\t\t\t\t\n\t\t\t\t\t\t\t\t\t\t<div class=\"yuzo-img\" style=\"background:url('https:\/\/redept.org\/blogosfera\/wp-content\/plugins\/yuzo-related-post\/assets\/images\/default.png') 50% 50% no-repeat;width: 125px;height:90px;margin-bottom: 5px;background-size: cover; \"><\/div>\n\t\t\t\t\t\t\t\t\t  <\/div>\n\t\t\t\t\t\t\t\t\t  \n\t\t\t\t\t\t\t\t   <span class=\"yuzo__text--title\" style=\"font-size:13px;\">Braga Netto nega ter mandado \u2018sentar o pau\u2019 em che...<\/span>\n\t\t\t\t\t\t\t  \n\t\t\t\t\t\t\t  \n\t\t\t\t\t\t\t  <\/a>\n\n\t\t\t\t\t\t  <\/div>\n\t\t\t\t\t\t  <div class=\"relatedthumb \" style=\"width:125px;float:left;overflow:hidden;\">  \n\t\t\t\t\t\t\t  \n\t\t\t\t\t\t\t  <a  href=\"https:\/\/redept.com.br\/blogosfera\/senador-rogerio-carvalho-e-o-deputado-icaro-de-valmir-articulam-a-destinacao-de-r-5-milhoes-para-criacao-dos-cursos-de-direito-e-psicologia-no-campus-da-ufs-em-itabaiana\/\"  >\n\t\t\t\t\t\t\t\t\t  <div class=\"yuzo-img-wrap \" style=\"width: 125px;height:90px;\">\n\t\t\t\t\t\t\t\t\t\t\n\t\t\t\t\t\t\t\t\t\t<div class=\"yuzo-img\" style=\"background:url('https:\/\/redept.org\/blogosfera\/wp-content\/plugins\/yuzo-related-post\/assets\/images\/default.png') 50% 50% no-repeat;width: 125px;height:90px;margin-bottom: 5px;background-size: cover; \"><\/div>\n\t\t\t\t\t\t\t\t\t  <\/div>\n\t\t\t\t\t\t\t\t\t  \n\t\t\t\t\t\t\t\t   <span class=\"yuzo__text--title\" style=\"font-size:13px;\">Senador Rog\u00e9rio Carvalho e o Deputado \u00cdcaro de Val...<\/span>\n\t\t\t\t\t\t\t  \n\t\t\t\t\t\t\t  \n\t\t\t\t\t\t\t  <\/a>\n\n\t\t\t\t\t\t  <\/div>\n<\/div> <script>\n\t\t\t\t\t\t  jQuery(document).ready(function( $ ){\n\t\t\t\t\t\t\t\/\/jQuery('.yuzo_related_post').equalizer({ overflow : 'relatedthumb' });\n\t\t\t\t\t\t\tjQuery('.yuzo_related_post .yuzo_wraps').equalizer({ columns : '> div' });\n\t\t\t\t\t\t   })\n\t\t\t\t\t\t  <\/script> <!-- End Yuzo :) -->","protected":false},"excerpt":{"rendered":"<p>Os empres\u00e1rios do transporte da cidade de Natal convocam conselho para aprovar de forma arbitr\u00e1ria novo aumento da passagem. \u00c9 o terceiro aumento no intervalo um ano e meio. Alice Morais | Natal RN LUTA POPULAR \u2014 Na \u00faltima quarta-feira (26), empres\u00e1rios do sindicato patronal das empresas dos transportes urbanos de Natal (SETURN), em mais [&hellip;]<\/p>\n","protected":false},"author":2,"featured_media":0,"comment_status":"open","ping_status":"closed","sticky":false,"template":"","format":"standard","meta":{"fifu_image_url":"","fifu_image_alt":"","footnotes":""},"categories":[2567,60,1556,340,2948,1827,1117,51],"tags":[],"class_list":["post-9361","post","type-post","status-publish","format-standard","hentry","category-estatizacao-dos-transportes","category-luta-popular","category-mafia-dos-transportes","category-natal","category-sttu","category-transporte","category-transporte-coletivo","category-ultimas-noticias"],"_links":{"self":[{"href":"https:\/\/redept.com.br\/blogosfera\/wp-json\/wp\/v2\/posts\/9361","targetHints":{"allow":["GET"]}}],"collection":[{"href":"https:\/\/redept.com.br\/blogosfera\/wp-json\/wp\/v2\/posts"}],"about":[{"href":"https:\/\/redept.com.br\/blogosfera\/wp-json\/wp\/v2\/types\/post"}],"author":[{"embeddable":true,"href":"https:\/\/redept.com.br\/blogosfera\/wp-json\/wp\/v2\/users\/2"}],"replies":[{"embeddable":true,"href":"https:\/\/redept.com.br\/blogosfera\/wp-json\/wp\/v2\/comments?post=9361"}],"version-history":[{"count":0,"href":"https:\/\/redept.com.br\/blogosfera\/wp-json\/wp\/v2\/posts\/9361\/revisions"}],"wp:attachment":[{"href":"https:\/\/redept.com.br\/blogosfera\/wp-json\/wp\/v2\/media?parent=9361"}],"wp:term":[{"taxonomy":"category","embeddable":true,"href":"https:\/\/redept.com.br\/blogosfera\/wp-json\/wp\/v2\/categories?post=9361"},{"taxonomy":"post_tag","embeddable":true,"href":"https:\/\/redept.com.br\/blogosfera\/wp-json\/wp\/v2\/tags?post=9361"}],"curies":[{"name":"wp","href":"https:\/\/api.w.org\/{rel}","templated":true}]}}