{"id":93733,"date":"2026-06-29T13:07:07","date_gmt":"2026-06-29T16:07:07","guid":{"rendered":"https:\/\/redept.com.br\/blogosfera\/boletim-focus-projecao-para-o-pib-sobe-e-segue-a-previsao-do-bc\/"},"modified":"2026-06-29T13:07:07","modified_gmt":"2026-06-29T16:07:07","slug":"boletim-focus-projecao-para-o-pib-sobe-e-segue-a-previsao-do-bc","status":"publish","type":"post","link":"https:\/\/redept.com.br\/blogosfera\/boletim-focus-projecao-para-o-pib-sobe-e-segue-a-previsao-do-bc\/","title":{"rendered":"Boletim Focus: proje\u00e7\u00e3o para o PIB sobe e segue a previs\u00e3o do BC"},"content":{"rendered":"<p><img loading=\"lazy\" width=\"1024\" height=\"576\"src=\"https:\/\/redept.com.br\/blogosfera\/wp-content\/uploads\/2026\/06\/01-5.jpg\" alt=\"\" decoding=\"async\" loading=\"lazy\" srcset=\"https:\/\/vermelho.org.br\/wp-content\/uploads\/2025\/12\/01-5-1024x576.jpg 1024w, https:\/\/vermelho.org.br\/wp-content\/uploads\/2025\/12\/01-5-300x169.jpg 300w, https:\/\/vermelho.org.br\/wp-content\/uploads\/2025\/12\/01-5-768x432.jpg 768w, https:\/\/redept.com.br\/blogosfera\/wp-content\/uploads\/2026\/06\/01-5.jpg 1366w\" sizes=\"auto, (max-width: 1024px) 100vw, 1024px\"><\/p>\n<p>O Banco Central (BC) elevou a estimativa de crescimento do Produto Interno Bruto (PIB) em 2026 de 1,6% para 2%, na \u00faltima semana. O mercado financeiro tem acompanhado essa perspectiva e no \u00faltimo Boletim Focus, divulgado nesta segunda-feira (29), aumentou a proje\u00e7\u00e3o do PIB deste ano para 1,99%.<\/p>\n<p>As duas avalia\u00e7\u00f5es t\u00eam se aproximado do que o Minist\u00e9rio da Fazenda estima. De acordo com a pasta, na edi\u00e7\u00e3o de maio do Boletim Macrofiscal, o crescimento econ\u00f4mico ficar\u00e1 em 2,3%.<\/p>\n<p>Na an\u00e1lise feita pelo BC, o aumento se deve a uma \u201csurpresa positiva\u201d com o resultado dos tr\u00eas primeiros meses do ano, impulsionado pela agropecu\u00e1ria e ind\u00fastria extrativa, bem como reflete maior dinamismo econ\u00f4mico associado a \u201cest\u00edmulos de natureza fiscal e credit\u00edcia\u201d. A justificativa consta no Relat\u00f3rio de Pol\u00edtica Monet\u00e1ria do segundo trimestre.<\/p>\n<p><strong>Leia mais:<\/strong> <a href=\"https:\/\/vermelho.org.br\/2026\/06\/25\/bc-eleva-pib-para-2-mas-juros-altos-asfixiam-o-brasil-produtivo\/\">BC eleva estimativa do PIB para 2%, mas juros altos asfixiam o Brasil produtivo<\/a><\/p>\n<p>J\u00e1 o Focus dessa semana, boletim feito pelo BC, mas com as vis\u00f5es dos analistas de mercado (n\u00e3o vinculados \u00e0 autarquia), mant\u00e9m o crescimento em compara\u00e7\u00e3o ao come\u00e7o do ano, que iniciou com uma estimativa para o PIB de 1,80%.\u00a0 H\u00e1 quatro semanas, a proje\u00e7\u00e3o estava em 1,90%. Na semana anterior chegou a 1,98% e agora alcan\u00e7a 1,99%.<\/p>\n<p>Confirmando este cen\u00e1rio, o Brasil deve encerrar o ano com crescimento econ\u00f4mico novamente na casa dos 2%, assim como em 2025. A not\u00edcia \u00e9 positiva, uma vez que os juros elevados t\u00eam restringido o cr\u00e9dito e o consumo no pa\u00eds nos \u00faltimos anos. \u00c9 preciso considerar que 2026 \u00e9 marcado pelas elei\u00e7\u00f5es, que acontecem em outubro. Isso significa que por um lado existe o elemento de pondera\u00e7\u00e3o de investidores e de desconfian\u00e7a dos analistas de mercado, mas por outro \u00e9 sabido que anos eleitorais contam com forte influ\u00eancia de investimentos p\u00fablicos. Portanto, \u00e9 preciso acompanhar para saber se alguma tend\u00eancia ter\u00e1 preponder\u00e2ncia sobre a outra, se os movimentos tendem a se equivaler, ou mesmo se alguma mudan\u00e7a nesse quadro pode ocorrer.<\/p>\n<p>Para 2027, a atual avalia\u00e7\u00e3o do boletim Focus projeta um PIB de 1,68% (antes estava em 1,70%); para 2028 a proje\u00e7\u00e3o em rela\u00e7\u00e3o \u00e0 semana anterior se manteve em 2%, a mesma para 2029.<\/p>\n<p><strong>IPCA<\/strong><\/p>\n<p>A estimativa para a infla\u00e7\u00e3o, medida pelo IPCA (\u00cdndice Nacional de Pre\u00e7os ao Consumidor Amplo), de acordo com o Focus, ficou mantida em 5,33% para este ano, o que a coloca acima da meta, estabelecida com limite m\u00e1ximo de 4,5% pelo Conselho Monet\u00e1rio Nacional (CMN).<\/p>\n<p>J\u00e1 para o pr\u00f3ximo ano subiu a 4,17% (era 4,15%). Para 2028 e 2029, a estimativa de infla\u00e7\u00e3o ficou igual \u00e0 semana anterior, em 3,70% e 3,50%, respectivamente.<\/p>\n<p><strong>Juros<\/strong><\/p>\n<p>Diante dos sinais de retomada da infla\u00e7\u00e3o, os analistas de mercado consultados pelo Focus preveem que a taxa de juros (Selic) n\u00e3o dever\u00e1 encerrar o ano com a tend\u00eancia de queda antes assinalada. H\u00e1 quatro semanas, eles estimavam que a Selic encerraria o ano em 13,25% ao ano. Agora, a proje\u00e7\u00e3o \u00e9 de que fique em 14%, o que j\u00e1 estava colocado no relat\u00f3rio anterior e foi mantido neste.<\/p>\n<p><strong>Leia mais:<\/strong> <a href=\"https:\/\/vermelho.org.br\/2026\/06\/17\/bc-corta-selic-para-1425-mas-industria-ataca-ritmo-insuficiente\/\">BC corta Selic para 14,25%, mas ind\u00fastria ataca ritmo \u2018insuficiente\u2019<\/a><\/p>\n<p>Dessa maneira, a taxa de juros oficial, que se encontra em 14,25% ao ano, dever\u00e1 ter somente mais um corte de 0,25% em 2026 na avalia\u00e7\u00e3o do mercado financeiro. Com mais quatro reuni\u00f5es ainda este ano, o Copom (Comit\u00ea de Pol\u00edtica Monet\u00e1ria) \u2014 respons\u00e1vel pela Selic \u2014 realizar\u00e1 mais uma redu\u00e7\u00e3o e manter\u00e1 os juros em patamar elevado em mais tr\u00eas reuni\u00f5es, acreditam os profissionais da \u201cFaria Lima\u201d (s\u00edmbolo do mercado de capitais do Brasil).<\/p>\n<p>Em rela\u00e7\u00e3o a 2027, ficou mantida em 12% a previs\u00e3o de juros. Para 2028, passou para 10,50% (era 10,25%); em 2029 permaneceu em 10%.<\/p>\n<p><strong>C\u00e2mbio<\/strong><\/p>\n<p>Quanto ao c\u00e2mbio, o d\u00f3lar tem perspectiva inalterada para 2026: R$ 5,20. Por\u00e9m, para 2027, o Focus aponta leve aumento para R$ 5,28 (estava em R$ 5,27) e chegaria a R$ 5,35 (estava em R$ 5,30) em 2028, conforme as expectativas. J\u00e1 para 2029, o valor segue em R$ 5,40, o mesmo da semana anterior, aponta o relat\u00f3rio.<\/p>\n<p>O post <a href=\"https:\/\/vermelho.org.br\/2026\/06\/29\/boletim-focus-projecao-para-o-pib-sobe-e-segue-a-previsao-do-bc\/\">Boletim Focus: proje\u00e7\u00e3o para o PIB sobe e segue a previs\u00e3o do BC<\/a> apareceu primeiro em <a href=\"https:\/\/vermelho.org.br\/\">Vermelho<\/a>.<\/p>\n<!-- Begin Yuzo --><div class='yuzo_related_post style-1'  data-version='5.12.89'><!-- without result --><div class='yuzo_clearfixed yuzo__title yuzo__title'><h3>Related Post<\/h3><\/div>\n\t\t\t\t\t\t  <div class=\"relatedthumb \" style=\"width:125px;float:left;overflow:hidden;\">  \n\t\t\t\t\t\t\t  \n\t\t\t\t\t\t\t  <a  href=\"https:\/\/redept.com.br\/blogosfera\/acordo-mercosul-ue-lula-celebra-o-multilateralismo-e-von-der-leyen-a-abertura\/\"  >\n\t\t\t\t\t\t\t\t\t  <div class=\"yuzo-img-wrap \" style=\"width: 125px;height:90px;\">\n\t\t\t\t\t\t\t\t\t\t\n\t\t\t\t\t\t\t\t\t\t<div class=\"yuzo-img\" style=\"background:url('https:\/\/redept.com.br\/blogosfera\/wp-content\/uploads\/2026\/01\/URSULA_LULA-2-e1768590267625-150x150.jpg') 50% 50% no-repeat;width: 125px;height:90px;margin-bottom: 5px;background-size: cover; \"><\/div>\n\t\t\t\t\t\t\t\t\t  <\/div>\n\t\t\t\t\t\t\t\t\t  \n\t\t\t\t\t\t\t\t   <span class=\"yuzo__text--title\" style=\"font-size:13px;\">Acordo Mercosul-UE: Lula celebra o multilateralism...<\/span>\n\t\t\t\t\t\t\t  \n\t\t\t\t\t\t\t  \n\t\t\t\t\t\t\t  <\/a>\n\n\t\t\t\t\t\t  <\/div>\n\t\t\t\t\t\t  <div class=\"relatedthumb \" style=\"width:125px;float:left;overflow:hidden;\">  \n\t\t\t\t\t\t\t  \n\t\t\t\t\t\t\t  <a  href=\"https:\/\/redept.com.br\/blogosfera\/ira-prepara-resposta-para-carta-enviada-por-trump-sobre-acordo-nuclear\/\"  >\n\t\t\t\t\t\t\t\t\t  <div class=\"yuzo-img-wrap \" style=\"width: 125px;height:90px;\">\n\t\t\t\t\t\t\t\t\t\t\n\t\t\t\t\t\t\t\t\t\t<div class=\"yuzo-img\" style=\"background:url('https:\/\/redept.com.br\/blogosfera\/wp-content\/uploads\/2025\/03\/ggoxsspw8aampm2-150x150.jpg') 50% 50% no-repeat;width: 125px;height:90px;margin-bottom: 5px;background-size: cover; \"><\/div>\n\t\t\t\t\t\t\t\t\t  <\/div>\n\t\t\t\t\t\t\t\t\t  \n\t\t\t\t\t\t\t\t   <span class=\"yuzo__text--title\" style=\"font-size:13px;\">Ir\u00e3 prepara resposta para carta enviada por Trump ...<\/span>\n\t\t\t\t\t\t\t  \n\t\t\t\t\t\t\t  \n\t\t\t\t\t\t\t  <\/a>\n\n\t\t\t\t\t\t  <\/div>\n\t\t\t\t\t\t  <div class=\"relatedthumb \" style=\"width:125px;float:left;overflow:hidden;\">  \n\t\t\t\t\t\t\t  \n\t\t\t\t\t\t\t  <a  href=\"https:\/\/redept.com.br\/blogosfera\/jamais-havera-interferencia-da-presidencia-no-bc-diz-lula-a-galipolo\/\"  >\n\t\t\t\t\t\t\t\t\t  <div class=\"yuzo-img-wrap \" style=\"width: 125px;height:90px;\">\n\t\t\t\t\t\t\t\t\t\t\n\t\t\t\t\t\t\t\t\t\t<div class=\"yuzo-img\" style=\"background:url('https:\/\/redept.com.br\/blogosfera\/wp-content\/uploads\/2024\/12\/25a54b4a-69e1-4d58-a942-5071795665b7-150x150.jpeg') 50% 50% no-repeat;width: 125px;height:90px;margin-bottom: 5px;background-size: cover; \"><\/div>\n\t\t\t\t\t\t\t\t\t  <\/div>\n\t\t\t\t\t\t\t\t\t  \n\t\t\t\t\t\t\t\t   <span class=\"yuzo__text--title\" style=\"font-size:13px;\">Jamais haver\u00e1 interfer\u00eancia da presid\u00eancia no BC, ...<\/span>\n\t\t\t\t\t\t\t  \n\t\t\t\t\t\t\t  \n\t\t\t\t\t\t\t  <\/a>\n\n\t\t\t\t\t\t  <\/div>\n\t\t\t\t\t\t  <div class=\"relatedthumb \" style=\"width:125px;float:left;overflow:hidden;\">  \n\t\t\t\t\t\t\t  \n\t\t\t\t\t\t\t  <a  href=\"https:\/\/redept.com.br\/blogosfera\/eleicoes-a-direita-sem-candidato-dos-sonhos\/\"  >\n\t\t\t\t\t\t\t\t\t  <div class=\"yuzo-img-wrap \" style=\"width: 125px;height:90px;\">\n\t\t\t\t\t\t\t\t\t\t\n\t\t\t\t\t\t\t\t\t\t<div class=\"yuzo-img\" style=\"background:url('https:\/\/redept.com.br\/blogosfera\/wp-content\/uploads\/2026\/01\/photo_5175004875639688007_y-150x150.jpg') 50% 50% no-repeat;width: 125px;height:90px;margin-bottom: 5px;background-size: cover; \"><\/div>\n\t\t\t\t\t\t\t\t\t  <\/div>\n\t\t\t\t\t\t\t\t\t  \n\t\t\t\t\t\t\t\t   <span class=\"yuzo__text--title\" style=\"font-size:13px;\">Elei\u00e7\u00f5es: A direita sem candidato dos sonhos<\/span>\n\t\t\t\t\t\t\t  \n\t\t\t\t\t\t\t  \n\t\t\t\t\t\t\t  <\/a>\n\n\t\t\t\t\t\t  <\/div>\n<\/div> <script>\n\t\t\t\t\t\t  jQuery(document).ready(function( $ ){\n\t\t\t\t\t\t\t\/\/jQuery('.yuzo_related_post').equalizer({ overflow : 'relatedthumb' });\n\t\t\t\t\t\t\tjQuery('.yuzo_related_post .yuzo_wraps').equalizer({ columns : '> div' });\n\t\t\t\t\t\t   })\n\t\t\t\t\t\t  <\/script> <!-- End Yuzo :) -->","protected":false},"excerpt":{"rendered":"<p>O Banco Central (BC) elevou a estimativa de crescimento do Produto Interno Bruto (PIB) em 2026 de 1,6% para 2%, na \u00faltima semana. O mercado financeiro tem acompanhado essa perspectiva e no \u00faltimo Boletim Focus, divulgado nesta segunda-feira (29), aumentou a proje\u00e7\u00e3o do PIB deste ano para 1,99%. As duas avalia\u00e7\u00f5es t\u00eam se aproximado do [&hellip;]<\/p>\n","protected":false},"author":2,"featured_media":0,"comment_status":"open","ping_status":"closed","sticky":false,"template":"","format":"standard","meta":{"fifu_image_url":"","fifu_image_alt":"","footnotes":""},"categories":[1234,577,221,122,1045,124,1927,590,578,602],"tags":[],"class_list":["post-93733","post","type-post","status-publish","format-standard","hentry","category-boletim-focus","category-crescimento-economico","category-economia","category-inflacao","category-ipca","category-juros","category-mercado","category-mercado-financeiro","category-pib","category-selic"],"_links":{"self":[{"href":"https:\/\/redept.com.br\/blogosfera\/wp-json\/wp\/v2\/posts\/93733","targetHints":{"allow":["GET"]}}],"collection":[{"href":"https:\/\/redept.com.br\/blogosfera\/wp-json\/wp\/v2\/posts"}],"about":[{"href":"https:\/\/redept.com.br\/blogosfera\/wp-json\/wp\/v2\/types\/post"}],"author":[{"embeddable":true,"href":"https:\/\/redept.com.br\/blogosfera\/wp-json\/wp\/v2\/users\/2"}],"replies":[{"embeddable":true,"href":"https:\/\/redept.com.br\/blogosfera\/wp-json\/wp\/v2\/comments?post=93733"}],"version-history":[{"count":0,"href":"https:\/\/redept.com.br\/blogosfera\/wp-json\/wp\/v2\/posts\/93733\/revisions"}],"wp:attachment":[{"href":"https:\/\/redept.com.br\/blogosfera\/wp-json\/wp\/v2\/media?parent=93733"}],"wp:term":[{"taxonomy":"category","embeddable":true,"href":"https:\/\/redept.com.br\/blogosfera\/wp-json\/wp\/v2\/categories?post=93733"},{"taxonomy":"post_tag","embeddable":true,"href":"https:\/\/redept.com.br\/blogosfera\/wp-json\/wp\/v2\/tags?post=93733"}],"curies":[{"name":"wp","href":"https:\/\/api.w.org\/{rel}","templated":true}]}}